{"id":21041,"date":"2025-02-14T16:58:40","date_gmt":"2025-02-14T15:58:40","guid":{"rendered":"https:\/\/blog.assiv.it\/?p=21041"},"modified":"2025-02-14T17:45:55","modified_gmt":"2025-02-14T16:45:55","slug":"chiarezza-e-confronto-la-replica-di-assiv-e-legacoop-produzione-e-servizi-sulla-gazzetta-di-modena","status":"publish","type":"post","link":"https:\/\/blog.assiv.it\/index.php\/2025\/02\/14\/chiarezza-e-confronto-la-replica-di-assiv-e-legacoop-produzione-e-servizi-sulla-gazzetta-di-modena\/","title":{"rendered":"Chiarezza e confronto: la replica di ASSIV e Legacoop Produzione e Servizi sulla Gazzetta di Modena"},"content":{"rendered":"\n<p>Nei giorni scorsi, la\u00a0<em>Gazzetta di Modena<\/em>\u00a0e la\u00a0<em>Gazzetta di Reggio<\/em>\u00a0hanno pubblicato un articolo che riportava \u00a0<strong>accuse anonime<\/strong>\u00a0da parte di una Guardia Particolare Giurata su\u00a0<strong>presunti comportamenti<\/strong>\u00a0scorretti da parte degli imprenditori della vigilanza privata nei confronti dei lavoratori.<\/p>\n\n\n\n<p>Per questo motivo, con la&nbsp;<a href=\"http:\/\/lps.coop\/\">Legacoop Produzione e Servizi<\/a>&nbsp;abbiamo ritenuto opportuno inviare una replica, che la&nbsp;<em>Gazzetta di Modena<\/em>&nbsp;ha pubblicato nell\u2019edizione del 14 febbraio 2025,&nbsp;<strong>per puntualizzare che<\/strong>&nbsp;le imprese associate presenti sul territorio in questione&nbsp;<strong>rispettano pienamente il Contratto Collettivo Nazionale e le norme sulla sicurezza e salute nei luoghi di lavoro. Nostro fine \u00e8 quello di tutelare la reputazione di quegli imprenditori che in un comparto cos\u00ec difficile e variegato operano con seriet\u00e0 e professionalit\u00e0<\/strong>.<\/p>\n\n\n\n<p>E\u2019 stata anche ribadita la necessit\u00e0 di un confronto aperto e costruttivo, fondato su dati oggettivi e una corretta rappresentazione delle nostre imprese all\u2019interno del sistema di sicurezza.<\/p>\n\n\n\n<p>Riteniamo che il ruolo della stampa sia fondamentale per un\u2019informazione chiara e imparziale. Ringraziamo il direttore Davide Berti per aver accolto il nostro contributo e aver dato spazio alla nostra replica, permettendo cos\u00ec ai lettori di avere una visione pi\u00f9 completa della questione.<\/p>\n\n\n\n<p>Continueremo a lavorare con trasparenza e impegno per valorizzare il settore e garantire un confronto leale e costruttivo su temi cos\u00ec cruciali per la sicurezza e il benessere della collettivit\u00e0.<\/p>\n\n\n\n<p>Scarica gli articoli:<\/p>\n\n\n\n<p>12 febbraio 2025:&nbsp;<a href=\"https:\/\/www.assiv.it\/wp-content\/uploads\/2025\/02\/20251202_GazzettadiReggioeGazzettadiModena.pdf\">\u201c<em>Lavoriamo in condizioni difficilissime e i datori di lavoro risparmiano sugli stipendi<\/em>\u201d<\/a><\/p>\n\n\n\n<p>14 febbraio 2025:&nbsp;<a href=\"https:\/\/www.assiv.it\/wp-content\/uploads\/2025\/02\/20250214_Replica-ASSIV-e-Legacoop.pdf\"><em>Assiv e Legacoop \u201cNessun comportamento scorretto<\/em>\u201c<\/a><\/p>\n","protected":false},"excerpt":{"rendered":"<p>Nei giorni scorsi, la\u00a0Gazzetta di Modena\u00a0e la\u00a0Gazzetta di Reggio\u00a0hanno pubblicato un articolo che riportava \u00a0accuse anonime\u00a0da parte di una Guardia Particolare Giurata su\u00a0presunti comportamenti\u00a0scorretti da parte degli imprenditori della vigilanza privata nei confronti dei lavoratori. Per questo motivo, con la&nbsp;Legacoop Produzione e Servizi&nbsp;abbiamo ritenuto opportuno inviare una replica, che la&nbsp;Gazzetta di Modena&nbsp;ha pubblicato nell\u2019edizione del<\/p>\n","protected":false},"author":2,"featured_media":21042,"comment_status":"closed","ping_status":"closed","sticky":false,"template":"","format":"standard","meta":{"footnotes":""},"categories":[716],"tags":[727,124,111,125],"class_list":{"0":"post-21041","1":"post","2":"type-post","3":"status-publish","4":"format-standard","5":"has-post-thumbnail","7":"category-dal-mondo-di-assiv","8":"tag-gazzettamodena","9":"tag-sicurezza","10":"tag-sicurezza-privata","11":"tag-vigilanza-privata"},"yoast_head":"<!-- This site is optimized with the Yoast SEO plugin v26.0 - https:\/\/yoast.com\/wordpress\/plugins\/seo\/ -->\n<title>Chiarezza e confronto: la replica di ASSIV e Legacoop Produzione e Servizi sulla Gazzetta di Modena<\/title>\n<meta name=\"description\" content=\"Chiarezza e confronto: la replica di ASSIV e Legacoop Produzione e Servizi sulla Gazzetta di Modena\" \/>\n<meta name=\"robots\" content=\"index, follow, max-snippet:-1, max-image-preview:large, max-video-preview:-1\" \/>\n<link rel=\"canonical\" href=\"https:\/\/blog.assiv.it\/index.php\/2025\/02\/14\/chiarezza-e-confronto-la-replica-di-assiv-e-legacoop-produzione-e-servizi-sulla-gazzetta-di-modena\/\" \/>\n<meta property=\"og:locale\" content=\"it_IT\" \/>\n<meta property=\"og:type\" content=\"article\" \/>\n<meta property=\"og:title\" content=\"Chiarezza e confronto: la replica di ASSIV e Legacoop Produzione e Servizi sulla Gazzetta di Modena\" \/>\n<meta property=\"og:description\" content=\"Chiarezza e confronto: la replica di ASSIV e Legacoop Produzione e Servizi sulla Gazzetta di Modena\" \/>\n<meta property=\"og:url\" content=\"https:\/\/blog.assiv.it\/index.php\/2025\/02\/14\/chiarezza-e-confronto-la-replica-di-assiv-e-legacoop-produzione-e-servizi-sulla-gazzetta-di-modena\/\" \/>\n<meta property=\"og:site_name\" content=\"Blog.Assiv\" \/>\n<meta property=\"article:publisher\" content=\"https:\/\/www.facebook.com\/associazionevigilanza\/\" \/>\n<meta property=\"article:published_time\" content=\"2025-02-14T15:58:40+00:00\" \/>\n<meta property=\"article:modified_time\" content=\"2025-02-14T16:45:55+00:00\" \/>\n<meta property=\"og:image\" content=\"https:\/\/blog.assiv.it\/wp-content\/uploads\/2025\/02\/penna-con-giornale.jpg\" \/>\n\t<meta property=\"og:image:width\" content=\"1680\" \/>\n\t<meta property=\"og:image:height\" content=\"1050\" \/>\n\t<meta property=\"og:image:type\" content=\"image\/jpeg\" \/>\n<meta name=\"author\" content=\"Alina Corradini\" \/>\n<meta name=\"twitter:card\" content=\"summary_large_image\" \/>\n<meta name=\"twitter:label1\" content=\"Scritto da\" \/>\n\t<meta name=\"twitter:data1\" content=\"Alina Corradini\" \/>\n\t<meta name=\"twitter:label2\" content=\"Tempo di lettura stimato\" \/>\n\t<meta name=\"twitter:data2\" content=\"2 minuti\" \/>\n<script type=\"application\/ld+json\" class=\"yoast-schema-graph\">{\"@context\":\"https:\/\/schema.org\",\"@graph\":[{\"@type\":\"Article\",\"@id\":\"https:\/\/blog.assiv.it\/index.php\/2025\/02\/14\/chiarezza-e-confronto-la-replica-di-assiv-e-legacoop-produzione-e-servizi-sulla-gazzetta-di-modena\/#article\",\"isPartOf\":{\"@id\":\"https:\/\/blog.assiv.it\/index.php\/2025\/02\/14\/chiarezza-e-confronto-la-replica-di-assiv-e-legacoop-produzione-e-servizi-sulla-gazzetta-di-modena\/\"},\"author\":{\"name\":\"Alina Corradini\",\"@id\":\"https:\/\/blog.assiv.it\/#\/schema\/person\/e67e6bfe974265213521b17bcb72f56c\"},\"headline\":\"Chiarezza e confronto: la replica di ASSIV e Legacoop Produzione e Servizi sulla Gazzetta di Modena\",\"datePublished\":\"2025-02-14T15:58:40+00:00\",\"dateModified\":\"2025-02-14T16:45:55+00:00\",\"mainEntityOfPage\":{\"@id\":\"https:\/\/blog.assiv.it\/index.php\/2025\/02\/14\/chiarezza-e-confronto-la-replica-di-assiv-e-legacoop-produzione-e-servizi-sulla-gazzetta-di-modena\/\"},\"wordCount\":270,\"publisher\":{\"@id\":\"https:\/\/blog.assiv.it\/#organization\"},\"image\":{\"@id\":\"https:\/\/blog.assiv.it\/index.php\/2025\/02\/14\/chiarezza-e-confronto-la-replica-di-assiv-e-legacoop-produzione-e-servizi-sulla-gazzetta-di-modena\/#primaryimage\"},\"thumbnailUrl\":\"https:\/\/blog.assiv.it\/wp-content\/uploads\/2025\/02\/penna-con-giornale.jpg\",\"keywords\":[\"gazzettamodena\",\"sicurezza\",\"Sicurezza privata\",\"vigilanza privata\"],\"articleSection\":[\"Dal Mondo di ASSIV\"],\"inLanguage\":\"it-IT\"},{\"@type\":\"WebPage\",\"@id\":\"https:\/\/blog.assiv.it\/index.php\/2025\/02\/14\/chiarezza-e-confronto-la-replica-di-assiv-e-legacoop-produzione-e-servizi-sulla-gazzetta-di-modena\/\",\"url\":\"https:\/\/blog.assiv.it\/index.php\/2025\/02\/14\/chiarezza-e-confronto-la-replica-di-assiv-e-legacoop-produzione-e-servizi-sulla-gazzetta-di-modena\/\",\"name\":\"Chiarezza e confronto: la replica di ASSIV e Legacoop Produzione e Servizi sulla Gazzetta di Modena\",\"isPartOf\":{\"@id\":\"https:\/\/blog.assiv.it\/#website\"},\"primaryImageOfPage\":{\"@id\":\"https:\/\/blog.assiv.it\/index.php\/2025\/02\/14\/chiarezza-e-confronto-la-replica-di-assiv-e-legacoop-produzione-e-servizi-sulla-gazzetta-di-modena\/#primaryimage\"},\"image\":{\"@id\":\"https:\/\/blog.assiv.it\/index.php\/2025\/02\/14\/chiarezza-e-confronto-la-replica-di-assiv-e-legacoop-produzione-e-servizi-sulla-gazzetta-di-modena\/#primaryimage\"},\"thumbnailUrl\":\"https:\/\/blog.assiv.it\/wp-content\/uploads\/2025\/02\/penna-con-giornale.jpg\",\"datePublished\":\"2025-02-14T15:58:40+00:00\",\"dateModified\":\"2025-02-14T16:45:55+00:00\",\"description\":\"Chiarezza e confronto: la replica di ASSIV e Legacoop Produzione e Servizi sulla Gazzetta di Modena\",\"breadcrumb\":{\"@id\":\"https:\/\/blog.assiv.it\/index.php\/2025\/02\/14\/chiarezza-e-confronto-la-replica-di-assiv-e-legacoop-produzione-e-servizi-sulla-gazzetta-di-modena\/#breadcrumb\"},\"inLanguage\":\"it-IT\",\"potentialAction\":[{\"@type\":\"ReadAction\",\"target\":[\"https:\/\/blog.assiv.it\/index.php\/2025\/02\/14\/chiarezza-e-confronto-la-replica-di-assiv-e-legacoop-produzione-e-servizi-sulla-gazzetta-di-modena\/\"]}]},{\"@type\":\"ImageObject\",\"inLanguage\":\"it-IT\",\"@id\":\"https:\/\/blog.assiv.it\/index.php\/2025\/02\/14\/chiarezza-e-confronto-la-replica-di-assiv-e-legacoop-produzione-e-servizi-sulla-gazzetta-di-modena\/#primaryimage\",\"url\":\"https:\/\/blog.assiv.it\/wp-content\/uploads\/2025\/02\/penna-con-giornale.jpg\",\"contentUrl\":\"https:\/\/blog.assiv.it\/wp-content\/uploads\/2025\/02\/penna-con-giornale.jpg\",\"width\":1680,\"height\":1050},{\"@type\":\"BreadcrumbList\",\"@id\":\"https:\/\/blog.assiv.it\/index.php\/2025\/02\/14\/chiarezza-e-confronto-la-replica-di-assiv-e-legacoop-produzione-e-servizi-sulla-gazzetta-di-modena\/#breadcrumb\",\"itemListElement\":[{\"@type\":\"ListItem\",\"position\":1,\"name\":\"Home\",\"item\":\"https:\/\/blog.assiv.it\/\"},{\"@type\":\"ListItem\",\"position\":2,\"name\":\"Chiarezza e confronto: la replica di ASSIV e Legacoop Produzione e Servizi sulla Gazzetta di Modena\"}]},{\"@type\":\"WebSite\",\"@id\":\"https:\/\/blog.assiv.it\/#website\",\"url\":\"https:\/\/blog.assiv.it\/\",\"name\":\"Blog.Assiv\",\"description\":\"Associazione Italiana Vigilanza e Servizi di Sicurezza\",\"publisher\":{\"@id\":\"https:\/\/blog.assiv.it\/#organization\"},\"potentialAction\":[{\"@type\":\"SearchAction\",\"target\":{\"@type\":\"EntryPoint\",\"urlTemplate\":\"https:\/\/blog.assiv.it\/?s={search_term_string}\"},\"query-input\":{\"@type\":\"PropertyValueSpecification\",\"valueRequired\":true,\"valueName\":\"search_term_string\"}}],\"inLanguage\":\"it-IT\"},{\"@type\":\"Organization\",\"@id\":\"https:\/\/blog.assiv.it\/#organization\",\"name\":\"Blog.Assiv\",\"url\":\"https:\/\/blog.assiv.it\/\",\"logo\":{\"@type\":\"ImageObject\",\"inLanguage\":\"it-IT\",\"@id\":\"https:\/\/blog.assiv.it\/#\/schema\/logo\/image\/\",\"url\":\"https:\/\/blog.assiv.it\/wp-content\/uploads\/2024\/08\/blog_assiv_logg_color.png\",\"contentUrl\":\"https:\/\/blog.assiv.it\/wp-content\/uploads\/2024\/08\/blog_assiv_logg_color.png\",\"width\":400,\"height\":102,\"caption\":\"Blog.Assiv\"},\"image\":{\"@id\":\"https:\/\/blog.assiv.it\/#\/schema\/logo\/image\/\"},\"sameAs\":[\"https:\/\/www.facebook.com\/associazionevigilanza\/\",\"https:\/\/www.linkedin.com\/in\/ass-i-v-vigilanza-e-servizi-fiduciari-6923b6169\/\"]},{\"@type\":\"Person\",\"@id\":\"https:\/\/blog.assiv.it\/#\/schema\/person\/e67e6bfe974265213521b17bcb72f56c\",\"name\":\"Alina Corradini\",\"image\":{\"@type\":\"ImageObject\",\"inLanguage\":\"it-IT\",\"@id\":\"https:\/\/blog.assiv.it\/#\/schema\/person\/image\/\",\"url\":\"https:\/\/secure.gravatar.com\/avatar\/4132aee8f9bd4bdecdebca6030c86e8da29e7fce98ad2ff7f1dcb17155c4ea90?s=96&d=mm&r=g\",\"contentUrl\":\"https:\/\/secure.gravatar.com\/avatar\/4132aee8f9bd4bdecdebca6030c86e8da29e7fce98ad2ff7f1dcb17155c4ea90?s=96&d=mm&r=g\",\"caption\":\"Alina Corradini\"},\"url\":\"https:\/\/blog.assiv.it\/index.php\/author\/alina-corradini\/\"}]}<\/script>\n<!-- \/ Yoast SEO plugin. -->","yoast_head_json":{"title":"Chiarezza e confronto: la replica di ASSIV e Legacoop Produzione e Servizi sulla Gazzetta di Modena","description":"Chiarezza e confronto: la replica di ASSIV e Legacoop Produzione e Servizi sulla Gazzetta di Modena","robots":{"index":"index","follow":"follow","max-snippet":"max-snippet:-1","max-image-preview":"max-image-preview:large","max-video-preview":"max-video-preview:-1"},"canonical":"https:\/\/blog.assiv.it\/index.php\/2025\/02\/14\/chiarezza-e-confronto-la-replica-di-assiv-e-legacoop-produzione-e-servizi-sulla-gazzetta-di-modena\/","og_locale":"it_IT","og_type":"article","og_title":"Chiarezza e confronto: la replica di ASSIV e Legacoop Produzione e Servizi sulla Gazzetta di Modena","og_description":"Chiarezza e confronto: la replica di ASSIV e Legacoop Produzione e Servizi sulla Gazzetta di Modena","og_url":"https:\/\/blog.assiv.it\/index.php\/2025\/02\/14\/chiarezza-e-confronto-la-replica-di-assiv-e-legacoop-produzione-e-servizi-sulla-gazzetta-di-modena\/","og_site_name":"Blog.Assiv","article_publisher":"https:\/\/www.facebook.com\/associazionevigilanza\/","article_published_time":"2025-02-14T15:58:40+00:00","article_modified_time":"2025-02-14T16:45:55+00:00","og_image":[{"width":1680,"height":1050,"url":"https:\/\/blog.assiv.it\/wp-content\/uploads\/2025\/02\/penna-con-giornale.jpg","type":"image\/jpeg"}],"author":"Alina Corradini","twitter_card":"summary_large_image","twitter_misc":{"Scritto da":"Alina Corradini","Tempo di lettura stimato":"2 minuti"},"schema":{"@context":"https:\/\/schema.org","@graph":[{"@type":"Article","@id":"https:\/\/blog.assiv.it\/index.php\/2025\/02\/14\/chiarezza-e-confronto-la-replica-di-assiv-e-legacoop-produzione-e-servizi-sulla-gazzetta-di-modena\/#article","isPartOf":{"@id":"https:\/\/blog.assiv.it\/index.php\/2025\/02\/14\/chiarezza-e-confronto-la-replica-di-assiv-e-legacoop-produzione-e-servizi-sulla-gazzetta-di-modena\/"},"author":{"name":"Alina Corradini","@id":"https:\/\/blog.assiv.it\/#\/schema\/person\/e67e6bfe974265213521b17bcb72f56c"},"headline":"Chiarezza e confronto: la replica di ASSIV e Legacoop Produzione e Servizi sulla Gazzetta di Modena","datePublished":"2025-02-14T15:58:40+00:00","dateModified":"2025-02-14T16:45:55+00:00","mainEntityOfPage":{"@id":"https:\/\/blog.assiv.it\/index.php\/2025\/02\/14\/chiarezza-e-confronto-la-replica-di-assiv-e-legacoop-produzione-e-servizi-sulla-gazzetta-di-modena\/"},"wordCount":270,"publisher":{"@id":"https:\/\/blog.assiv.it\/#organization"},"image":{"@id":"https:\/\/blog.assiv.it\/index.php\/2025\/02\/14\/chiarezza-e-confronto-la-replica-di-assiv-e-legacoop-produzione-e-servizi-sulla-gazzetta-di-modena\/#primaryimage"},"thumbnailUrl":"https:\/\/blog.assiv.it\/wp-content\/uploads\/2025\/02\/penna-con-giornale.jpg","keywords":["gazzettamodena","sicurezza","Sicurezza privata","vigilanza privata"],"articleSection":["Dal Mondo di ASSIV"],"inLanguage":"it-IT"},{"@type":"WebPage","@id":"https:\/\/blog.assiv.it\/index.php\/2025\/02\/14\/chiarezza-e-confronto-la-replica-di-assiv-e-legacoop-produzione-e-servizi-sulla-gazzetta-di-modena\/","url":"https:\/\/blog.assiv.it\/index.php\/2025\/02\/14\/chiarezza-e-confronto-la-replica-di-assiv-e-legacoop-produzione-e-servizi-sulla-gazzetta-di-modena\/","name":"Chiarezza e confronto: la replica di ASSIV e Legacoop Produzione e Servizi sulla Gazzetta di Modena","isPartOf":{"@id":"https:\/\/blog.assiv.it\/#website"},"primaryImageOfPage":{"@id":"https:\/\/blog.assiv.it\/index.php\/2025\/02\/14\/chiarezza-e-confronto-la-replica-di-assiv-e-legacoop-produzione-e-servizi-sulla-gazzetta-di-modena\/#primaryimage"},"image":{"@id":"https:\/\/blog.assiv.it\/index.php\/2025\/02\/14\/chiarezza-e-confronto-la-replica-di-assiv-e-legacoop-produzione-e-servizi-sulla-gazzetta-di-modena\/#primaryimage"},"thumbnailUrl":"https:\/\/blog.assiv.it\/wp-content\/uploads\/2025\/02\/penna-con-giornale.jpg","datePublished":"2025-02-14T15:58:40+00:00","dateModified":"2025-02-14T16:45:55+00:00","description":"Chiarezza e confronto: la replica di ASSIV e Legacoop Produzione e Servizi sulla Gazzetta di Modena","breadcrumb":{"@id":"https:\/\/blog.assiv.it\/index.php\/2025\/02\/14\/chiarezza-e-confronto-la-replica-di-assiv-e-legacoop-produzione-e-servizi-sulla-gazzetta-di-modena\/#breadcrumb"},"inLanguage":"it-IT","potentialAction":[{"@type":"ReadAction","target":["https:\/\/blog.assiv.it\/index.php\/2025\/02\/14\/chiarezza-e-confronto-la-replica-di-assiv-e-legacoop-produzione-e-servizi-sulla-gazzetta-di-modena\/"]}]},{"@type":"ImageObject","inLanguage":"it-IT","@id":"https:\/\/blog.assiv.it\/index.php\/2025\/02\/14\/chiarezza-e-confronto-la-replica-di-assiv-e-legacoop-produzione-e-servizi-sulla-gazzetta-di-modena\/#primaryimage","url":"https:\/\/blog.assiv.it\/wp-content\/uploads\/2025\/02\/penna-con-giornale.jpg","contentUrl":"https:\/\/blog.assiv.it\/wp-content\/uploads\/2025\/02\/penna-con-giornale.jpg","width":1680,"height":1050},{"@type":"BreadcrumbList","@id":"https:\/\/blog.assiv.it\/index.php\/2025\/02\/14\/chiarezza-e-confronto-la-replica-di-assiv-e-legacoop-produzione-e-servizi-sulla-gazzetta-di-modena\/#breadcrumb","itemListElement":[{"@type":"ListItem","position":1,"name":"Home","item":"https:\/\/blog.assiv.it\/"},{"@type":"ListItem","position":2,"name":"Chiarezza e confronto: la replica di ASSIV e Legacoop Produzione e Servizi sulla Gazzetta di Modena"}]},{"@type":"WebSite","@id":"https:\/\/blog.assiv.it\/#website","url":"https:\/\/blog.assiv.it\/","name":"Blog.Assiv","description":"Associazione Italiana Vigilanza e Servizi di Sicurezza","publisher":{"@id":"https:\/\/blog.assiv.it\/#organization"},"potentialAction":[{"@type":"SearchAction","target":{"@type":"EntryPoint","urlTemplate":"https:\/\/blog.assiv.it\/?s={search_term_string}"},"query-input":{"@type":"PropertyValueSpecification","valueRequired":true,"valueName":"search_term_string"}}],"inLanguage":"it-IT"},{"@type":"Organization","@id":"https:\/\/blog.assiv.it\/#organization","name":"Blog.Assiv","url":"https:\/\/blog.assiv.it\/","logo":{"@type":"ImageObject","inLanguage":"it-IT","@id":"https:\/\/blog.assiv.it\/#\/schema\/logo\/image\/","url":"https:\/\/blog.assiv.it\/wp-content\/uploads\/2024\/08\/blog_assiv_logg_color.png","contentUrl":"https:\/\/blog.assiv.it\/wp-content\/uploads\/2024\/08\/blog_assiv_logg_color.png","width":400,"height":102,"caption":"Blog.Assiv"},"image":{"@id":"https:\/\/blog.assiv.it\/#\/schema\/logo\/image\/"},"sameAs":["https:\/\/www.facebook.com\/associazionevigilanza\/","https:\/\/www.linkedin.com\/in\/ass-i-v-vigilanza-e-servizi-fiduciari-6923b6169\/"]},{"@type":"Person","@id":"https:\/\/blog.assiv.it\/#\/schema\/person\/e67e6bfe974265213521b17bcb72f56c","name":"Alina Corradini","image":{"@type":"ImageObject","inLanguage":"it-IT","@id":"https:\/\/blog.assiv.it\/#\/schema\/person\/image\/","url":"https:\/\/secure.gravatar.com\/avatar\/4132aee8f9bd4bdecdebca6030c86e8da29e7fce98ad2ff7f1dcb17155c4ea90?s=96&d=mm&r=g","contentUrl":"https:\/\/secure.gravatar.com\/avatar\/4132aee8f9bd4bdecdebca6030c86e8da29e7fce98ad2ff7f1dcb17155c4ea90?s=96&d=mm&r=g","caption":"Alina Corradini"},"url":"https:\/\/blog.assiv.it\/index.php\/author\/alina-corradini\/"}]}},"amp_enabled":true,"_links":{"self":[{"href":"https:\/\/blog.assiv.it\/index.php\/wp-json\/wp\/v2\/posts\/21041","targetHints":{"allow":["GET"]}}],"collection":[{"href":"https:\/\/blog.assiv.it\/index.php\/wp-json\/wp\/v2\/posts"}],"about":[{"href":"https:\/\/blog.assiv.it\/index.php\/wp-json\/wp\/v2\/types\/post"}],"author":[{"embeddable":true,"href":"https:\/\/blog.assiv.it\/index.php\/wp-json\/wp\/v2\/users\/2"}],"replies":[{"embeddable":true,"href":"https:\/\/blog.assiv.it\/index.php\/wp-json\/wp\/v2\/comments?post=21041"}],"version-history":[{"count":2,"href":"https:\/\/blog.assiv.it\/index.php\/wp-json\/wp\/v2\/posts\/21041\/revisions"}],"predecessor-version":[{"id":21046,"href":"https:\/\/blog.assiv.it\/index.php\/wp-json\/wp\/v2\/posts\/21041\/revisions\/21046"}],"wp:featuredmedia":[{"embeddable":true,"href":"https:\/\/blog.assiv.it\/index.php\/wp-json\/wp\/v2\/media\/21042"}],"wp:attachment":[{"href":"https:\/\/blog.assiv.it\/index.php\/wp-json\/wp\/v2\/media?parent=21041"}],"wp:term":[{"taxonomy":"category","embeddable":true,"href":"https:\/\/blog.assiv.it\/index.php\/wp-json\/wp\/v2\/categories?post=21041"},{"taxonomy":"post_tag","embeddable":true,"href":"https:\/\/blog.assiv.it\/index.php\/wp-json\/wp\/v2\/tags?post=21041"}],"curies":[{"name":"wp","href":"https:\/\/api.w.org\/{rel}","templated":true}]}}