{"id":21082,"date":"2025-02-28T14:31:45","date_gmt":"2025-02-28T13:31:45","guid":{"rendered":"https:\/\/blog.assiv.it\/?p=21082"},"modified":"2025-02-28T14:38:19","modified_gmt":"2025-02-28T13:38:19","slug":"un-traguardo-da-celebrare-il-75-anniversario-di-la-patria-nella-prestigiosa-accademia-militare-di-modena","status":"publish","type":"post","link":"https:\/\/blog.assiv.it\/index.php\/2025\/02\/28\/un-traguardo-da-celebrare-il-75-anniversario-di-la-patria-nella-prestigiosa-accademia-militare-di-modena\/","title":{"rendered":"Un traguardo da celebrare: il 75\u00b0 anniversario di La Patria nella prestigiosa Accademia Militare di Modena"},"content":{"rendered":"\n<p>Gioved\u00ec 20 febbraio 2025, nella prestigiosa cornice dell\u2019<strong>Accademia Militare di Modena<\/strong>, si \u00e8 svolto il Meeting Aziendale di La Patria, un appuntamento che quest\u2019anno ha assunto un valore particolarmente simbolico: la <strong>celebrazione del 75\u00b0 anniversario<\/strong>. Un traguardo importante, festeggiato in un luogo che rappresenta passione, dedizione e senso del dovere, principi che da sempre guidano l\u2019operato dell\u2019Istituto di Vigilanza.<\/p>\n\n\n\n<p>L\u2019evento \u00e8 stato un\u2019occasione per ripercorrere la storia dell\u2019istituto di vigilanza, un cammino fatto di impegno, crescita e trasformazioni, senza mai perdere di vista la missione di <strong>garantire sicurezza e affidabilit\u00e0<\/strong>. Tra interventi istituzionali e momenti di condivisione, si \u00e8 discusso dell\u2019evoluzione dell\u2019azienda, delle sfide affrontate e dei traguardi raggiunti, con uno sguardo rivolto al futuro e alle innovazioni che segneranno il prossimo capitolo della sua storia.<\/p>\n\n\n\n<h2 class=\"wp-block-heading\"><strong> La Patria: un viaggio tra storia e innovazione<\/strong><\/h2>\n\n\n\n<p>L\u2019evento ha avuto inizio con il saluto del Comandante dell\u2019Accademia, il Generale di divisione dott. Davide Scalabrin, che ha dato il benvenuto ai partecipanti sottolineando l\u2019importanza della sicurezza e della formazione continua, temi che accomunano la storica istituzione militare e La Patria. A seguire, l\u2019Amministratore Delegato <strong>Andrea Monti<\/strong> ha aperto la convention con un intervento che ha ripercorso la storia dell\u2019azienda, evidenziando le sfide superate e i successi raggiunti in questi 75 anni di attivit\u00e0. Un percorso fatto di passione, impegno e costante innovazione, segnato dalla visione lungimirante di <strong>Roberto Colli<\/strong>, fondatore di La Patria, che \u00e8 intervenuto durante l\u2019incontro. Un cammino che ha permesso di raggiungere traguardi significativi e consolidare il ruolo dell\u2019azienda nel settore.<\/p>\n\n\n\n<h2 class=\"wp-block-heading\"><strong> Un percorso di crescita e innovazione che guarda al futuro<\/strong><\/h2>\n\n\n\n<figure class=\"wp-block-image size-full\"><img fetchpriority=\"high\" decoding=\"async\" width=\"752\" height=\"501\" src=\"https:\/\/blog.assiv.it\/wp-content\/uploads\/2025\/02\/image.jpeg\" alt=\"\" class=\"wp-image-21083\" srcset=\"https:\/\/blog.assiv.it\/wp-content\/uploads\/2025\/02\/image.jpeg 752w, https:\/\/blog.assiv.it\/wp-content\/uploads\/2025\/02\/image-300x200.jpeg 300w, https:\/\/blog.assiv.it\/wp-content\/uploads\/2025\/02\/image-150x100.jpeg 150w, https:\/\/blog.assiv.it\/wp-content\/uploads\/2025\/02\/image-450x300.jpeg 450w\" sizes=\"(max-width: 752px) 100vw, 752px\" \/><\/figure>\n\n\n\n<p>Uno dei momenti pi\u00f9 significativi della serata \u00e8 stata l\u2019analisi dell\u2019evoluzione di La Patria negli ultimi cinque anni, un periodo di crescita costante, consolidamento e nuove opportunit\u00e0. <strong>Andrea Monti<\/strong> e <strong>Giacomo Ferrigno<\/strong> (Direttore Finanziario) hanno illustrato i traguardi raggiunti, soffermandosi sui risultati ottenuti in <strong>Emilia-Romagna<\/strong> e <strong>Lombardia<\/strong>, dove l\u2019azienda ha rafforzato la propria presenza grazie a strategie di acquisizione mirate e a un continuo miglioramento dei servizi. Un percorso di sviluppo che non si ferma, ma che guarda al futuro con determinazione, puntando sull\u2019innovazione e sull\u2019eccellenza.<\/p>\n\n\n\n<p>In questa prospettiva, gli interventi di <strong>Antonio Jr. Caruso<\/strong> (Direttore Commerciale Retail), <strong>Alex Marti<\/strong> (Direttore Ufficio Gare) e <strong>Roberto Dursi<\/strong> (Direttore Marketing) hanno assunto particolare rilievo, delineando i prossimi passi dell\u2019Istituto di Vigilanza La Patria e le strategie che guideranno la sua evoluzione nei prossimi anni.<\/p>\n\n\n\n<h3 class=\"wp-block-heading\"><strong> Tecnologia e sicurezza: le sfide del futuro<\/strong><\/h3>\n\n\n\n<p>Lo sguardo si \u00e8 quindi rivolto al domani, con approfondimenti di <strong>Mirco Terenziani<\/strong> (Direttore area Tecnica), <strong>Dario Augelli<\/strong> (Direttore Business Unit Corporate) ed <strong>Erik Mazzi<\/strong> (Direttore Ufficio IT) sulle strategie per mantenere La Patria un punto di riferimento nel settore. Al centro degli obiettivi futuri vi \u00e8 l\u2019implementazione di tecnologie avanzate e lo sviluppo di nuovi servizi.<\/p>\n\n\n\n<p>L\u2019<strong>innovazione tecnologica<\/strong> sar\u00e0 il motore di questa trasformazione, permettendo di offrire soluzioni sempre pi\u00f9 efficaci e su misura per le esigenze dei clienti. La sicurezza non \u00e8 pi\u00f9 solo una questione di presenza fisica, ma si evolve grazie all\u2019integrazione di strumenti digitali e intelligenza artificiale. Un percorso ambizioso che punta a coniugare tradizione e innovazione, mantenendo saldi i valori di affidabilit\u00e0 e professionalit\u00e0 che da sempre contraddistinguono La Patria.<\/p>\n\n\n\n<h2 class=\"wp-block-heading\"><strong> Premiazioni: un tributo all\u2019impegno e alla dedizione<\/strong><\/h2>\n\n\n\n<figure class=\"wp-block-image size-full\"><img decoding=\"async\" width=\"727\" height=\"498\" src=\"https:\/\/blog.assiv.it\/wp-content\/uploads\/2025\/02\/image-2.jpeg\" alt=\"\" class=\"wp-image-21086\" srcset=\"https:\/\/blog.assiv.it\/wp-content\/uploads\/2025\/02\/image-2.jpeg 727w, https:\/\/blog.assiv.it\/wp-content\/uploads\/2025\/02\/image-2-300x206.jpeg 300w, https:\/\/blog.assiv.it\/wp-content\/uploads\/2025\/02\/image-2-150x103.jpeg 150w, https:\/\/blog.assiv.it\/wp-content\/uploads\/2025\/02\/image-2-450x308.jpeg 450w\" sizes=\"(max-width: 727px) 100vw, 727px\" \/><\/figure>\n\n\n\n<p>Uno dei momenti pi\u00f9 emozionanti della serata \u00e8 stato quello dedicato alle premiazioni, un\u2019occasione per valorizzare il lavoro e la professionalit\u00e0 di chi, ogni giorno, contribuisce alla sicurezza e al successo dell\u2019azienda. Un riconoscimento speciale \u00e8 stato riservato alle Guardie Giurate che si sono distinte per il loro operato, un gesto simbolico ma profondamente significativo, che mette in luce il ruolo fondamentale di questi professionisti. A seguire, sono stati premiati anche gli agenti che hanno raggiunto e superato gli obiettivi di budget, un traguardo che riflette non solo risultati concreti, ma anche passione, determinazione e spirito di squadra. Un momento di condivisione che ha rafforzato il senso di appartenenza e ha sottolineato come il valore di un\u2019azienda risieda, prima di tutto, nelle persone che ne fanno parte.<\/p>\n\n\n\n<h2 class=\"wp-block-heading\"><strong> Un brindisi al futuro<\/strong><\/h2>\n\n\n\n<figure class=\"wp-block-image size-full\"><img decoding=\"async\" width=\"752\" height=\"501\" src=\"https:\/\/blog.assiv.it\/wp-content\/uploads\/2025\/02\/image-1.jpeg\" alt=\"\" class=\"wp-image-21084\" srcset=\"https:\/\/blog.assiv.it\/wp-content\/uploads\/2025\/02\/image-1.jpeg 752w, https:\/\/blog.assiv.it\/wp-content\/uploads\/2025\/02\/image-1-300x200.jpeg 300w, https:\/\/blog.assiv.it\/wp-content\/uploads\/2025\/02\/image-1-150x100.jpeg 150w, https:\/\/blog.assiv.it\/wp-content\/uploads\/2025\/02\/image-1-450x300.jpeg 450w\" sizes=\"(max-width: 752px) 100vw, 752px\" \/><\/figure>\n\n\n\n<p>La serata si \u00e8 conclusa con un\u2019elegante <strong>cena di gala<\/strong>, occasione perfetta per celebrare i traguardi raggiunti e condividere l\u2019entusiasmo per ci\u00f2 che verr\u00e0. Tra brindisi e conversazioni, si \u00e8 respirato un forte senso di appartenenza e determinazione, elementi che da sempre guidano La Patria nel suo percorso di crescita. Con dedizione e spirito innovativo, l\u2019azienda guarda al futuro con la consapevolezza delle sfide che l\u2019attendono, pronta ad affrontarle con passione e visione strategica.<\/p>\n","protected":false},"excerpt":{"rendered":"<p>Gioved\u00ec 20 febbraio 2025, nella prestigiosa cornice dell\u2019Accademia Militare di Modena, si \u00e8 svolto il Meeting Aziendale di La Patria, un appuntamento che quest\u2019anno ha assunto un valore particolarmente simbolico: la celebrazione del 75\u00b0 anniversario. Un traguardo importante, festeggiato in un luogo che rappresenta passione, dedizione e senso del dovere, principi che da sempre guidano<\/p>\n","protected":false},"author":2,"featured_media":21089,"comment_status":"closed","ping_status":"closed","sticky":false,"template":"","format":"standard","meta":{"footnotes":""},"categories":[716],"tags":[734,736,124,135,206,136,137],"class_list":{"0":"post-21082","1":"post","2":"type-post","3":"status-publish","4":"format-standard","5":"has-post-thumbnail","7":"category-dal-mondo-di-assiv","8":"tag-la-patria","9":"tag-lapatria","10":"tag-sicurezza","11":"tag-sicurezzaprivata","12":"tag-tecnologia","13":"tag-vigilanza","14":"tag-vigilanzaprivata"},"yoast_head":"<!-- This site is optimized with the Yoast SEO plugin v26.0 - https:\/\/yoast.com\/wordpress\/plugins\/seo\/ -->\n<title>Un traguardo da celebrare: il 75\u00b0 anniversario di La Patria nella prestigiosa Accademia Militare di Modena - Blog.Assiv<\/title>\n<meta name=\"description\" content=\"Un traguardo da celebrare: il 75\u00b0 anniversario di La Patria nella prestigiosa Accademia Militare di Modena\" \/>\n<meta name=\"robots\" content=\"index, follow, max-snippet:-1, max-image-preview:large, max-video-preview:-1\" \/>\n<link rel=\"canonical\" href=\"https:\/\/blog.assiv.it\/index.php\/2025\/02\/28\/un-traguardo-da-celebrare-il-75-anniversario-di-la-patria-nella-prestigiosa-accademia-militare-di-modena\/\" \/>\n<meta property=\"og:locale\" content=\"it_IT\" \/>\n<meta property=\"og:type\" content=\"article\" \/>\n<meta property=\"og:title\" content=\"Un traguardo da celebrare: il 75\u00b0 anniversario di La Patria nella prestigiosa Accademia Militare di Modena - Blog.Assiv\" \/>\n<meta property=\"og:description\" content=\"Un traguardo da celebrare: il 75\u00b0 anniversario di La Patria nella prestigiosa Accademia Militare di Modena\" \/>\n<meta property=\"og:url\" content=\"https:\/\/blog.assiv.it\/index.php\/2025\/02\/28\/un-traguardo-da-celebrare-il-75-anniversario-di-la-patria-nella-prestigiosa-accademia-militare-di-modena\/\" \/>\n<meta property=\"og:site_name\" content=\"Blog.Assiv\" \/>\n<meta property=\"article:publisher\" content=\"https:\/\/www.facebook.com\/associazionevigilanza\/\" \/>\n<meta property=\"article:published_time\" content=\"2025-02-28T13:31:45+00:00\" \/>\n<meta property=\"article:modified_time\" content=\"2025-02-28T13:38:19+00:00\" \/>\n<meta property=\"og:image\" content=\"https:\/\/blog.assiv.it\/wp-content\/uploads\/2025\/02\/DSC_9712-scaled.jpg\" \/>\n\t<meta property=\"og:image:width\" content=\"1707\" \/>\n\t<meta property=\"og:image:height\" content=\"2560\" \/>\n\t<meta property=\"og:image:type\" content=\"image\/jpeg\" \/>\n<meta name=\"author\" content=\"Alina Corradini\" \/>\n<meta name=\"twitter:card\" content=\"summary_large_image\" \/>\n<meta name=\"twitter:label1\" content=\"Scritto da\" \/>\n\t<meta name=\"twitter:data1\" content=\"Alina Corradini\" \/>\n\t<meta name=\"twitter:label2\" content=\"Tempo di lettura stimato\" \/>\n\t<meta name=\"twitter:data2\" content=\"6 minuti\" \/>\n<script type=\"application\/ld+json\" class=\"yoast-schema-graph\">{\"@context\":\"https:\/\/schema.org\",\"@graph\":[{\"@type\":\"Article\",\"@id\":\"https:\/\/blog.assiv.it\/index.php\/2025\/02\/28\/un-traguardo-da-celebrare-il-75-anniversario-di-la-patria-nella-prestigiosa-accademia-militare-di-modena\/#article\",\"isPartOf\":{\"@id\":\"https:\/\/blog.assiv.it\/index.php\/2025\/02\/28\/un-traguardo-da-celebrare-il-75-anniversario-di-la-patria-nella-prestigiosa-accademia-militare-di-modena\/\"},\"author\":{\"name\":\"Alina Corradini\",\"@id\":\"https:\/\/blog.assiv.it\/#\/schema\/person\/e67e6bfe974265213521b17bcb72f56c\"},\"headline\":\"Un traguardo da celebrare: il 75\u00b0 anniversario di La Patria nella prestigiosa Accademia Militare di Modena\",\"datePublished\":\"2025-02-28T13:31:45+00:00\",\"dateModified\":\"2025-02-28T13:38:19+00:00\",\"mainEntityOfPage\":{\"@id\":\"https:\/\/blog.assiv.it\/index.php\/2025\/02\/28\/un-traguardo-da-celebrare-il-75-anniversario-di-la-patria-nella-prestigiosa-accademia-militare-di-modena\/\"},\"wordCount\":769,\"publisher\":{\"@id\":\"https:\/\/blog.assiv.it\/#organization\"},\"image\":{\"@id\":\"https:\/\/blog.assiv.it\/index.php\/2025\/02\/28\/un-traguardo-da-celebrare-il-75-anniversario-di-la-patria-nella-prestigiosa-accademia-militare-di-modena\/#primaryimage\"},\"thumbnailUrl\":\"https:\/\/blog.assiv.it\/wp-content\/uploads\/2025\/02\/DSC_9712-scaled.jpg\",\"keywords\":[\"La Patria\",\"lapatria\",\"sicurezza\",\"sicurezzaprivata\",\"tecnologia\",\"vigilanza\",\"vigilanzaprivata\"],\"articleSection\":[\"Dal Mondo di ASSIV\"],\"inLanguage\":\"it-IT\"},{\"@type\":\"WebPage\",\"@id\":\"https:\/\/blog.assiv.it\/index.php\/2025\/02\/28\/un-traguardo-da-celebrare-il-75-anniversario-di-la-patria-nella-prestigiosa-accademia-militare-di-modena\/\",\"url\":\"https:\/\/blog.assiv.it\/index.php\/2025\/02\/28\/un-traguardo-da-celebrare-il-75-anniversario-di-la-patria-nella-prestigiosa-accademia-militare-di-modena\/\",\"name\":\"Un traguardo da celebrare: il 75\u00b0 anniversario di La Patria nella prestigiosa Accademia Militare di Modena - Blog.Assiv\",\"isPartOf\":{\"@id\":\"https:\/\/blog.assiv.it\/#website\"},\"primaryImageOfPage\":{\"@id\":\"https:\/\/blog.assiv.it\/index.php\/2025\/02\/28\/un-traguardo-da-celebrare-il-75-anniversario-di-la-patria-nella-prestigiosa-accademia-militare-di-modena\/#primaryimage\"},\"image\":{\"@id\":\"https:\/\/blog.assiv.it\/index.php\/2025\/02\/28\/un-traguardo-da-celebrare-il-75-anniversario-di-la-patria-nella-prestigiosa-accademia-militare-di-modena\/#primaryimage\"},\"thumbnailUrl\":\"https:\/\/blog.assiv.it\/wp-content\/uploads\/2025\/02\/DSC_9712-scaled.jpg\",\"datePublished\":\"2025-02-28T13:31:45+00:00\",\"dateModified\":\"2025-02-28T13:38:19+00:00\",\"description\":\"Un traguardo da celebrare: il 75\u00b0 anniversario di La Patria nella prestigiosa Accademia Militare di Modena\",\"breadcrumb\":{\"@id\":\"https:\/\/blog.assiv.it\/index.php\/2025\/02\/28\/un-traguardo-da-celebrare-il-75-anniversario-di-la-patria-nella-prestigiosa-accademia-militare-di-modena\/#breadcrumb\"},\"inLanguage\":\"it-IT\",\"potentialAction\":[{\"@type\":\"ReadAction\",\"target\":[\"https:\/\/blog.assiv.it\/index.php\/2025\/02\/28\/un-traguardo-da-celebrare-il-75-anniversario-di-la-patria-nella-prestigiosa-accademia-militare-di-modena\/\"]}]},{\"@type\":\"ImageObject\",\"inLanguage\":\"it-IT\",\"@id\":\"https:\/\/blog.assiv.it\/index.php\/2025\/02\/28\/un-traguardo-da-celebrare-il-75-anniversario-di-la-patria-nella-prestigiosa-accademia-militare-di-modena\/#primaryimage\",\"url\":\"https:\/\/blog.assiv.it\/wp-content\/uploads\/2025\/02\/DSC_9712-scaled.jpg\",\"contentUrl\":\"https:\/\/blog.assiv.it\/wp-content\/uploads\/2025\/02\/DSC_9712-scaled.jpg\",\"width\":1707,\"height\":2560},{\"@type\":\"BreadcrumbList\",\"@id\":\"https:\/\/blog.assiv.it\/index.php\/2025\/02\/28\/un-traguardo-da-celebrare-il-75-anniversario-di-la-patria-nella-prestigiosa-accademia-militare-di-modena\/#breadcrumb\",\"itemListElement\":[{\"@type\":\"ListItem\",\"position\":1,\"name\":\"Home\",\"item\":\"https:\/\/blog.assiv.it\/\"},{\"@type\":\"ListItem\",\"position\":2,\"name\":\"Un traguardo da celebrare: il 75\u00b0 anniversario di La Patria nella prestigiosa Accademia Militare di Modena\"}]},{\"@type\":\"WebSite\",\"@id\":\"https:\/\/blog.assiv.it\/#website\",\"url\":\"https:\/\/blog.assiv.it\/\",\"name\":\"Blog.Assiv\",\"description\":\"Associazione Italiana Vigilanza e Servizi di Sicurezza\",\"publisher\":{\"@id\":\"https:\/\/blog.assiv.it\/#organization\"},\"potentialAction\":[{\"@type\":\"SearchAction\",\"target\":{\"@type\":\"EntryPoint\",\"urlTemplate\":\"https:\/\/blog.assiv.it\/?s={search_term_string}\"},\"query-input\":{\"@type\":\"PropertyValueSpecification\",\"valueRequired\":true,\"valueName\":\"search_term_string\"}}],\"inLanguage\":\"it-IT\"},{\"@type\":\"Organization\",\"@id\":\"https:\/\/blog.assiv.it\/#organization\",\"name\":\"Blog.Assiv\",\"url\":\"https:\/\/blog.assiv.it\/\",\"logo\":{\"@type\":\"ImageObject\",\"inLanguage\":\"it-IT\",\"@id\":\"https:\/\/blog.assiv.it\/#\/schema\/logo\/image\/\",\"url\":\"https:\/\/blog.assiv.it\/wp-content\/uploads\/2024\/08\/blog_assiv_logg_color.png\",\"contentUrl\":\"https:\/\/blog.assiv.it\/wp-content\/uploads\/2024\/08\/blog_assiv_logg_color.png\",\"width\":400,\"height\":102,\"caption\":\"Blog.Assiv\"},\"image\":{\"@id\":\"https:\/\/blog.assiv.it\/#\/schema\/logo\/image\/\"},\"sameAs\":[\"https:\/\/www.facebook.com\/associazionevigilanza\/\",\"https:\/\/www.linkedin.com\/in\/ass-i-v-vigilanza-e-servizi-fiduciari-6923b6169\/\"]},{\"@type\":\"Person\",\"@id\":\"https:\/\/blog.assiv.it\/#\/schema\/person\/e67e6bfe974265213521b17bcb72f56c\",\"name\":\"Alina Corradini\",\"image\":{\"@type\":\"ImageObject\",\"inLanguage\":\"it-IT\",\"@id\":\"https:\/\/blog.assiv.it\/#\/schema\/person\/image\/\",\"url\":\"https:\/\/secure.gravatar.com\/avatar\/4132aee8f9bd4bdecdebca6030c86e8da29e7fce98ad2ff7f1dcb17155c4ea90?s=96&d=mm&r=g\",\"contentUrl\":\"https:\/\/secure.gravatar.com\/avatar\/4132aee8f9bd4bdecdebca6030c86e8da29e7fce98ad2ff7f1dcb17155c4ea90?s=96&d=mm&r=g\",\"caption\":\"Alina Corradini\"},\"url\":\"https:\/\/blog.assiv.it\/index.php\/author\/alina-corradini\/\"}]}<\/script>\n<!-- \/ Yoast SEO plugin. -->","yoast_head_json":{"title":"Un traguardo da celebrare: il 75\u00b0 anniversario di La Patria nella prestigiosa Accademia Militare di Modena - Blog.Assiv","description":"Un traguardo da celebrare: il 75\u00b0 anniversario di La Patria nella prestigiosa Accademia Militare di Modena","robots":{"index":"index","follow":"follow","max-snippet":"max-snippet:-1","max-image-preview":"max-image-preview:large","max-video-preview":"max-video-preview:-1"},"canonical":"https:\/\/blog.assiv.it\/index.php\/2025\/02\/28\/un-traguardo-da-celebrare-il-75-anniversario-di-la-patria-nella-prestigiosa-accademia-militare-di-modena\/","og_locale":"it_IT","og_type":"article","og_title":"Un traguardo da celebrare: il 75\u00b0 anniversario di La Patria nella prestigiosa Accademia Militare di Modena - Blog.Assiv","og_description":"Un traguardo da celebrare: il 75\u00b0 anniversario di La Patria nella prestigiosa Accademia Militare di Modena","og_url":"https:\/\/blog.assiv.it\/index.php\/2025\/02\/28\/un-traguardo-da-celebrare-il-75-anniversario-di-la-patria-nella-prestigiosa-accademia-militare-di-modena\/","og_site_name":"Blog.Assiv","article_publisher":"https:\/\/www.facebook.com\/associazionevigilanza\/","article_published_time":"2025-02-28T13:31:45+00:00","article_modified_time":"2025-02-28T13:38:19+00:00","og_image":[{"width":1707,"height":2560,"url":"https:\/\/blog.assiv.it\/wp-content\/uploads\/2025\/02\/DSC_9712-scaled.jpg","type":"image\/jpeg"}],"author":"Alina Corradini","twitter_card":"summary_large_image","twitter_misc":{"Scritto da":"Alina Corradini","Tempo di lettura stimato":"6 minuti"},"schema":{"@context":"https:\/\/schema.org","@graph":[{"@type":"Article","@id":"https:\/\/blog.assiv.it\/index.php\/2025\/02\/28\/un-traguardo-da-celebrare-il-75-anniversario-di-la-patria-nella-prestigiosa-accademia-militare-di-modena\/#article","isPartOf":{"@id":"https:\/\/blog.assiv.it\/index.php\/2025\/02\/28\/un-traguardo-da-celebrare-il-75-anniversario-di-la-patria-nella-prestigiosa-accademia-militare-di-modena\/"},"author":{"name":"Alina Corradini","@id":"https:\/\/blog.assiv.it\/#\/schema\/person\/e67e6bfe974265213521b17bcb72f56c"},"headline":"Un traguardo da celebrare: il 75\u00b0 anniversario di La Patria nella prestigiosa Accademia Militare di Modena","datePublished":"2025-02-28T13:31:45+00:00","dateModified":"2025-02-28T13:38:19+00:00","mainEntityOfPage":{"@id":"https:\/\/blog.assiv.it\/index.php\/2025\/02\/28\/un-traguardo-da-celebrare-il-75-anniversario-di-la-patria-nella-prestigiosa-accademia-militare-di-modena\/"},"wordCount":769,"publisher":{"@id":"https:\/\/blog.assiv.it\/#organization"},"image":{"@id":"https:\/\/blog.assiv.it\/index.php\/2025\/02\/28\/un-traguardo-da-celebrare-il-75-anniversario-di-la-patria-nella-prestigiosa-accademia-militare-di-modena\/#primaryimage"},"thumbnailUrl":"https:\/\/blog.assiv.it\/wp-content\/uploads\/2025\/02\/DSC_9712-scaled.jpg","keywords":["La Patria","lapatria","sicurezza","sicurezzaprivata","tecnologia","vigilanza","vigilanzaprivata"],"articleSection":["Dal Mondo di ASSIV"],"inLanguage":"it-IT"},{"@type":"WebPage","@id":"https:\/\/blog.assiv.it\/index.php\/2025\/02\/28\/un-traguardo-da-celebrare-il-75-anniversario-di-la-patria-nella-prestigiosa-accademia-militare-di-modena\/","url":"https:\/\/blog.assiv.it\/index.php\/2025\/02\/28\/un-traguardo-da-celebrare-il-75-anniversario-di-la-patria-nella-prestigiosa-accademia-militare-di-modena\/","name":"Un traguardo da celebrare: il 75\u00b0 anniversario di La Patria nella prestigiosa Accademia Militare di Modena - Blog.Assiv","isPartOf":{"@id":"https:\/\/blog.assiv.it\/#website"},"primaryImageOfPage":{"@id":"https:\/\/blog.assiv.it\/index.php\/2025\/02\/28\/un-traguardo-da-celebrare-il-75-anniversario-di-la-patria-nella-prestigiosa-accademia-militare-di-modena\/#primaryimage"},"image":{"@id":"https:\/\/blog.assiv.it\/index.php\/2025\/02\/28\/un-traguardo-da-celebrare-il-75-anniversario-di-la-patria-nella-prestigiosa-accademia-militare-di-modena\/#primaryimage"},"thumbnailUrl":"https:\/\/blog.assiv.it\/wp-content\/uploads\/2025\/02\/DSC_9712-scaled.jpg","datePublished":"2025-02-28T13:31:45+00:00","dateModified":"2025-02-28T13:38:19+00:00","description":"Un traguardo da celebrare: il 75\u00b0 anniversario di La Patria nella prestigiosa Accademia Militare di Modena","breadcrumb":{"@id":"https:\/\/blog.assiv.it\/index.php\/2025\/02\/28\/un-traguardo-da-celebrare-il-75-anniversario-di-la-patria-nella-prestigiosa-accademia-militare-di-modena\/#breadcrumb"},"inLanguage":"it-IT","potentialAction":[{"@type":"ReadAction","target":["https:\/\/blog.assiv.it\/index.php\/2025\/02\/28\/un-traguardo-da-celebrare-il-75-anniversario-di-la-patria-nella-prestigiosa-accademia-militare-di-modena\/"]}]},{"@type":"ImageObject","inLanguage":"it-IT","@id":"https:\/\/blog.assiv.it\/index.php\/2025\/02\/28\/un-traguardo-da-celebrare-il-75-anniversario-di-la-patria-nella-prestigiosa-accademia-militare-di-modena\/#primaryimage","url":"https:\/\/blog.assiv.it\/wp-content\/uploads\/2025\/02\/DSC_9712-scaled.jpg","contentUrl":"https:\/\/blog.assiv.it\/wp-content\/uploads\/2025\/02\/DSC_9712-scaled.jpg","width":1707,"height":2560},{"@type":"BreadcrumbList","@id":"https:\/\/blog.assiv.it\/index.php\/2025\/02\/28\/un-traguardo-da-celebrare-il-75-anniversario-di-la-patria-nella-prestigiosa-accademia-militare-di-modena\/#breadcrumb","itemListElement":[{"@type":"ListItem","position":1,"name":"Home","item":"https:\/\/blog.assiv.it\/"},{"@type":"ListItem","position":2,"name":"Un traguardo da celebrare: il 75\u00b0 anniversario di La Patria nella prestigiosa Accademia Militare di Modena"}]},{"@type":"WebSite","@id":"https:\/\/blog.assiv.it\/#website","url":"https:\/\/blog.assiv.it\/","name":"Blog.Assiv","description":"Associazione Italiana Vigilanza e Servizi di Sicurezza","publisher":{"@id":"https:\/\/blog.assiv.it\/#organization"},"potentialAction":[{"@type":"SearchAction","target":{"@type":"EntryPoint","urlTemplate":"https:\/\/blog.assiv.it\/?s={search_term_string}"},"query-input":{"@type":"PropertyValueSpecification","valueRequired":true,"valueName":"search_term_string"}}],"inLanguage":"it-IT"},{"@type":"Organization","@id":"https:\/\/blog.assiv.it\/#organization","name":"Blog.Assiv","url":"https:\/\/blog.assiv.it\/","logo":{"@type":"ImageObject","inLanguage":"it-IT","@id":"https:\/\/blog.assiv.it\/#\/schema\/logo\/image\/","url":"https:\/\/blog.assiv.it\/wp-content\/uploads\/2024\/08\/blog_assiv_logg_color.png","contentUrl":"https:\/\/blog.assiv.it\/wp-content\/uploads\/2024\/08\/blog_assiv_logg_color.png","width":400,"height":102,"caption":"Blog.Assiv"},"image":{"@id":"https:\/\/blog.assiv.it\/#\/schema\/logo\/image\/"},"sameAs":["https:\/\/www.facebook.com\/associazionevigilanza\/","https:\/\/www.linkedin.com\/in\/ass-i-v-vigilanza-e-servizi-fiduciari-6923b6169\/"]},{"@type":"Person","@id":"https:\/\/blog.assiv.it\/#\/schema\/person\/e67e6bfe974265213521b17bcb72f56c","name":"Alina Corradini","image":{"@type":"ImageObject","inLanguage":"it-IT","@id":"https:\/\/blog.assiv.it\/#\/schema\/person\/image\/","url":"https:\/\/secure.gravatar.com\/avatar\/4132aee8f9bd4bdecdebca6030c86e8da29e7fce98ad2ff7f1dcb17155c4ea90?s=96&d=mm&r=g","contentUrl":"https:\/\/secure.gravatar.com\/avatar\/4132aee8f9bd4bdecdebca6030c86e8da29e7fce98ad2ff7f1dcb17155c4ea90?s=96&d=mm&r=g","caption":"Alina Corradini"},"url":"https:\/\/blog.assiv.it\/index.php\/author\/alina-corradini\/"}]}},"amp_enabled":true,"_links":{"self":[{"href":"https:\/\/blog.assiv.it\/index.php\/wp-json\/wp\/v2\/posts\/21082","targetHints":{"allow":["GET"]}}],"collection":[{"href":"https:\/\/blog.assiv.it\/index.php\/wp-json\/wp\/v2\/posts"}],"about":[{"href":"https:\/\/blog.assiv.it\/index.php\/wp-json\/wp\/v2\/types\/post"}],"author":[{"embeddable":true,"href":"https:\/\/blog.assiv.it\/index.php\/wp-json\/wp\/v2\/users\/2"}],"replies":[{"embeddable":true,"href":"https:\/\/blog.assiv.it\/index.php\/wp-json\/wp\/v2\/comments?post=21082"}],"version-history":[{"count":3,"href":"https:\/\/blog.assiv.it\/index.php\/wp-json\/wp\/v2\/posts\/21082\/revisions"}],"predecessor-version":[{"id":21093,"href":"https:\/\/blog.assiv.it\/index.php\/wp-json\/wp\/v2\/posts\/21082\/revisions\/21093"}],"wp:featuredmedia":[{"embeddable":true,"href":"https:\/\/blog.assiv.it\/index.php\/wp-json\/wp\/v2\/media\/21089"}],"wp:attachment":[{"href":"https:\/\/blog.assiv.it\/index.php\/wp-json\/wp\/v2\/media?parent=21082"}],"wp:term":[{"taxonomy":"category","embeddable":true,"href":"https:\/\/blog.assiv.it\/index.php\/wp-json\/wp\/v2\/categories?post=21082"},{"taxonomy":"post_tag","embeddable":true,"href":"https:\/\/blog.assiv.it\/index.php\/wp-json\/wp\/v2\/tags?post=21082"}],"curies":[{"name":"wp","href":"https:\/\/api.w.org\/{rel}","templated":true}]}}