{"id":21099,"date":"2025-03-03T11:12:21","date_gmt":"2025-03-03T10:12:21","guid":{"rendered":"https:\/\/blog.assiv.it\/?p=21099"},"modified":"2025-03-03T11:12:24","modified_gmt":"2025-03-03T10:12:24","slug":"sicurezza-urbana-liniziativa-dei-commercianti-di-borgo-mazza-e-la-necessita-di-un-approccio-integrato","status":"publish","type":"post","link":"https:\/\/blog.assiv.it\/index.php\/2025\/03\/03\/sicurezza-urbana-liniziativa-dei-commercianti-di-borgo-mazza-e-la-necessita-di-un-approccio-integrato\/","title":{"rendered":"Sicurezza Urbana: l&#8217;Iniziativa dei Commercianti di Borgo Mazza e la Necessit\u00e0 di un Approccio Integrato"},"content":{"rendered":"\n<p>A Borgo Mazza, nel cuore di Parma, i commercianti hanno deciso di finanziare autonomamente servizi di vigilanza privata per contrastare episodi di microcriminalit\u00e0 e garantire maggiore sicurezza ai propri clienti. Questa iniziativa, sebbene lodevole, solleva interrogativi sull&#8217;efficacia e l&#8217;efficienza di soluzioni individuali rispetto a strategie di sicurezza integrate a livello comunale.<\/p>\n\n\n\n<p>Quando i singoli commercianti si affidano a servizi di vigilanza privata, possono infatti ottenere una protezione immediata per le proprie attivit\u00e0, tuttavia si tratta di un approccio che presenta diverse criticit\u00e0, da una copertura limitata del servizio, a costi elevati, a mancanza di coordinamento strategico tra vigilanza privata e forze dell&#8217;ordine che pu\u00f2 portare cos\u00ec a duplicazioni di sforzi. Un&#8217;alternativa migliore consisterebbe nello sviluppo di protocolli di sicurezza a livello comunale che tengano conto sia delle forze dell\u2019ordine che delle guardie giurate presenti in virt\u00f9 dei rapporti contrattuali degli Istituti di vigilanza con la clientela.<\/p>\n\n\n\n<p>L&#8217;implementazione di protocolli di sicurezza integrati non solo tutela le attivit\u00e0 commerciali, ma apporta vantaggi significativi anche ai residenti come:<\/p>\n\n\n\n<ul class=\"wp-block-list\">\n<li>Miglioramento della qualit\u00e0 della vita: una maggiore sicurezza nelle strade e nei quartieri favorisce la socializzazione e l&#8217;utilizzo degli spazi pubblici.<\/li>\n<\/ul>\n\n\n\n<ul class=\"wp-block-list\">\n<li>Valorizzazione del territorio: zone percepite come sicure attraggono investimenti, turismo e nuove attivit\u00e0, stimolando lo sviluppo economico locale.<\/li>\n<\/ul>\n\n\n\n<ul class=\"wp-block-list\">\n<li>Coesione sociale: la collaborazione tra cittadini, commercianti e istituzioni rafforza il senso di comunit\u00e0 e la fiducia reciproca.<\/li>\n<\/ul>\n\n\n\n<p>Mentre iniziative private come quelle di borgo Mazza dimostrano l&#8217;impegno dei commercianti nella tutela delle proprie attivit\u00e0, una strategia di sicurezza integrata a livello comunale rappresenta una soluzione pi\u00f9 efficiente e vantaggiosa per l&#8217;intera collettivit\u00e0.<\/p>\n\n\n\n<p>Solo attraverso la collaborazione e la condivisione di risorse \u00e8 possibile costruire citt\u00e0 pi\u00f9 sicure e vivibili per tutti.<\/p>\n\n\n\n<p>Qui gli articoli di stampa: <a href=\"https:\/\/www.parmatoday.it\/cronaca\/borgo-mazza-dove-i-commercianti-si-pagano-la-vigilanza.html\">https:\/\/www.parmatoday.it\/cronaca\/borgo-mazza-dove-i-commercianti-si-pagano-la-vigilanza.html<\/a><\/p>\n","protected":false},"excerpt":{"rendered":"<p>A Borgo Mazza, nel cuore di Parma, i commercianti hanno deciso di finanziare autonomamente servizi di vigilanza privata per contrastare episodi di microcriminalit\u00e0 e garantire maggiore sicurezza ai propri clienti. Questa iniziativa, sebbene lodevole, solleva interrogativi sull&#8217;efficacia e l&#8217;efficienza di soluzioni individuali rispetto a strategie di sicurezza integrate a livello comunale. Quando i singoli commercianti<\/p>\n","protected":false},"author":2,"featured_media":21101,"comment_status":"closed","ping_status":"closed","sticky":false,"template":"","format":"standard","meta":{"footnotes":""},"categories":[218],"tags":[159,341,124,158,136,125],"class_list":{"0":"post-21099","1":"post","2":"type-post","3":"status-publish","4":"format-standard","5":"has-post-thumbnail","7":"category-sicurezza","8":"tag-assiv","9":"tag-ministero-interno","10":"tag-sicurezza","11":"tag-videosorveglianza","12":"tag-vigilanza","13":"tag-vigilanza-privata"},"yoast_head":"<!-- This site is optimized with the Yoast SEO plugin v26.0 - https:\/\/yoast.com\/wordpress\/plugins\/seo\/ -->\n<title>Sicurezza Urbana: l&#039;Iniziativa dei Commercianti di Borgo Mazza e la Necessit\u00e0 di un Approccio Integrato<\/title>\n<meta name=\"description\" content=\"Sicurezza Urbana: l&#039;Iniziativa dei Commercianti di Borgo Mazza e la Necessit\u00e0 di un Approccio Integrato\" \/>\n<meta name=\"robots\" content=\"index, follow, max-snippet:-1, max-image-preview:large, max-video-preview:-1\" \/>\n<link rel=\"canonical\" href=\"https:\/\/blog.assiv.it\/index.php\/2025\/03\/03\/sicurezza-urbana-liniziativa-dei-commercianti-di-borgo-mazza-e-la-necessita-di-un-approccio-integrato\/\" \/>\n<meta property=\"og:locale\" content=\"it_IT\" \/>\n<meta property=\"og:type\" content=\"article\" \/>\n<meta property=\"og:title\" content=\"Sicurezza Urbana: l&#039;Iniziativa dei Commercianti di Borgo Mazza e la Necessit\u00e0 di un Approccio Integrato\" \/>\n<meta property=\"og:description\" content=\"Sicurezza Urbana: l&#039;Iniziativa dei Commercianti di Borgo Mazza e la Necessit\u00e0 di un Approccio Integrato\" \/>\n<meta property=\"og:url\" content=\"https:\/\/blog.assiv.it\/index.php\/2025\/03\/03\/sicurezza-urbana-liniziativa-dei-commercianti-di-borgo-mazza-e-la-necessita-di-un-approccio-integrato\/\" \/>\n<meta property=\"og:site_name\" content=\"Blog.Assiv\" \/>\n<meta property=\"article:publisher\" content=\"https:\/\/www.facebook.com\/associazionevigilanza\/\" \/>\n<meta property=\"article:published_time\" content=\"2025-03-03T10:12:21+00:00\" \/>\n<meta property=\"article:modified_time\" content=\"2025-03-03T10:12:24+00:00\" \/>\n<meta property=\"og:image\" content=\"https:\/\/blog.assiv.it\/wp-content\/uploads\/2025\/03\/borgoangelomazza.jpg\" \/>\n\t<meta property=\"og:image:width\" content=\"2229\" \/>\n\t<meta property=\"og:image:height\" content=\"1547\" \/>\n\t<meta property=\"og:image:type\" content=\"image\/jpeg\" \/>\n<meta name=\"author\" content=\"Alina Corradini\" \/>\n<meta name=\"twitter:card\" content=\"summary_large_image\" \/>\n<meta name=\"twitter:label1\" content=\"Scritto da\" \/>\n\t<meta name=\"twitter:data1\" content=\"Alina Corradini\" \/>\n\t<meta name=\"twitter:label2\" content=\"Tempo di lettura stimato\" \/>\n\t<meta name=\"twitter:data2\" content=\"2 minuti\" \/>\n<script type=\"application\/ld+json\" class=\"yoast-schema-graph\">{\"@context\":\"https:\/\/schema.org\",\"@graph\":[{\"@type\":\"Article\",\"@id\":\"https:\/\/blog.assiv.it\/index.php\/2025\/03\/03\/sicurezza-urbana-liniziativa-dei-commercianti-di-borgo-mazza-e-la-necessita-di-un-approccio-integrato\/#article\",\"isPartOf\":{\"@id\":\"https:\/\/blog.assiv.it\/index.php\/2025\/03\/03\/sicurezza-urbana-liniziativa-dei-commercianti-di-borgo-mazza-e-la-necessita-di-un-approccio-integrato\/\"},\"author\":{\"name\":\"Alina Corradini\",\"@id\":\"https:\/\/blog.assiv.it\/#\/schema\/person\/e67e6bfe974265213521b17bcb72f56c\"},\"headline\":\"Sicurezza Urbana: l&#8217;Iniziativa dei Commercianti di Borgo Mazza e la Necessit\u00e0 di un Approccio Integrato\",\"datePublished\":\"2025-03-03T10:12:21+00:00\",\"dateModified\":\"2025-03-03T10:12:24+00:00\",\"mainEntityOfPage\":{\"@id\":\"https:\/\/blog.assiv.it\/index.php\/2025\/03\/03\/sicurezza-urbana-liniziativa-dei-commercianti-di-borgo-mazza-e-la-necessita-di-un-approccio-integrato\/\"},\"wordCount\":304,\"publisher\":{\"@id\":\"https:\/\/blog.assiv.it\/#organization\"},\"image\":{\"@id\":\"https:\/\/blog.assiv.it\/index.php\/2025\/03\/03\/sicurezza-urbana-liniziativa-dei-commercianti-di-borgo-mazza-e-la-necessita-di-un-approccio-integrato\/#primaryimage\"},\"thumbnailUrl\":\"https:\/\/blog.assiv.it\/wp-content\/uploads\/2025\/03\/borgoangelomazza.jpg\",\"keywords\":[\"ASSIV\",\"Ministero Interno\",\"sicurezza\",\"videosorveglianza\",\"vigilanza\",\"vigilanza privata\"],\"articleSection\":[\"Sicurezza\"],\"inLanguage\":\"it-IT\"},{\"@type\":\"WebPage\",\"@id\":\"https:\/\/blog.assiv.it\/index.php\/2025\/03\/03\/sicurezza-urbana-liniziativa-dei-commercianti-di-borgo-mazza-e-la-necessita-di-un-approccio-integrato\/\",\"url\":\"https:\/\/blog.assiv.it\/index.php\/2025\/03\/03\/sicurezza-urbana-liniziativa-dei-commercianti-di-borgo-mazza-e-la-necessita-di-un-approccio-integrato\/\",\"name\":\"Sicurezza Urbana: l'Iniziativa dei Commercianti di Borgo Mazza e la Necessit\u00e0 di un Approccio Integrato\",\"isPartOf\":{\"@id\":\"https:\/\/blog.assiv.it\/#website\"},\"primaryImageOfPage\":{\"@id\":\"https:\/\/blog.assiv.it\/index.php\/2025\/03\/03\/sicurezza-urbana-liniziativa-dei-commercianti-di-borgo-mazza-e-la-necessita-di-un-approccio-integrato\/#primaryimage\"},\"image\":{\"@id\":\"https:\/\/blog.assiv.it\/index.php\/2025\/03\/03\/sicurezza-urbana-liniziativa-dei-commercianti-di-borgo-mazza-e-la-necessita-di-un-approccio-integrato\/#primaryimage\"},\"thumbnailUrl\":\"https:\/\/blog.assiv.it\/wp-content\/uploads\/2025\/03\/borgoangelomazza.jpg\",\"datePublished\":\"2025-03-03T10:12:21+00:00\",\"dateModified\":\"2025-03-03T10:12:24+00:00\",\"description\":\"Sicurezza Urbana: l'Iniziativa dei Commercianti di Borgo Mazza e la Necessit\u00e0 di un Approccio Integrato\",\"breadcrumb\":{\"@id\":\"https:\/\/blog.assiv.it\/index.php\/2025\/03\/03\/sicurezza-urbana-liniziativa-dei-commercianti-di-borgo-mazza-e-la-necessita-di-un-approccio-integrato\/#breadcrumb\"},\"inLanguage\":\"it-IT\",\"potentialAction\":[{\"@type\":\"ReadAction\",\"target\":[\"https:\/\/blog.assiv.it\/index.php\/2025\/03\/03\/sicurezza-urbana-liniziativa-dei-commercianti-di-borgo-mazza-e-la-necessita-di-un-approccio-integrato\/\"]}]},{\"@type\":\"ImageObject\",\"inLanguage\":\"it-IT\",\"@id\":\"https:\/\/blog.assiv.it\/index.php\/2025\/03\/03\/sicurezza-urbana-liniziativa-dei-commercianti-di-borgo-mazza-e-la-necessita-di-un-approccio-integrato\/#primaryimage\",\"url\":\"https:\/\/blog.assiv.it\/wp-content\/uploads\/2025\/03\/borgoangelomazza.jpg\",\"contentUrl\":\"https:\/\/blog.assiv.it\/wp-content\/uploads\/2025\/03\/borgoangelomazza.jpg\",\"width\":2229,\"height\":1547},{\"@type\":\"BreadcrumbList\",\"@id\":\"https:\/\/blog.assiv.it\/index.php\/2025\/03\/03\/sicurezza-urbana-liniziativa-dei-commercianti-di-borgo-mazza-e-la-necessita-di-un-approccio-integrato\/#breadcrumb\",\"itemListElement\":[{\"@type\":\"ListItem\",\"position\":1,\"name\":\"Home\",\"item\":\"https:\/\/blog.assiv.it\/\"},{\"@type\":\"ListItem\",\"position\":2,\"name\":\"Sicurezza Urbana: l&#8217;Iniziativa dei Commercianti di Borgo Mazza e la Necessit\u00e0 di un Approccio Integrato\"}]},{\"@type\":\"WebSite\",\"@id\":\"https:\/\/blog.assiv.it\/#website\",\"url\":\"https:\/\/blog.assiv.it\/\",\"name\":\"Blog.Assiv\",\"description\":\"Associazione Italiana Vigilanza e Servizi di Sicurezza\",\"publisher\":{\"@id\":\"https:\/\/blog.assiv.it\/#organization\"},\"potentialAction\":[{\"@type\":\"SearchAction\",\"target\":{\"@type\":\"EntryPoint\",\"urlTemplate\":\"https:\/\/blog.assiv.it\/?s={search_term_string}\"},\"query-input\":{\"@type\":\"PropertyValueSpecification\",\"valueRequired\":true,\"valueName\":\"search_term_string\"}}],\"inLanguage\":\"it-IT\"},{\"@type\":\"Organization\",\"@id\":\"https:\/\/blog.assiv.it\/#organization\",\"name\":\"Blog.Assiv\",\"url\":\"https:\/\/blog.assiv.it\/\",\"logo\":{\"@type\":\"ImageObject\",\"inLanguage\":\"it-IT\",\"@id\":\"https:\/\/blog.assiv.it\/#\/schema\/logo\/image\/\",\"url\":\"https:\/\/blog.assiv.it\/wp-content\/uploads\/2024\/08\/blog_assiv_logg_color.png\",\"contentUrl\":\"https:\/\/blog.assiv.it\/wp-content\/uploads\/2024\/08\/blog_assiv_logg_color.png\",\"width\":400,\"height\":102,\"caption\":\"Blog.Assiv\"},\"image\":{\"@id\":\"https:\/\/blog.assiv.it\/#\/schema\/logo\/image\/\"},\"sameAs\":[\"https:\/\/www.facebook.com\/associazionevigilanza\/\",\"https:\/\/www.linkedin.com\/in\/ass-i-v-vigilanza-e-servizi-fiduciari-6923b6169\/\"]},{\"@type\":\"Person\",\"@id\":\"https:\/\/blog.assiv.it\/#\/schema\/person\/e67e6bfe974265213521b17bcb72f56c\",\"name\":\"Alina Corradini\",\"image\":{\"@type\":\"ImageObject\",\"inLanguage\":\"it-IT\",\"@id\":\"https:\/\/blog.assiv.it\/#\/schema\/person\/image\/\",\"url\":\"https:\/\/secure.gravatar.com\/avatar\/4132aee8f9bd4bdecdebca6030c86e8da29e7fce98ad2ff7f1dcb17155c4ea90?s=96&d=mm&r=g\",\"contentUrl\":\"https:\/\/secure.gravatar.com\/avatar\/4132aee8f9bd4bdecdebca6030c86e8da29e7fce98ad2ff7f1dcb17155c4ea90?s=96&d=mm&r=g\",\"caption\":\"Alina Corradini\"},\"url\":\"https:\/\/blog.assiv.it\/index.php\/author\/alina-corradini\/\"}]}<\/script>\n<!-- \/ Yoast SEO plugin. -->","yoast_head_json":{"title":"Sicurezza Urbana: l'Iniziativa dei Commercianti di Borgo Mazza e la Necessit\u00e0 di un Approccio Integrato","description":"Sicurezza Urbana: l'Iniziativa dei Commercianti di Borgo Mazza e la Necessit\u00e0 di un Approccio Integrato","robots":{"index":"index","follow":"follow","max-snippet":"max-snippet:-1","max-image-preview":"max-image-preview:large","max-video-preview":"max-video-preview:-1"},"canonical":"https:\/\/blog.assiv.it\/index.php\/2025\/03\/03\/sicurezza-urbana-liniziativa-dei-commercianti-di-borgo-mazza-e-la-necessita-di-un-approccio-integrato\/","og_locale":"it_IT","og_type":"article","og_title":"Sicurezza Urbana: l'Iniziativa dei Commercianti di Borgo Mazza e la Necessit\u00e0 di un Approccio Integrato","og_description":"Sicurezza Urbana: l'Iniziativa dei Commercianti di Borgo Mazza e la Necessit\u00e0 di un Approccio Integrato","og_url":"https:\/\/blog.assiv.it\/index.php\/2025\/03\/03\/sicurezza-urbana-liniziativa-dei-commercianti-di-borgo-mazza-e-la-necessita-di-un-approccio-integrato\/","og_site_name":"Blog.Assiv","article_publisher":"https:\/\/www.facebook.com\/associazionevigilanza\/","article_published_time":"2025-03-03T10:12:21+00:00","article_modified_time":"2025-03-03T10:12:24+00:00","og_image":[{"width":2229,"height":1547,"url":"https:\/\/blog.assiv.it\/wp-content\/uploads\/2025\/03\/borgoangelomazza.jpg","type":"image\/jpeg"}],"author":"Alina Corradini","twitter_card":"summary_large_image","twitter_misc":{"Scritto da":"Alina Corradini","Tempo di lettura stimato":"2 minuti"},"schema":{"@context":"https:\/\/schema.org","@graph":[{"@type":"Article","@id":"https:\/\/blog.assiv.it\/index.php\/2025\/03\/03\/sicurezza-urbana-liniziativa-dei-commercianti-di-borgo-mazza-e-la-necessita-di-un-approccio-integrato\/#article","isPartOf":{"@id":"https:\/\/blog.assiv.it\/index.php\/2025\/03\/03\/sicurezza-urbana-liniziativa-dei-commercianti-di-borgo-mazza-e-la-necessita-di-un-approccio-integrato\/"},"author":{"name":"Alina Corradini","@id":"https:\/\/blog.assiv.it\/#\/schema\/person\/e67e6bfe974265213521b17bcb72f56c"},"headline":"Sicurezza Urbana: l&#8217;Iniziativa dei Commercianti di Borgo Mazza e la Necessit\u00e0 di un Approccio Integrato","datePublished":"2025-03-03T10:12:21+00:00","dateModified":"2025-03-03T10:12:24+00:00","mainEntityOfPage":{"@id":"https:\/\/blog.assiv.it\/index.php\/2025\/03\/03\/sicurezza-urbana-liniziativa-dei-commercianti-di-borgo-mazza-e-la-necessita-di-un-approccio-integrato\/"},"wordCount":304,"publisher":{"@id":"https:\/\/blog.assiv.it\/#organization"},"image":{"@id":"https:\/\/blog.assiv.it\/index.php\/2025\/03\/03\/sicurezza-urbana-liniziativa-dei-commercianti-di-borgo-mazza-e-la-necessita-di-un-approccio-integrato\/#primaryimage"},"thumbnailUrl":"https:\/\/blog.assiv.it\/wp-content\/uploads\/2025\/03\/borgoangelomazza.jpg","keywords":["ASSIV","Ministero Interno","sicurezza","videosorveglianza","vigilanza","vigilanza privata"],"articleSection":["Sicurezza"],"inLanguage":"it-IT"},{"@type":"WebPage","@id":"https:\/\/blog.assiv.it\/index.php\/2025\/03\/03\/sicurezza-urbana-liniziativa-dei-commercianti-di-borgo-mazza-e-la-necessita-di-un-approccio-integrato\/","url":"https:\/\/blog.assiv.it\/index.php\/2025\/03\/03\/sicurezza-urbana-liniziativa-dei-commercianti-di-borgo-mazza-e-la-necessita-di-un-approccio-integrato\/","name":"Sicurezza Urbana: l'Iniziativa dei Commercianti di Borgo Mazza e la Necessit\u00e0 di un Approccio Integrato","isPartOf":{"@id":"https:\/\/blog.assiv.it\/#website"},"primaryImageOfPage":{"@id":"https:\/\/blog.assiv.it\/index.php\/2025\/03\/03\/sicurezza-urbana-liniziativa-dei-commercianti-di-borgo-mazza-e-la-necessita-di-un-approccio-integrato\/#primaryimage"},"image":{"@id":"https:\/\/blog.assiv.it\/index.php\/2025\/03\/03\/sicurezza-urbana-liniziativa-dei-commercianti-di-borgo-mazza-e-la-necessita-di-un-approccio-integrato\/#primaryimage"},"thumbnailUrl":"https:\/\/blog.assiv.it\/wp-content\/uploads\/2025\/03\/borgoangelomazza.jpg","datePublished":"2025-03-03T10:12:21+00:00","dateModified":"2025-03-03T10:12:24+00:00","description":"Sicurezza Urbana: l'Iniziativa dei Commercianti di Borgo Mazza e la Necessit\u00e0 di un Approccio Integrato","breadcrumb":{"@id":"https:\/\/blog.assiv.it\/index.php\/2025\/03\/03\/sicurezza-urbana-liniziativa-dei-commercianti-di-borgo-mazza-e-la-necessita-di-un-approccio-integrato\/#breadcrumb"},"inLanguage":"it-IT","potentialAction":[{"@type":"ReadAction","target":["https:\/\/blog.assiv.it\/index.php\/2025\/03\/03\/sicurezza-urbana-liniziativa-dei-commercianti-di-borgo-mazza-e-la-necessita-di-un-approccio-integrato\/"]}]},{"@type":"ImageObject","inLanguage":"it-IT","@id":"https:\/\/blog.assiv.it\/index.php\/2025\/03\/03\/sicurezza-urbana-liniziativa-dei-commercianti-di-borgo-mazza-e-la-necessita-di-un-approccio-integrato\/#primaryimage","url":"https:\/\/blog.assiv.it\/wp-content\/uploads\/2025\/03\/borgoangelomazza.jpg","contentUrl":"https:\/\/blog.assiv.it\/wp-content\/uploads\/2025\/03\/borgoangelomazza.jpg","width":2229,"height":1547},{"@type":"BreadcrumbList","@id":"https:\/\/blog.assiv.it\/index.php\/2025\/03\/03\/sicurezza-urbana-liniziativa-dei-commercianti-di-borgo-mazza-e-la-necessita-di-un-approccio-integrato\/#breadcrumb","itemListElement":[{"@type":"ListItem","position":1,"name":"Home","item":"https:\/\/blog.assiv.it\/"},{"@type":"ListItem","position":2,"name":"Sicurezza Urbana: l&#8217;Iniziativa dei Commercianti di Borgo Mazza e la Necessit\u00e0 di un Approccio Integrato"}]},{"@type":"WebSite","@id":"https:\/\/blog.assiv.it\/#website","url":"https:\/\/blog.assiv.it\/","name":"Blog.Assiv","description":"Associazione Italiana Vigilanza e Servizi di Sicurezza","publisher":{"@id":"https:\/\/blog.assiv.it\/#organization"},"potentialAction":[{"@type":"SearchAction","target":{"@type":"EntryPoint","urlTemplate":"https:\/\/blog.assiv.it\/?s={search_term_string}"},"query-input":{"@type":"PropertyValueSpecification","valueRequired":true,"valueName":"search_term_string"}}],"inLanguage":"it-IT"},{"@type":"Organization","@id":"https:\/\/blog.assiv.it\/#organization","name":"Blog.Assiv","url":"https:\/\/blog.assiv.it\/","logo":{"@type":"ImageObject","inLanguage":"it-IT","@id":"https:\/\/blog.assiv.it\/#\/schema\/logo\/image\/","url":"https:\/\/blog.assiv.it\/wp-content\/uploads\/2024\/08\/blog_assiv_logg_color.png","contentUrl":"https:\/\/blog.assiv.it\/wp-content\/uploads\/2024\/08\/blog_assiv_logg_color.png","width":400,"height":102,"caption":"Blog.Assiv"},"image":{"@id":"https:\/\/blog.assiv.it\/#\/schema\/logo\/image\/"},"sameAs":["https:\/\/www.facebook.com\/associazionevigilanza\/","https:\/\/www.linkedin.com\/in\/ass-i-v-vigilanza-e-servizi-fiduciari-6923b6169\/"]},{"@type":"Person","@id":"https:\/\/blog.assiv.it\/#\/schema\/person\/e67e6bfe974265213521b17bcb72f56c","name":"Alina Corradini","image":{"@type":"ImageObject","inLanguage":"it-IT","@id":"https:\/\/blog.assiv.it\/#\/schema\/person\/image\/","url":"https:\/\/secure.gravatar.com\/avatar\/4132aee8f9bd4bdecdebca6030c86e8da29e7fce98ad2ff7f1dcb17155c4ea90?s=96&d=mm&r=g","contentUrl":"https:\/\/secure.gravatar.com\/avatar\/4132aee8f9bd4bdecdebca6030c86e8da29e7fce98ad2ff7f1dcb17155c4ea90?s=96&d=mm&r=g","caption":"Alina Corradini"},"url":"https:\/\/blog.assiv.it\/index.php\/author\/alina-corradini\/"}]}},"amp_enabled":true,"_links":{"self":[{"href":"https:\/\/blog.assiv.it\/index.php\/wp-json\/wp\/v2\/posts\/21099","targetHints":{"allow":["GET"]}}],"collection":[{"href":"https:\/\/blog.assiv.it\/index.php\/wp-json\/wp\/v2\/posts"}],"about":[{"href":"https:\/\/blog.assiv.it\/index.php\/wp-json\/wp\/v2\/types\/post"}],"author":[{"embeddable":true,"href":"https:\/\/blog.assiv.it\/index.php\/wp-json\/wp\/v2\/users\/2"}],"replies":[{"embeddable":true,"href":"https:\/\/blog.assiv.it\/index.php\/wp-json\/wp\/v2\/comments?post=21099"}],"version-history":[{"count":1,"href":"https:\/\/blog.assiv.it\/index.php\/wp-json\/wp\/v2\/posts\/21099\/revisions"}],"predecessor-version":[{"id":21102,"href":"https:\/\/blog.assiv.it\/index.php\/wp-json\/wp\/v2\/posts\/21099\/revisions\/21102"}],"wp:featuredmedia":[{"embeddable":true,"href":"https:\/\/blog.assiv.it\/index.php\/wp-json\/wp\/v2\/media\/21101"}],"wp:attachment":[{"href":"https:\/\/blog.assiv.it\/index.php\/wp-json\/wp\/v2\/media?parent=21099"}],"wp:term":[{"taxonomy":"category","embeddable":true,"href":"https:\/\/blog.assiv.it\/index.php\/wp-json\/wp\/v2\/categories?post=21099"},{"taxonomy":"post_tag","embeddable":true,"href":"https:\/\/blog.assiv.it\/index.php\/wp-json\/wp\/v2\/tags?post=21099"}],"curies":[{"name":"wp","href":"https:\/\/api.w.org\/{rel}","templated":true}]}}