{"id":21125,"date":"2025-03-06T16:00:44","date_gmt":"2025-03-06T15:00:44","guid":{"rendered":"https:\/\/blog.assiv.it\/?p=21125"},"modified":"2025-03-06T16:05:21","modified_gmt":"2025-03-06T15:05:21","slug":"sicurezza-un-diritto-di-tutti-che-va-oltre-le-divisioni-politiche","status":"publish","type":"post","link":"https:\/\/blog.assiv.it\/index.php\/2025\/03\/06\/sicurezza-un-diritto-di-tutti-che-va-oltre-le-divisioni-politiche\/","title":{"rendered":"Sicurezza: un diritto di tutti che va oltre le divisioni politiche"},"content":{"rendered":"\n<p><br>La sicurezza \u00e8 tema centrale nella vita di ogni cittadino e rappresenta un pilastro fondamentale per il funzionamento armonioso della societ\u00e0. Tuttavia, troppo spesso viene affrontata in modo polarizzante, con il rischio di ridurla a una mera bandiera politica. Questo atteggiamento pu\u00f2 distogliere l&#8217;attenzione dalla vera essenza della questione: la sicurezza non ha colore politico e dovrebbe essere una priorit\u00e0 condivisa da tutte le forze politiche, indipendentemente dalla loro collocazione ideologica.<\/p>\n\n\n\n<p>E\u2019 quindi condivisibile quanto sottolineato dagli esponenti di Fratelli d\u2019Italia ad Alghero dove in Consiglio Comunale maggioranza ed opposizione non hanno trovato la quadra per l\u2019implementazione di servizi di sicurezza privati a favore della collettivit\u00e0. Purtroppo episodi come questo rischiano di alimentare una dialettica conflittuale che non giova alla ricerca di soluzioni efficaci e condivise. Il tema della sicurezza merita di essere affrontato con un approccio pragmatico, capace di andare oltre le divisioni partitiche.<\/p>\n\n\n\n<p>Un esempio virtuoso di come la sicurezza possa essere trattata in modo costruttivo viene dalla nostra associazione: attraverso un confronto costante con il governo e le amministrazioni locali, ASSIV lavora per promuovere soluzioni efficaci e bilanciate, che tengano conto sia della necessit\u00e0 di protezione che del rispetto delle libert\u00e0 individuali. Questo approccio dimostra come sia possibile affrontare il tema della sicurezza senza cadere in una contrapposizione ideologica, ma anzi favorendo un dialogo costruttivo tra tutti gli attori coinvolti.<\/p>\n\n\n\n<p>La vera sfida del nostro tempo consiste infatti nel bilanciare efficacemente sicurezza e libert\u00e0. Una societ\u00e0 sicura non pu\u00f2 prescindere dal rispetto delle libert\u00e0 individuali, e viceversa. Questo equilibrio richiede un impegno congiunto e trasversale da parte di tutte le forze politiche, che devono collaborare per sviluppare strategie che garantiscano la protezione dei cittadini senza compromettere i diritti fondamentali.<\/p>\n\n\n\n<p>\u00c8 fondamentale che la sicurezza venga inserita nell&#8217;agenda politica di tutti i partiti, non come terreno di scontro ideologico, ma come spazio di confronto costruttivo. Solo attraverso un dialogo aperto e collaborativo \u00e8 possibile elaborare programmi efficaci che rispondano alle reali esigenze della popolazione. Questo approccio richiede la volont\u00e0 di superare le barriere partitiche e di riconoscere che, quando si tratta di sicurezza, ci\u00f2 che conta non \u00e8 l&#8217;appartenenza politica, ma l&#8217;efficacia delle soluzioni proposte.<\/p>\n\n\n\n<p>La sicurezza non \u00e8 insomma n\u00e9 di destra n\u00e9 di sinistra: \u00e8 un diritto fondamentale di ogni cittadino e una responsabilit\u00e0 collettiva. Le forze politiche hanno il dovere di collaborare per garantire un ambiente sicuro e libero per tutti. Solo attraverso un impegno condiviso e una visione unitaria \u00e8 possibile affrontare con successo le sfide legate alla sicurezza nel mondo contemporaneo.<\/p>\n\n\n\n<p>Qui gli articoli di stampa: <\/p>\n\n\n\n<figure class=\"wp-block-embed is-type-wp-embed is-provider-alghero-eco wp-block-embed-alghero-eco\"><div class=\"wp-block-embed__wrapper\">\n<blockquote class=\"wp-embedded-content\" data-secret=\"MFjMBkKuru\"><a href=\"https:\/\/www.algheroeco.com\/fdi-alghero-sicurezza-priorita-la-sinistra-volta-la-testa-dallaltra-parte\/\">FdI Alghero: &#8220;Sicurezza priorit\u00e0, la sinistra volta la testa dall&#8217;altra parte&#8221;<\/a><\/blockquote><iframe class=\"wp-embedded-content\" sandbox=\"allow-scripts\" security=\"restricted\" style=\"position: absolute; visibility: hidden;\" title=\"&#8220;FdI Alghero: &#8220;Sicurezza priorit\u00e0, la sinistra volta la testa dall&#8217;altra parte&#8221;&#8221; &#8212; Alghero Eco\" src=\"https:\/\/www.algheroeco.com\/fdi-alghero-sicurezza-priorita-la-sinistra-volta-la-testa-dallaltra-parte\/embed\/#?secret=vdXoqxyb96#?secret=MFjMBkKuru\" data-secret=\"MFjMBkKuru\" width=\"600\" height=\"338\" frameborder=\"0\" marginwidth=\"0\" marginheight=\"0\" scrolling=\"no\"><\/iframe>\n<\/div><\/figure>\n","protected":false},"excerpt":{"rendered":"<p>La sicurezza \u00e8 tema centrale nella vita di ogni cittadino e rappresenta un pilastro fondamentale per il funzionamento armonioso della societ\u00e0. Tuttavia, troppo spesso viene affrontata in modo polarizzante, con il rischio di ridurla a una mera bandiera politica. Questo atteggiamento pu\u00f2 distogliere l&#8217;attenzione dalla vera essenza della questione: la sicurezza non ha colore politico<\/p>\n","protected":false},"author":2,"featured_media":21127,"comment_status":"closed","ping_status":"closed","sticky":false,"template":"","format":"standard","meta":{"footnotes":""},"categories":[218],"tags":[159,341,124,111,112,158,136,125],"class_list":{"0":"post-21125","1":"post","2":"type-post","3":"status-publish","4":"format-standard","5":"has-post-thumbnail","7":"category-sicurezza","8":"tag-assiv","9":"tag-ministero-interno","10":"tag-sicurezza","11":"tag-sicurezza-privata","12":"tag-sicurezza-urbana","13":"tag-videosorveglianza","14":"tag-vigilanza","15":"tag-vigilanza-privata"},"yoast_head":"<!-- This site is optimized with the Yoast SEO plugin v26.0 - https:\/\/yoast.com\/wordpress\/plugins\/seo\/ -->\n<title>Sicurezza: un diritto di tutti che va oltre le divisioni politiche<\/title>\n<meta name=\"description\" content=\"Sicurezza: un diritto di tutti che va oltre le divisioni politiche\" \/>\n<meta name=\"robots\" content=\"index, follow, max-snippet:-1, max-image-preview:large, max-video-preview:-1\" \/>\n<link rel=\"canonical\" href=\"https:\/\/blog.assiv.it\/index.php\/2025\/03\/06\/sicurezza-un-diritto-di-tutti-che-va-oltre-le-divisioni-politiche\/\" \/>\n<meta property=\"og:locale\" content=\"it_IT\" \/>\n<meta property=\"og:type\" content=\"article\" \/>\n<meta property=\"og:title\" content=\"Sicurezza: un diritto di tutti che va oltre le divisioni politiche\" \/>\n<meta property=\"og:description\" content=\"Sicurezza: un diritto di tutti che va oltre le divisioni politiche\" \/>\n<meta property=\"og:url\" content=\"https:\/\/blog.assiv.it\/index.php\/2025\/03\/06\/sicurezza-un-diritto-di-tutti-che-va-oltre-le-divisioni-politiche\/\" \/>\n<meta property=\"og:site_name\" content=\"Blog.Assiv\" \/>\n<meta property=\"article:publisher\" content=\"https:\/\/www.facebook.com\/associazionevigilanza\/\" \/>\n<meta property=\"article:published_time\" content=\"2025-03-06T15:00:44+00:00\" \/>\n<meta property=\"article:modified_time\" content=\"2025-03-06T15:05:21+00:00\" \/>\n<meta property=\"og:image\" content=\"https:\/\/blog.assiv.it\/wp-content\/uploads\/2025\/03\/Lungomare-Alghero.jpg\" \/>\n\t<meta property=\"og:image:width\" content=\"2048\" \/>\n\t<meta property=\"og:image:height\" content=\"1536\" \/>\n\t<meta property=\"og:image:type\" content=\"image\/jpeg\" \/>\n<meta name=\"author\" content=\"Alina Corradini\" \/>\n<meta name=\"twitter:card\" content=\"summary_large_image\" \/>\n<meta name=\"twitter:label1\" content=\"Scritto da\" \/>\n\t<meta name=\"twitter:data1\" content=\"Alina Corradini\" \/>\n\t<meta name=\"twitter:label2\" content=\"Tempo di lettura stimato\" \/>\n\t<meta name=\"twitter:data2\" content=\"3 minuti\" \/>\n<script type=\"application\/ld+json\" class=\"yoast-schema-graph\">{\"@context\":\"https:\/\/schema.org\",\"@graph\":[{\"@type\":\"Article\",\"@id\":\"https:\/\/blog.assiv.it\/index.php\/2025\/03\/06\/sicurezza-un-diritto-di-tutti-che-va-oltre-le-divisioni-politiche\/#article\",\"isPartOf\":{\"@id\":\"https:\/\/blog.assiv.it\/index.php\/2025\/03\/06\/sicurezza-un-diritto-di-tutti-che-va-oltre-le-divisioni-politiche\/\"},\"author\":{\"name\":\"Alina Corradini\",\"@id\":\"https:\/\/blog.assiv.it\/#\/schema\/person\/e67e6bfe974265213521b17bcb72f56c\"},\"headline\":\"Sicurezza: un diritto di tutti che va oltre le divisioni politiche\",\"datePublished\":\"2025-03-06T15:00:44+00:00\",\"dateModified\":\"2025-03-06T15:05:21+00:00\",\"mainEntityOfPage\":{\"@id\":\"https:\/\/blog.assiv.it\/index.php\/2025\/03\/06\/sicurezza-un-diritto-di-tutti-che-va-oltre-le-divisioni-politiche\/\"},\"wordCount\":434,\"publisher\":{\"@id\":\"https:\/\/blog.assiv.it\/#organization\"},\"image\":{\"@id\":\"https:\/\/blog.assiv.it\/index.php\/2025\/03\/06\/sicurezza-un-diritto-di-tutti-che-va-oltre-le-divisioni-politiche\/#primaryimage\"},\"thumbnailUrl\":\"https:\/\/blog.assiv.it\/wp-content\/uploads\/2025\/03\/Lungomare-Alghero.jpg\",\"keywords\":[\"ASSIV\",\"Ministero Interno\",\"sicurezza\",\"Sicurezza privata\",\"sicurezza urbana\",\"videosorveglianza\",\"vigilanza\",\"vigilanza privata\"],\"articleSection\":[\"Sicurezza\"],\"inLanguage\":\"it-IT\"},{\"@type\":\"WebPage\",\"@id\":\"https:\/\/blog.assiv.it\/index.php\/2025\/03\/06\/sicurezza-un-diritto-di-tutti-che-va-oltre-le-divisioni-politiche\/\",\"url\":\"https:\/\/blog.assiv.it\/index.php\/2025\/03\/06\/sicurezza-un-diritto-di-tutti-che-va-oltre-le-divisioni-politiche\/\",\"name\":\"Sicurezza: un diritto di tutti che va oltre le divisioni politiche\",\"isPartOf\":{\"@id\":\"https:\/\/blog.assiv.it\/#website\"},\"primaryImageOfPage\":{\"@id\":\"https:\/\/blog.assiv.it\/index.php\/2025\/03\/06\/sicurezza-un-diritto-di-tutti-che-va-oltre-le-divisioni-politiche\/#primaryimage\"},\"image\":{\"@id\":\"https:\/\/blog.assiv.it\/index.php\/2025\/03\/06\/sicurezza-un-diritto-di-tutti-che-va-oltre-le-divisioni-politiche\/#primaryimage\"},\"thumbnailUrl\":\"https:\/\/blog.assiv.it\/wp-content\/uploads\/2025\/03\/Lungomare-Alghero.jpg\",\"datePublished\":\"2025-03-06T15:00:44+00:00\",\"dateModified\":\"2025-03-06T15:05:21+00:00\",\"description\":\"Sicurezza: un diritto di tutti che va oltre le divisioni politiche\",\"breadcrumb\":{\"@id\":\"https:\/\/blog.assiv.it\/index.php\/2025\/03\/06\/sicurezza-un-diritto-di-tutti-che-va-oltre-le-divisioni-politiche\/#breadcrumb\"},\"inLanguage\":\"it-IT\",\"potentialAction\":[{\"@type\":\"ReadAction\",\"target\":[\"https:\/\/blog.assiv.it\/index.php\/2025\/03\/06\/sicurezza-un-diritto-di-tutti-che-va-oltre-le-divisioni-politiche\/\"]}]},{\"@type\":\"ImageObject\",\"inLanguage\":\"it-IT\",\"@id\":\"https:\/\/blog.assiv.it\/index.php\/2025\/03\/06\/sicurezza-un-diritto-di-tutti-che-va-oltre-le-divisioni-politiche\/#primaryimage\",\"url\":\"https:\/\/blog.assiv.it\/wp-content\/uploads\/2025\/03\/Lungomare-Alghero.jpg\",\"contentUrl\":\"https:\/\/blog.assiv.it\/wp-content\/uploads\/2025\/03\/Lungomare-Alghero.jpg\",\"width\":2048,\"height\":1536},{\"@type\":\"BreadcrumbList\",\"@id\":\"https:\/\/blog.assiv.it\/index.php\/2025\/03\/06\/sicurezza-un-diritto-di-tutti-che-va-oltre-le-divisioni-politiche\/#breadcrumb\",\"itemListElement\":[{\"@type\":\"ListItem\",\"position\":1,\"name\":\"Home\",\"item\":\"https:\/\/blog.assiv.it\/\"},{\"@type\":\"ListItem\",\"position\":2,\"name\":\"Sicurezza: un diritto di tutti che va oltre le divisioni politiche\"}]},{\"@type\":\"WebSite\",\"@id\":\"https:\/\/blog.assiv.it\/#website\",\"url\":\"https:\/\/blog.assiv.it\/\",\"name\":\"Blog.Assiv\",\"description\":\"Associazione Italiana Vigilanza e Servizi di Sicurezza\",\"publisher\":{\"@id\":\"https:\/\/blog.assiv.it\/#organization\"},\"potentialAction\":[{\"@type\":\"SearchAction\",\"target\":{\"@type\":\"EntryPoint\",\"urlTemplate\":\"https:\/\/blog.assiv.it\/?s={search_term_string}\"},\"query-input\":{\"@type\":\"PropertyValueSpecification\",\"valueRequired\":true,\"valueName\":\"search_term_string\"}}],\"inLanguage\":\"it-IT\"},{\"@type\":\"Organization\",\"@id\":\"https:\/\/blog.assiv.it\/#organization\",\"name\":\"Blog.Assiv\",\"url\":\"https:\/\/blog.assiv.it\/\",\"logo\":{\"@type\":\"ImageObject\",\"inLanguage\":\"it-IT\",\"@id\":\"https:\/\/blog.assiv.it\/#\/schema\/logo\/image\/\",\"url\":\"https:\/\/blog.assiv.it\/wp-content\/uploads\/2024\/08\/blog_assiv_logg_color.png\",\"contentUrl\":\"https:\/\/blog.assiv.it\/wp-content\/uploads\/2024\/08\/blog_assiv_logg_color.png\",\"width\":400,\"height\":102,\"caption\":\"Blog.Assiv\"},\"image\":{\"@id\":\"https:\/\/blog.assiv.it\/#\/schema\/logo\/image\/\"},\"sameAs\":[\"https:\/\/www.facebook.com\/associazionevigilanza\/\",\"https:\/\/www.linkedin.com\/in\/ass-i-v-vigilanza-e-servizi-fiduciari-6923b6169\/\"]},{\"@type\":\"Person\",\"@id\":\"https:\/\/blog.assiv.it\/#\/schema\/person\/e67e6bfe974265213521b17bcb72f56c\",\"name\":\"Alina Corradini\",\"image\":{\"@type\":\"ImageObject\",\"inLanguage\":\"it-IT\",\"@id\":\"https:\/\/blog.assiv.it\/#\/schema\/person\/image\/\",\"url\":\"https:\/\/secure.gravatar.com\/avatar\/4132aee8f9bd4bdecdebca6030c86e8da29e7fce98ad2ff7f1dcb17155c4ea90?s=96&d=mm&r=g\",\"contentUrl\":\"https:\/\/secure.gravatar.com\/avatar\/4132aee8f9bd4bdecdebca6030c86e8da29e7fce98ad2ff7f1dcb17155c4ea90?s=96&d=mm&r=g\",\"caption\":\"Alina Corradini\"},\"url\":\"https:\/\/blog.assiv.it\/index.php\/author\/alina-corradini\/\"}]}<\/script>\n<!-- \/ Yoast SEO plugin. -->","yoast_head_json":{"title":"Sicurezza: un diritto di tutti che va oltre le divisioni politiche","description":"Sicurezza: un diritto di tutti che va oltre le divisioni politiche","robots":{"index":"index","follow":"follow","max-snippet":"max-snippet:-1","max-image-preview":"max-image-preview:large","max-video-preview":"max-video-preview:-1"},"canonical":"https:\/\/blog.assiv.it\/index.php\/2025\/03\/06\/sicurezza-un-diritto-di-tutti-che-va-oltre-le-divisioni-politiche\/","og_locale":"it_IT","og_type":"article","og_title":"Sicurezza: un diritto di tutti che va oltre le divisioni politiche","og_description":"Sicurezza: un diritto di tutti che va oltre le divisioni politiche","og_url":"https:\/\/blog.assiv.it\/index.php\/2025\/03\/06\/sicurezza-un-diritto-di-tutti-che-va-oltre-le-divisioni-politiche\/","og_site_name":"Blog.Assiv","article_publisher":"https:\/\/www.facebook.com\/associazionevigilanza\/","article_published_time":"2025-03-06T15:00:44+00:00","article_modified_time":"2025-03-06T15:05:21+00:00","og_image":[{"width":2048,"height":1536,"url":"https:\/\/blog.assiv.it\/wp-content\/uploads\/2025\/03\/Lungomare-Alghero.jpg","type":"image\/jpeg"}],"author":"Alina Corradini","twitter_card":"summary_large_image","twitter_misc":{"Scritto da":"Alina Corradini","Tempo di lettura stimato":"3 minuti"},"schema":{"@context":"https:\/\/schema.org","@graph":[{"@type":"Article","@id":"https:\/\/blog.assiv.it\/index.php\/2025\/03\/06\/sicurezza-un-diritto-di-tutti-che-va-oltre-le-divisioni-politiche\/#article","isPartOf":{"@id":"https:\/\/blog.assiv.it\/index.php\/2025\/03\/06\/sicurezza-un-diritto-di-tutti-che-va-oltre-le-divisioni-politiche\/"},"author":{"name":"Alina Corradini","@id":"https:\/\/blog.assiv.it\/#\/schema\/person\/e67e6bfe974265213521b17bcb72f56c"},"headline":"Sicurezza: un diritto di tutti che va oltre le divisioni politiche","datePublished":"2025-03-06T15:00:44+00:00","dateModified":"2025-03-06T15:05:21+00:00","mainEntityOfPage":{"@id":"https:\/\/blog.assiv.it\/index.php\/2025\/03\/06\/sicurezza-un-diritto-di-tutti-che-va-oltre-le-divisioni-politiche\/"},"wordCount":434,"publisher":{"@id":"https:\/\/blog.assiv.it\/#organization"},"image":{"@id":"https:\/\/blog.assiv.it\/index.php\/2025\/03\/06\/sicurezza-un-diritto-di-tutti-che-va-oltre-le-divisioni-politiche\/#primaryimage"},"thumbnailUrl":"https:\/\/blog.assiv.it\/wp-content\/uploads\/2025\/03\/Lungomare-Alghero.jpg","keywords":["ASSIV","Ministero Interno","sicurezza","Sicurezza privata","sicurezza urbana","videosorveglianza","vigilanza","vigilanza privata"],"articleSection":["Sicurezza"],"inLanguage":"it-IT"},{"@type":"WebPage","@id":"https:\/\/blog.assiv.it\/index.php\/2025\/03\/06\/sicurezza-un-diritto-di-tutti-che-va-oltre-le-divisioni-politiche\/","url":"https:\/\/blog.assiv.it\/index.php\/2025\/03\/06\/sicurezza-un-diritto-di-tutti-che-va-oltre-le-divisioni-politiche\/","name":"Sicurezza: un diritto di tutti che va oltre le divisioni politiche","isPartOf":{"@id":"https:\/\/blog.assiv.it\/#website"},"primaryImageOfPage":{"@id":"https:\/\/blog.assiv.it\/index.php\/2025\/03\/06\/sicurezza-un-diritto-di-tutti-che-va-oltre-le-divisioni-politiche\/#primaryimage"},"image":{"@id":"https:\/\/blog.assiv.it\/index.php\/2025\/03\/06\/sicurezza-un-diritto-di-tutti-che-va-oltre-le-divisioni-politiche\/#primaryimage"},"thumbnailUrl":"https:\/\/blog.assiv.it\/wp-content\/uploads\/2025\/03\/Lungomare-Alghero.jpg","datePublished":"2025-03-06T15:00:44+00:00","dateModified":"2025-03-06T15:05:21+00:00","description":"Sicurezza: un diritto di tutti che va oltre le divisioni politiche","breadcrumb":{"@id":"https:\/\/blog.assiv.it\/index.php\/2025\/03\/06\/sicurezza-un-diritto-di-tutti-che-va-oltre-le-divisioni-politiche\/#breadcrumb"},"inLanguage":"it-IT","potentialAction":[{"@type":"ReadAction","target":["https:\/\/blog.assiv.it\/index.php\/2025\/03\/06\/sicurezza-un-diritto-di-tutti-che-va-oltre-le-divisioni-politiche\/"]}]},{"@type":"ImageObject","inLanguage":"it-IT","@id":"https:\/\/blog.assiv.it\/index.php\/2025\/03\/06\/sicurezza-un-diritto-di-tutti-che-va-oltre-le-divisioni-politiche\/#primaryimage","url":"https:\/\/blog.assiv.it\/wp-content\/uploads\/2025\/03\/Lungomare-Alghero.jpg","contentUrl":"https:\/\/blog.assiv.it\/wp-content\/uploads\/2025\/03\/Lungomare-Alghero.jpg","width":2048,"height":1536},{"@type":"BreadcrumbList","@id":"https:\/\/blog.assiv.it\/index.php\/2025\/03\/06\/sicurezza-un-diritto-di-tutti-che-va-oltre-le-divisioni-politiche\/#breadcrumb","itemListElement":[{"@type":"ListItem","position":1,"name":"Home","item":"https:\/\/blog.assiv.it\/"},{"@type":"ListItem","position":2,"name":"Sicurezza: un diritto di tutti che va oltre le divisioni politiche"}]},{"@type":"WebSite","@id":"https:\/\/blog.assiv.it\/#website","url":"https:\/\/blog.assiv.it\/","name":"Blog.Assiv","description":"Associazione Italiana Vigilanza e Servizi di Sicurezza","publisher":{"@id":"https:\/\/blog.assiv.it\/#organization"},"potentialAction":[{"@type":"SearchAction","target":{"@type":"EntryPoint","urlTemplate":"https:\/\/blog.assiv.it\/?s={search_term_string}"},"query-input":{"@type":"PropertyValueSpecification","valueRequired":true,"valueName":"search_term_string"}}],"inLanguage":"it-IT"},{"@type":"Organization","@id":"https:\/\/blog.assiv.it\/#organization","name":"Blog.Assiv","url":"https:\/\/blog.assiv.it\/","logo":{"@type":"ImageObject","inLanguage":"it-IT","@id":"https:\/\/blog.assiv.it\/#\/schema\/logo\/image\/","url":"https:\/\/blog.assiv.it\/wp-content\/uploads\/2024\/08\/blog_assiv_logg_color.png","contentUrl":"https:\/\/blog.assiv.it\/wp-content\/uploads\/2024\/08\/blog_assiv_logg_color.png","width":400,"height":102,"caption":"Blog.Assiv"},"image":{"@id":"https:\/\/blog.assiv.it\/#\/schema\/logo\/image\/"},"sameAs":["https:\/\/www.facebook.com\/associazionevigilanza\/","https:\/\/www.linkedin.com\/in\/ass-i-v-vigilanza-e-servizi-fiduciari-6923b6169\/"]},{"@type":"Person","@id":"https:\/\/blog.assiv.it\/#\/schema\/person\/e67e6bfe974265213521b17bcb72f56c","name":"Alina Corradini","image":{"@type":"ImageObject","inLanguage":"it-IT","@id":"https:\/\/blog.assiv.it\/#\/schema\/person\/image\/","url":"https:\/\/secure.gravatar.com\/avatar\/4132aee8f9bd4bdecdebca6030c86e8da29e7fce98ad2ff7f1dcb17155c4ea90?s=96&d=mm&r=g","contentUrl":"https:\/\/secure.gravatar.com\/avatar\/4132aee8f9bd4bdecdebca6030c86e8da29e7fce98ad2ff7f1dcb17155c4ea90?s=96&d=mm&r=g","caption":"Alina Corradini"},"url":"https:\/\/blog.assiv.it\/index.php\/author\/alina-corradini\/"}]}},"amp_enabled":true,"_links":{"self":[{"href":"https:\/\/blog.assiv.it\/index.php\/wp-json\/wp\/v2\/posts\/21125","targetHints":{"allow":["GET"]}}],"collection":[{"href":"https:\/\/blog.assiv.it\/index.php\/wp-json\/wp\/v2\/posts"}],"about":[{"href":"https:\/\/blog.assiv.it\/index.php\/wp-json\/wp\/v2\/types\/post"}],"author":[{"embeddable":true,"href":"https:\/\/blog.assiv.it\/index.php\/wp-json\/wp\/v2\/users\/2"}],"replies":[{"embeddable":true,"href":"https:\/\/blog.assiv.it\/index.php\/wp-json\/wp\/v2\/comments?post=21125"}],"version-history":[{"count":1,"href":"https:\/\/blog.assiv.it\/index.php\/wp-json\/wp\/v2\/posts\/21125\/revisions"}],"predecessor-version":[{"id":21128,"href":"https:\/\/blog.assiv.it\/index.php\/wp-json\/wp\/v2\/posts\/21125\/revisions\/21128"}],"wp:featuredmedia":[{"embeddable":true,"href":"https:\/\/blog.assiv.it\/index.php\/wp-json\/wp\/v2\/media\/21127"}],"wp:attachment":[{"href":"https:\/\/blog.assiv.it\/index.php\/wp-json\/wp\/v2\/media?parent=21125"}],"wp:term":[{"taxonomy":"category","embeddable":true,"href":"https:\/\/blog.assiv.it\/index.php\/wp-json\/wp\/v2\/categories?post=21125"},{"taxonomy":"post_tag","embeddable":true,"href":"https:\/\/blog.assiv.it\/index.php\/wp-json\/wp\/v2\/tags?post=21125"}],"curies":[{"name":"wp","href":"https:\/\/api.w.org\/{rel}","templated":true}]}}