{"id":21135,"date":"2025-03-07T11:14:40","date_gmt":"2025-03-07T10:14:40","guid":{"rendered":"https:\/\/blog.assiv.it\/?p=21135"},"modified":"2025-03-07T11:14:44","modified_gmt":"2025-03-07T10:14:44","slug":"al-via-lattuazione-nazionale-delleucc-il-primo-sistema-europeo-di-certificazione-della-cybersicurezza","status":"publish","type":"post","link":"https:\/\/blog.assiv.it\/index.php\/2025\/03\/07\/al-via-lattuazione-nazionale-delleucc-il-primo-sistema-europeo-di-certificazione-della-cybersicurezza\/","title":{"rendered":"Al via l\u2019attuazione nazionale dell\u2019EUCC, il primo sistema europeo di certificazione della cybersicurezza"},"content":{"rendered":"\n<h3 class=\"wp-block-heading\"><strong><em>ACN adotta le linee guida nazionali relative all\u2019European Common Criteria<\/em><\/strong><\/h3>\n\n\n\n<p>L\u2019Agenzia per la cybersicurezza nazionale ha adottato le linee guida per l\u2019attuazione nazionale del primo&nbsp;<strong>sistema europeo di certificazione della cybersicurezza<\/strong>&nbsp;<strong><a href=\"https:\/\/eur-lex.europa.eu\/legal-content\/IT\/ALL\/?uri=OJ:L_202400482\" target=\"_blank\" rel=\"noreferrer noopener\">EUCC: apre un link esterno<\/a><\/strong>&nbsp;(<strong>European Common Criteria<\/strong>).<\/p>\n\n\n\n<p>Le quattro linee guida, adottate con Decreto direttoriale n. 12053 del 03 febbraio 2025 a firma del Direttore Generale, riguardano:<\/p>\n\n\n\n<ul class=\"wp-block-list\">\n<li>le attivit\u00e0 di\u00a0<strong>vigilanza nazionale<\/strong>\u00a0e di autorizzazione per il sistema EUCC (<a href=\"https:\/\/www.acn.gov.it\/portale\/documents\/d\/guest\/lg1-ncca_v1-0\">linea guida NCCA n. 1<\/a>);<\/li>\n\n\n\n<li>le caratteristiche generali e gli attori coinvolti nel processo di certificazione dell\u2019<strong>Organismo di Certificazione della Sicurezza Informatica<\/strong>\u00a0(<a href=\"https:\/\/www.acn.gov.it\/portale\/documents\/d\/guest\/lg1-ocsi_v1-0\">linea guida OCSI n. 1\u00a0<\/a>\u2013 Sistema EUCC);<\/li>\n\n\n\n<li>l\u2019<strong>abilitazione dei laboratori per la valutazione della sicurezza per il sistema EUCC<\/strong>\u00a0(<a href=\"https:\/\/www.acn.gov.it\/portale\/documents\/d\/guest\/lg2-ocsi_v1-0\">linea guida OCSI n.2<\/a>);<\/li>\n\n\n\n<li>le attivit\u00e0 di\u00a0<strong>valutazione ed emissione dei certificati per il sistema EUCC\u00a0<\/strong>(<a href=\"https:\/\/www.acn.gov.it\/portale\/documents\/d\/guest\/lg3-ocsi_v1-0\">linea guida OCSI n. 3<\/a>).<\/li>\n<\/ul>\n\n\n\n<p>Il decreto direttoriale di ACN disciplina l\u2019operativit\u00e0 dell\u2019<strong>Autorit\u00e0 nazionale di certificazione della cybersicurezza<\/strong>&nbsp;(NCCA) e dell\u2019<strong><a href=\"https:\/\/www.ocsi.gov.it\/\" target=\"_blank\" rel=\"noreferrer noopener\">Organismo di Certificazione della Sicurezza Informatica: apre un link esterno<\/a><\/strong>, nel contesto del primo sistema di certificazione europeo EUCC, adottato quest\u2019ultimo con regolamento di esecuzione della Commissione europea n. 2024\/482. Il decreto, inoltre, consolida l\u2019organizzazione di ACN per lo svolgimento dei compiti di vigilanza e autorizzazione degli Organismi di Valutazione (CAB \u2013 Conformity Assessment Body) da parte dell\u2019NCCA e di emissione dei certificati da parte di OCSI.<\/p>\n\n\n\n<p><strong>Le linee guida<\/strong><\/p>\n\n\n\n<p>La&nbsp;<strong>linea guida NCCA<\/strong>&nbsp;n.1 definisce le attivit\u00e0 di<strong>&nbsp;vigilanza nazionale<\/strong>&nbsp;dell\u2019autorit\u00e0 sugli organismi di valutazione della conformit\u00e0 accreditati (in particolare laboratori e organismi di certificazione) e sui titolari dei certificati con la possibilit\u00e0 di emettere sanzioni pecuniarie. Si stabiliscono, inoltre, le modalit\u00e0 per l\u2019autorizzazione degli organismi di valutazione della conformit\u00e0 all\u2019emissione dei certificati di livello elevato.<\/p>\n\n\n\n<p>Le restanti linee guida disciplinano invece l\u2019<strong>operativit\u00e0 OCSI,<\/strong>&nbsp;gi\u00e0 stabilito con DPCM 30\/10\/2003 per sovraintendere allo Schema nazionale di certificazione della cybersicurezza, nell\u2019emissione dei certificati di cybersicurezza EUCC (Art. 6 del d.lgs. 123 2022).<\/p>\n\n\n\n<p>La linea guida OCSI n.1 tratta delle caratteristiche generali dell\u2019<strong>attuazione nazionale del sistema EUCC in Italia<\/strong>, individuando gli attori principali. Si individua l\u2019<strong>OCSI come unico organismo di certificazione titolato&nbsp;<\/strong>all\u2019emissione di certificati di livello elevato per l\u2019EUCC. La linea guida OCSI n. 2 individua le&nbsp;<strong>modalit\u00e0 di abilitazione dei laboratori di prova&nbsp;<\/strong>che intendano operare per conto dell\u2019OCSI. La linea guida OCSI n.3 descrive il<strong>&nbsp;processo di certificazione e successivo monitoraggio dei certificati<\/strong>&nbsp;per la continuit\u00e0 delle garanzie nel tempo.<\/p>\n\n\n\n<p>Le linee guida, infine, sono adottate in attuazione dell\u2019art. 4, comma 2, del&nbsp;<a href=\"https:\/\/www.normattiva.it\/uri-res\/N2Ls?urn:nir:stato:decreto.legislativo:2022-08-03;123!vig\" target=\"_blank\" rel=\"noreferrer noopener\">Decreto legislativo n.123 del 2022: apre un link esterno<\/a>.<\/p>\n\n\n\n<p>Fonte:&nbsp;<a href=\"https:\/\/www.acn.gov.it\/portale\/w\/al-via-l-attuazione-nazionale-dell-eucc-il-primo-sistema-europeo-di-certificazione-della-cybersicurezza\">ANC<\/a><\/p>\n","protected":false},"excerpt":{"rendered":"<p>ACN adotta le linee guida nazionali relative all\u2019European Common Criteria L\u2019Agenzia per la cybersicurezza nazionale ha adottato le linee guida per l\u2019attuazione nazionale del primo&nbsp;sistema europeo di certificazione della cybersicurezza&nbsp;EUCC: apre un link esterno&nbsp;(European Common Criteria). Le quattro linee guida, adottate con Decreto direttoriale n. 12053 del 03 febbraio 2025 a firma del Direttore Generale,<\/p>\n","protected":false},"author":2,"featured_media":21137,"comment_status":"closed","ping_status":"closed","sticky":false,"template":"","format":"standard","meta":{"footnotes":""},"categories":[219],"tags":[755,231,480,756,757],"class_list":{"0":"post-21135","1":"post","2":"type-post","3":"status-publish","4":"format-standard","5":"has-post-thumbnail","7":"category-innovazione-tecnologica","8":"tag-anc","9":"tag-certificazione","10":"tag-cyber","11":"tag-cyber-security","12":"tag-eucc"},"yoast_head":"<!-- This site is optimized with the Yoast SEO plugin v26.0 - https:\/\/yoast.com\/wordpress\/plugins\/seo\/ -->\n<title>Al via l\u2019attuazione nazionale dell\u2019EUCC, il primo sistema europeo di certificazione della cybersicurezza<\/title>\n<meta name=\"description\" content=\"Al via l\u2019attuazione nazionale dell\u2019EUCC, il primo sistema europeo di certificazione della cybersicurezza\" \/>\n<meta name=\"robots\" content=\"index, follow, max-snippet:-1, max-image-preview:large, max-video-preview:-1\" \/>\n<link rel=\"canonical\" href=\"https:\/\/blog.assiv.it\/index.php\/2025\/03\/07\/al-via-lattuazione-nazionale-delleucc-il-primo-sistema-europeo-di-certificazione-della-cybersicurezza\/\" \/>\n<meta property=\"og:locale\" content=\"it_IT\" \/>\n<meta property=\"og:type\" content=\"article\" \/>\n<meta property=\"og:title\" content=\"Al via l\u2019attuazione nazionale dell\u2019EUCC, il primo sistema europeo di certificazione della cybersicurezza\" \/>\n<meta property=\"og:description\" content=\"Al via l\u2019attuazione nazionale dell\u2019EUCC, il primo sistema europeo di certificazione della cybersicurezza\" \/>\n<meta property=\"og:url\" content=\"https:\/\/blog.assiv.it\/index.php\/2025\/03\/07\/al-via-lattuazione-nazionale-delleucc-il-primo-sistema-europeo-di-certificazione-della-cybersicurezza\/\" \/>\n<meta property=\"og:site_name\" content=\"Blog.Assiv\" \/>\n<meta property=\"article:publisher\" content=\"https:\/\/www.facebook.com\/associazionevigilanza\/\" \/>\n<meta property=\"article:published_time\" content=\"2025-03-07T10:14:40+00:00\" \/>\n<meta property=\"article:modified_time\" content=\"2025-03-07T10:14:44+00:00\" \/>\n<meta property=\"og:image\" content=\"https:\/\/blog.assiv.it\/wp-content\/uploads\/2025\/03\/ANC.webp\" \/>\n\t<meta property=\"og:image:width\" content=\"1974\" \/>\n\t<meta property=\"og:image:height\" content=\"524\" \/>\n\t<meta property=\"og:image:type\" content=\"image\/webp\" \/>\n<meta name=\"author\" content=\"Alina Corradini\" \/>\n<meta name=\"twitter:card\" content=\"summary_large_image\" \/>\n<meta name=\"twitter:label1\" content=\"Scritto da\" \/>\n\t<meta name=\"twitter:data1\" content=\"Alina Corradini\" \/>\n\t<meta name=\"twitter:label2\" content=\"Tempo di lettura stimato\" \/>\n\t<meta name=\"twitter:data2\" content=\"3 minuti\" \/>\n<script type=\"application\/ld+json\" class=\"yoast-schema-graph\">{\"@context\":\"https:\/\/schema.org\",\"@graph\":[{\"@type\":\"Article\",\"@id\":\"https:\/\/blog.assiv.it\/index.php\/2025\/03\/07\/al-via-lattuazione-nazionale-delleucc-il-primo-sistema-europeo-di-certificazione-della-cybersicurezza\/#article\",\"isPartOf\":{\"@id\":\"https:\/\/blog.assiv.it\/index.php\/2025\/03\/07\/al-via-lattuazione-nazionale-delleucc-il-primo-sistema-europeo-di-certificazione-della-cybersicurezza\/\"},\"author\":{\"name\":\"Alina Corradini\",\"@id\":\"https:\/\/blog.assiv.it\/#\/schema\/person\/e67e6bfe974265213521b17bcb72f56c\"},\"headline\":\"Al via l\u2019attuazione nazionale dell\u2019EUCC, il primo sistema europeo di certificazione della cybersicurezza\",\"datePublished\":\"2025-03-07T10:14:40+00:00\",\"dateModified\":\"2025-03-07T10:14:44+00:00\",\"mainEntityOfPage\":{\"@id\":\"https:\/\/blog.assiv.it\/index.php\/2025\/03\/07\/al-via-lattuazione-nazionale-delleucc-il-primo-sistema-europeo-di-certificazione-della-cybersicurezza\/\"},\"wordCount\":451,\"publisher\":{\"@id\":\"https:\/\/blog.assiv.it\/#organization\"},\"image\":{\"@id\":\"https:\/\/blog.assiv.it\/index.php\/2025\/03\/07\/al-via-lattuazione-nazionale-delleucc-il-primo-sistema-europeo-di-certificazione-della-cybersicurezza\/#primaryimage\"},\"thumbnailUrl\":\"https:\/\/blog.assiv.it\/wp-content\/uploads\/2025\/03\/ANC.webp\",\"keywords\":[\"ANC\",\"Certificazione\",\"cyber\",\"cyber security\",\"EUCC\"],\"articleSection\":[\"Innovazione &amp; Cybersecurity\"],\"inLanguage\":\"it-IT\"},{\"@type\":\"WebPage\",\"@id\":\"https:\/\/blog.assiv.it\/index.php\/2025\/03\/07\/al-via-lattuazione-nazionale-delleucc-il-primo-sistema-europeo-di-certificazione-della-cybersicurezza\/\",\"url\":\"https:\/\/blog.assiv.it\/index.php\/2025\/03\/07\/al-via-lattuazione-nazionale-delleucc-il-primo-sistema-europeo-di-certificazione-della-cybersicurezza\/\",\"name\":\"Al via l\u2019attuazione nazionale dell\u2019EUCC, il primo sistema europeo di certificazione della cybersicurezza\",\"isPartOf\":{\"@id\":\"https:\/\/blog.assiv.it\/#website\"},\"primaryImageOfPage\":{\"@id\":\"https:\/\/blog.assiv.it\/index.php\/2025\/03\/07\/al-via-lattuazione-nazionale-delleucc-il-primo-sistema-europeo-di-certificazione-della-cybersicurezza\/#primaryimage\"},\"image\":{\"@id\":\"https:\/\/blog.assiv.it\/index.php\/2025\/03\/07\/al-via-lattuazione-nazionale-delleucc-il-primo-sistema-europeo-di-certificazione-della-cybersicurezza\/#primaryimage\"},\"thumbnailUrl\":\"https:\/\/blog.assiv.it\/wp-content\/uploads\/2025\/03\/ANC.webp\",\"datePublished\":\"2025-03-07T10:14:40+00:00\",\"dateModified\":\"2025-03-07T10:14:44+00:00\",\"description\":\"Al via l\u2019attuazione nazionale dell\u2019EUCC, il primo sistema europeo di certificazione della cybersicurezza\",\"breadcrumb\":{\"@id\":\"https:\/\/blog.assiv.it\/index.php\/2025\/03\/07\/al-via-lattuazione-nazionale-delleucc-il-primo-sistema-europeo-di-certificazione-della-cybersicurezza\/#breadcrumb\"},\"inLanguage\":\"it-IT\",\"potentialAction\":[{\"@type\":\"ReadAction\",\"target\":[\"https:\/\/blog.assiv.it\/index.php\/2025\/03\/07\/al-via-lattuazione-nazionale-delleucc-il-primo-sistema-europeo-di-certificazione-della-cybersicurezza\/\"]}]},{\"@type\":\"ImageObject\",\"inLanguage\":\"it-IT\",\"@id\":\"https:\/\/blog.assiv.it\/index.php\/2025\/03\/07\/al-via-lattuazione-nazionale-delleucc-il-primo-sistema-europeo-di-certificazione-della-cybersicurezza\/#primaryimage\",\"url\":\"https:\/\/blog.assiv.it\/wp-content\/uploads\/2025\/03\/ANC.webp\",\"contentUrl\":\"https:\/\/blog.assiv.it\/wp-content\/uploads\/2025\/03\/ANC.webp\",\"width\":1974,\"height\":524},{\"@type\":\"BreadcrumbList\",\"@id\":\"https:\/\/blog.assiv.it\/index.php\/2025\/03\/07\/al-via-lattuazione-nazionale-delleucc-il-primo-sistema-europeo-di-certificazione-della-cybersicurezza\/#breadcrumb\",\"itemListElement\":[{\"@type\":\"ListItem\",\"position\":1,\"name\":\"Home\",\"item\":\"https:\/\/blog.assiv.it\/\"},{\"@type\":\"ListItem\",\"position\":2,\"name\":\"Al via l\u2019attuazione nazionale dell\u2019EUCC, il primo sistema europeo di certificazione della cybersicurezza\"}]},{\"@type\":\"WebSite\",\"@id\":\"https:\/\/blog.assiv.it\/#website\",\"url\":\"https:\/\/blog.assiv.it\/\",\"name\":\"Blog.Assiv\",\"description\":\"Associazione Italiana Vigilanza e Servizi di Sicurezza\",\"publisher\":{\"@id\":\"https:\/\/blog.assiv.it\/#organization\"},\"potentialAction\":[{\"@type\":\"SearchAction\",\"target\":{\"@type\":\"EntryPoint\",\"urlTemplate\":\"https:\/\/blog.assiv.it\/?s={search_term_string}\"},\"query-input\":{\"@type\":\"PropertyValueSpecification\",\"valueRequired\":true,\"valueName\":\"search_term_string\"}}],\"inLanguage\":\"it-IT\"},{\"@type\":\"Organization\",\"@id\":\"https:\/\/blog.assiv.it\/#organization\",\"name\":\"Blog.Assiv\",\"url\":\"https:\/\/blog.assiv.it\/\",\"logo\":{\"@type\":\"ImageObject\",\"inLanguage\":\"it-IT\",\"@id\":\"https:\/\/blog.assiv.it\/#\/schema\/logo\/image\/\",\"url\":\"https:\/\/blog.assiv.it\/wp-content\/uploads\/2024\/08\/blog_assiv_logg_color.png\",\"contentUrl\":\"https:\/\/blog.assiv.it\/wp-content\/uploads\/2024\/08\/blog_assiv_logg_color.png\",\"width\":400,\"height\":102,\"caption\":\"Blog.Assiv\"},\"image\":{\"@id\":\"https:\/\/blog.assiv.it\/#\/schema\/logo\/image\/\"},\"sameAs\":[\"https:\/\/www.facebook.com\/associazionevigilanza\/\",\"https:\/\/www.linkedin.com\/in\/ass-i-v-vigilanza-e-servizi-fiduciari-6923b6169\/\"]},{\"@type\":\"Person\",\"@id\":\"https:\/\/blog.assiv.it\/#\/schema\/person\/e67e6bfe974265213521b17bcb72f56c\",\"name\":\"Alina Corradini\",\"image\":{\"@type\":\"ImageObject\",\"inLanguage\":\"it-IT\",\"@id\":\"https:\/\/blog.assiv.it\/#\/schema\/person\/image\/\",\"url\":\"https:\/\/secure.gravatar.com\/avatar\/4132aee8f9bd4bdecdebca6030c86e8da29e7fce98ad2ff7f1dcb17155c4ea90?s=96&d=mm&r=g\",\"contentUrl\":\"https:\/\/secure.gravatar.com\/avatar\/4132aee8f9bd4bdecdebca6030c86e8da29e7fce98ad2ff7f1dcb17155c4ea90?s=96&d=mm&r=g\",\"caption\":\"Alina Corradini\"},\"url\":\"https:\/\/blog.assiv.it\/index.php\/author\/alina-corradini\/\"}]}<\/script>\n<!-- \/ Yoast SEO plugin. -->","yoast_head_json":{"title":"Al via l\u2019attuazione nazionale dell\u2019EUCC, il primo sistema europeo di certificazione della cybersicurezza","description":"Al via l\u2019attuazione nazionale dell\u2019EUCC, il primo sistema europeo di certificazione della cybersicurezza","robots":{"index":"index","follow":"follow","max-snippet":"max-snippet:-1","max-image-preview":"max-image-preview:large","max-video-preview":"max-video-preview:-1"},"canonical":"https:\/\/blog.assiv.it\/index.php\/2025\/03\/07\/al-via-lattuazione-nazionale-delleucc-il-primo-sistema-europeo-di-certificazione-della-cybersicurezza\/","og_locale":"it_IT","og_type":"article","og_title":"Al via l\u2019attuazione nazionale dell\u2019EUCC, il primo sistema europeo di certificazione della cybersicurezza","og_description":"Al via l\u2019attuazione nazionale dell\u2019EUCC, il primo sistema europeo di certificazione della cybersicurezza","og_url":"https:\/\/blog.assiv.it\/index.php\/2025\/03\/07\/al-via-lattuazione-nazionale-delleucc-il-primo-sistema-europeo-di-certificazione-della-cybersicurezza\/","og_site_name":"Blog.Assiv","article_publisher":"https:\/\/www.facebook.com\/associazionevigilanza\/","article_published_time":"2025-03-07T10:14:40+00:00","article_modified_time":"2025-03-07T10:14:44+00:00","og_image":[{"width":1974,"height":524,"url":"https:\/\/blog.assiv.it\/wp-content\/uploads\/2025\/03\/ANC.webp","type":"image\/webp"}],"author":"Alina Corradini","twitter_card":"summary_large_image","twitter_misc":{"Scritto da":"Alina Corradini","Tempo di lettura stimato":"3 minuti"},"schema":{"@context":"https:\/\/schema.org","@graph":[{"@type":"Article","@id":"https:\/\/blog.assiv.it\/index.php\/2025\/03\/07\/al-via-lattuazione-nazionale-delleucc-il-primo-sistema-europeo-di-certificazione-della-cybersicurezza\/#article","isPartOf":{"@id":"https:\/\/blog.assiv.it\/index.php\/2025\/03\/07\/al-via-lattuazione-nazionale-delleucc-il-primo-sistema-europeo-di-certificazione-della-cybersicurezza\/"},"author":{"name":"Alina Corradini","@id":"https:\/\/blog.assiv.it\/#\/schema\/person\/e67e6bfe974265213521b17bcb72f56c"},"headline":"Al via l\u2019attuazione nazionale dell\u2019EUCC, il primo sistema europeo di certificazione della cybersicurezza","datePublished":"2025-03-07T10:14:40+00:00","dateModified":"2025-03-07T10:14:44+00:00","mainEntityOfPage":{"@id":"https:\/\/blog.assiv.it\/index.php\/2025\/03\/07\/al-via-lattuazione-nazionale-delleucc-il-primo-sistema-europeo-di-certificazione-della-cybersicurezza\/"},"wordCount":451,"publisher":{"@id":"https:\/\/blog.assiv.it\/#organization"},"image":{"@id":"https:\/\/blog.assiv.it\/index.php\/2025\/03\/07\/al-via-lattuazione-nazionale-delleucc-il-primo-sistema-europeo-di-certificazione-della-cybersicurezza\/#primaryimage"},"thumbnailUrl":"https:\/\/blog.assiv.it\/wp-content\/uploads\/2025\/03\/ANC.webp","keywords":["ANC","Certificazione","cyber","cyber security","EUCC"],"articleSection":["Innovazione &amp; Cybersecurity"],"inLanguage":"it-IT"},{"@type":"WebPage","@id":"https:\/\/blog.assiv.it\/index.php\/2025\/03\/07\/al-via-lattuazione-nazionale-delleucc-il-primo-sistema-europeo-di-certificazione-della-cybersicurezza\/","url":"https:\/\/blog.assiv.it\/index.php\/2025\/03\/07\/al-via-lattuazione-nazionale-delleucc-il-primo-sistema-europeo-di-certificazione-della-cybersicurezza\/","name":"Al via l\u2019attuazione nazionale dell\u2019EUCC, il primo sistema europeo di certificazione della cybersicurezza","isPartOf":{"@id":"https:\/\/blog.assiv.it\/#website"},"primaryImageOfPage":{"@id":"https:\/\/blog.assiv.it\/index.php\/2025\/03\/07\/al-via-lattuazione-nazionale-delleucc-il-primo-sistema-europeo-di-certificazione-della-cybersicurezza\/#primaryimage"},"image":{"@id":"https:\/\/blog.assiv.it\/index.php\/2025\/03\/07\/al-via-lattuazione-nazionale-delleucc-il-primo-sistema-europeo-di-certificazione-della-cybersicurezza\/#primaryimage"},"thumbnailUrl":"https:\/\/blog.assiv.it\/wp-content\/uploads\/2025\/03\/ANC.webp","datePublished":"2025-03-07T10:14:40+00:00","dateModified":"2025-03-07T10:14:44+00:00","description":"Al via l\u2019attuazione nazionale dell\u2019EUCC, il primo sistema europeo di certificazione della cybersicurezza","breadcrumb":{"@id":"https:\/\/blog.assiv.it\/index.php\/2025\/03\/07\/al-via-lattuazione-nazionale-delleucc-il-primo-sistema-europeo-di-certificazione-della-cybersicurezza\/#breadcrumb"},"inLanguage":"it-IT","potentialAction":[{"@type":"ReadAction","target":["https:\/\/blog.assiv.it\/index.php\/2025\/03\/07\/al-via-lattuazione-nazionale-delleucc-il-primo-sistema-europeo-di-certificazione-della-cybersicurezza\/"]}]},{"@type":"ImageObject","inLanguage":"it-IT","@id":"https:\/\/blog.assiv.it\/index.php\/2025\/03\/07\/al-via-lattuazione-nazionale-delleucc-il-primo-sistema-europeo-di-certificazione-della-cybersicurezza\/#primaryimage","url":"https:\/\/blog.assiv.it\/wp-content\/uploads\/2025\/03\/ANC.webp","contentUrl":"https:\/\/blog.assiv.it\/wp-content\/uploads\/2025\/03\/ANC.webp","width":1974,"height":524},{"@type":"BreadcrumbList","@id":"https:\/\/blog.assiv.it\/index.php\/2025\/03\/07\/al-via-lattuazione-nazionale-delleucc-il-primo-sistema-europeo-di-certificazione-della-cybersicurezza\/#breadcrumb","itemListElement":[{"@type":"ListItem","position":1,"name":"Home","item":"https:\/\/blog.assiv.it\/"},{"@type":"ListItem","position":2,"name":"Al via l\u2019attuazione nazionale dell\u2019EUCC, il primo sistema europeo di certificazione della cybersicurezza"}]},{"@type":"WebSite","@id":"https:\/\/blog.assiv.it\/#website","url":"https:\/\/blog.assiv.it\/","name":"Blog.Assiv","description":"Associazione Italiana Vigilanza e Servizi di Sicurezza","publisher":{"@id":"https:\/\/blog.assiv.it\/#organization"},"potentialAction":[{"@type":"SearchAction","target":{"@type":"EntryPoint","urlTemplate":"https:\/\/blog.assiv.it\/?s={search_term_string}"},"query-input":{"@type":"PropertyValueSpecification","valueRequired":true,"valueName":"search_term_string"}}],"inLanguage":"it-IT"},{"@type":"Organization","@id":"https:\/\/blog.assiv.it\/#organization","name":"Blog.Assiv","url":"https:\/\/blog.assiv.it\/","logo":{"@type":"ImageObject","inLanguage":"it-IT","@id":"https:\/\/blog.assiv.it\/#\/schema\/logo\/image\/","url":"https:\/\/blog.assiv.it\/wp-content\/uploads\/2024\/08\/blog_assiv_logg_color.png","contentUrl":"https:\/\/blog.assiv.it\/wp-content\/uploads\/2024\/08\/blog_assiv_logg_color.png","width":400,"height":102,"caption":"Blog.Assiv"},"image":{"@id":"https:\/\/blog.assiv.it\/#\/schema\/logo\/image\/"},"sameAs":["https:\/\/www.facebook.com\/associazionevigilanza\/","https:\/\/www.linkedin.com\/in\/ass-i-v-vigilanza-e-servizi-fiduciari-6923b6169\/"]},{"@type":"Person","@id":"https:\/\/blog.assiv.it\/#\/schema\/person\/e67e6bfe974265213521b17bcb72f56c","name":"Alina Corradini","image":{"@type":"ImageObject","inLanguage":"it-IT","@id":"https:\/\/blog.assiv.it\/#\/schema\/person\/image\/","url":"https:\/\/secure.gravatar.com\/avatar\/4132aee8f9bd4bdecdebca6030c86e8da29e7fce98ad2ff7f1dcb17155c4ea90?s=96&d=mm&r=g","contentUrl":"https:\/\/secure.gravatar.com\/avatar\/4132aee8f9bd4bdecdebca6030c86e8da29e7fce98ad2ff7f1dcb17155c4ea90?s=96&d=mm&r=g","caption":"Alina Corradini"},"url":"https:\/\/blog.assiv.it\/index.php\/author\/alina-corradini\/"}]}},"amp_enabled":true,"_links":{"self":[{"href":"https:\/\/blog.assiv.it\/index.php\/wp-json\/wp\/v2\/posts\/21135","targetHints":{"allow":["GET"]}}],"collection":[{"href":"https:\/\/blog.assiv.it\/index.php\/wp-json\/wp\/v2\/posts"}],"about":[{"href":"https:\/\/blog.assiv.it\/index.php\/wp-json\/wp\/v2\/types\/post"}],"author":[{"embeddable":true,"href":"https:\/\/blog.assiv.it\/index.php\/wp-json\/wp\/v2\/users\/2"}],"replies":[{"embeddable":true,"href":"https:\/\/blog.assiv.it\/index.php\/wp-json\/wp\/v2\/comments?post=21135"}],"version-history":[{"count":1,"href":"https:\/\/blog.assiv.it\/index.php\/wp-json\/wp\/v2\/posts\/21135\/revisions"}],"predecessor-version":[{"id":21138,"href":"https:\/\/blog.assiv.it\/index.php\/wp-json\/wp\/v2\/posts\/21135\/revisions\/21138"}],"wp:featuredmedia":[{"embeddable":true,"href":"https:\/\/blog.assiv.it\/index.php\/wp-json\/wp\/v2\/media\/21137"}],"wp:attachment":[{"href":"https:\/\/blog.assiv.it\/index.php\/wp-json\/wp\/v2\/media?parent=21135"}],"wp:term":[{"taxonomy":"category","embeddable":true,"href":"https:\/\/blog.assiv.it\/index.php\/wp-json\/wp\/v2\/categories?post=21135"},{"taxonomy":"post_tag","embeddable":true,"href":"https:\/\/blog.assiv.it\/index.php\/wp-json\/wp\/v2\/tags?post=21135"}],"curies":[{"name":"wp","href":"https:\/\/api.w.org\/{rel}","templated":true}]}}