{"id":21140,"date":"2025-03-07T11:16:53","date_gmt":"2025-03-07T10:16:53","guid":{"rendered":"https:\/\/blog.assiv.it\/?p=21140"},"modified":"2025-03-07T11:16:59","modified_gmt":"2025-03-07T10:16:59","slug":"nis-tempo-scaduto-ma-ce-una-possibilita","status":"publish","type":"post","link":"https:\/\/blog.assiv.it\/index.php\/2025\/03\/07\/nis-tempo-scaduto-ma-ce-una-possibilita\/","title":{"rendered":"NIS, tempo scaduto! Ma c\u2019\u00e8 una possibilit\u00e0"},"content":{"rendered":"\n<h3 class=\"wp-block-heading\"><em>Per i soggetti censiti si potr\u00e0 terminare la registrazione fino al prossimo 10 marzo.<\/em><\/h3>\n\n\n\n<p>Il 28 febbraio \u00e8 scaduto il termine per la&nbsp;<a href=\"https:\/\/www.acn.gov.it\/portale\/nis\/registrazione\">registrazione&nbsp;<\/a>sulla piattaforma ACN dei soggetti che rientrano nell\u2019ambito di applicazione della disciplina NIS.<\/p>\n\n\n\n<p>Tuttavia, chi non si \u00e8 ancora registrato ma ha gi\u00e0 completato il primo step, quello di censimento, potr\u00e0 terminare la registrazione anche oltre il 28 febbraio. Avr\u00e0 ancora dieci giorni per farlo, fino al&nbsp;<strong>prossimo 10 marzo<\/strong>. Inderogabilmente. Non si tratta infatti di una proroga. Abbiamo invece applicato lo stesso principio che vale per esprimere il voto ai seggi: se l\u2019elettore fa accesso al seggio prima dell\u2019orario di chiusura delle operazioni di voto, pu\u00f2 sempre esercitare il suo diritto civico.<\/p>\n\n\n\n<p>ACN esprime l\u2019auspicio che i soggetti che ritengono di essere in ambito NIS sfruttino questa ulteriore possibilit\u00e0 per registrarsi. Ricordate, registrarsi \u00e8 importante per la nostra sicurezza digitale!<\/p>\n\n\n\n<p>Fonte:<a href=\"https:\/\/www.acn.gov.it\/portale\/w\/nis-tempo-scaduto-ma-c-e-una-possibilita\">&nbsp;ANC<\/a><\/p>\n","protected":false},"excerpt":{"rendered":"<p>Per i soggetti censiti si potr\u00e0 terminare la registrazione fino al prossimo 10 marzo. Il 28 febbraio \u00e8 scaduto il termine per la&nbsp;registrazione&nbsp;sulla piattaforma ACN dei soggetti che rientrano nell\u2019ambito di applicazione della disciplina NIS. Tuttavia, chi non si \u00e8 ancora registrato ma ha gi\u00e0 completato il primo step, quello di censimento, potr\u00e0 terminare la<\/p>\n","protected":false},"author":2,"featured_media":21142,"comment_status":"closed","ping_status":"closed","sticky":false,"template":"","format":"standard","meta":{"footnotes":""},"categories":[219],"tags":[755,480,758,485],"class_list":{"0":"post-21140","1":"post","2":"type-post","3":"status-publish","4":"format-standard","5":"has-post-thumbnail","7":"category-innovazione-tecnologica","8":"tag-anc","9":"tag-cyber","10":"tag-nis","11":"tag-nis2"},"yoast_head":"<!-- This site is optimized with the Yoast SEO plugin v26.0 - https:\/\/yoast.com\/wordpress\/plugins\/seo\/ -->\n<title>NIS, tempo scaduto! Ma c\u2019\u00e8 una possibilit\u00e0<\/title>\n<meta name=\"description\" content=\"NIS, tempo scaduto! Ma c\u2019\u00e8 una possibilit\u00e0\" \/>\n<meta name=\"robots\" content=\"index, follow, max-snippet:-1, max-image-preview:large, max-video-preview:-1\" \/>\n<link rel=\"canonical\" href=\"https:\/\/blog.assiv.it\/index.php\/2025\/03\/07\/nis-tempo-scaduto-ma-ce-una-possibilita\/\" \/>\n<meta property=\"og:locale\" content=\"it_IT\" \/>\n<meta property=\"og:type\" content=\"article\" \/>\n<meta property=\"og:title\" content=\"NIS, tempo scaduto! Ma c\u2019\u00e8 una possibilit\u00e0\" \/>\n<meta property=\"og:description\" content=\"NIS, tempo scaduto! Ma c\u2019\u00e8 una possibilit\u00e0\" \/>\n<meta property=\"og:url\" content=\"https:\/\/blog.assiv.it\/index.php\/2025\/03\/07\/nis-tempo-scaduto-ma-ce-una-possibilita\/\" \/>\n<meta property=\"og:site_name\" content=\"Blog.Assiv\" \/>\n<meta property=\"article:publisher\" content=\"https:\/\/www.facebook.com\/associazionevigilanza\/\" \/>\n<meta property=\"article:published_time\" content=\"2025-03-07T10:16:53+00:00\" \/>\n<meta property=\"article:modified_time\" content=\"2025-03-07T10:16:59+00:00\" \/>\n<meta property=\"og:image\" content=\"https:\/\/blog.assiv.it\/wp-content\/uploads\/2025\/03\/CyberSecurity-1392x644-1.jpg\" \/>\n\t<meta property=\"og:image:width\" content=\"1392\" \/>\n\t<meta property=\"og:image:height\" content=\"644\" \/>\n\t<meta property=\"og:image:type\" content=\"image\/jpeg\" \/>\n<meta name=\"author\" content=\"Alina Corradini\" \/>\n<meta name=\"twitter:card\" content=\"summary_large_image\" \/>\n<meta name=\"twitter:label1\" content=\"Scritto da\" \/>\n\t<meta name=\"twitter:data1\" content=\"Alina Corradini\" \/>\n\t<meta name=\"twitter:label2\" content=\"Tempo di lettura stimato\" \/>\n\t<meta name=\"twitter:data2\" content=\"1 minuto\" \/>\n<script type=\"application\/ld+json\" class=\"yoast-schema-graph\">{\"@context\":\"https:\/\/schema.org\",\"@graph\":[{\"@type\":\"Article\",\"@id\":\"https:\/\/blog.assiv.it\/index.php\/2025\/03\/07\/nis-tempo-scaduto-ma-ce-una-possibilita\/#article\",\"isPartOf\":{\"@id\":\"https:\/\/blog.assiv.it\/index.php\/2025\/03\/07\/nis-tempo-scaduto-ma-ce-una-possibilita\/\"},\"author\":{\"name\":\"Alina Corradini\",\"@id\":\"https:\/\/blog.assiv.it\/#\/schema\/person\/e67e6bfe974265213521b17bcb72f56c\"},\"headline\":\"NIS, tempo scaduto! Ma c\u2019\u00e8 una possibilit\u00e0\",\"datePublished\":\"2025-03-07T10:16:53+00:00\",\"dateModified\":\"2025-03-07T10:16:59+00:00\",\"mainEntityOfPage\":{\"@id\":\"https:\/\/blog.assiv.it\/index.php\/2025\/03\/07\/nis-tempo-scaduto-ma-ce-una-possibilita\/\"},\"wordCount\":155,\"publisher\":{\"@id\":\"https:\/\/blog.assiv.it\/#organization\"},\"image\":{\"@id\":\"https:\/\/blog.assiv.it\/index.php\/2025\/03\/07\/nis-tempo-scaduto-ma-ce-una-possibilita\/#primaryimage\"},\"thumbnailUrl\":\"https:\/\/blog.assiv.it\/wp-content\/uploads\/2025\/03\/CyberSecurity-1392x644-1.jpg\",\"keywords\":[\"ANC\",\"cyber\",\"NIS\",\"NIS2\"],\"articleSection\":[\"Innovazione &amp; Cybersecurity\"],\"inLanguage\":\"it-IT\"},{\"@type\":\"WebPage\",\"@id\":\"https:\/\/blog.assiv.it\/index.php\/2025\/03\/07\/nis-tempo-scaduto-ma-ce-una-possibilita\/\",\"url\":\"https:\/\/blog.assiv.it\/index.php\/2025\/03\/07\/nis-tempo-scaduto-ma-ce-una-possibilita\/\",\"name\":\"NIS, tempo scaduto! Ma c\u2019\u00e8 una possibilit\u00e0\",\"isPartOf\":{\"@id\":\"https:\/\/blog.assiv.it\/#website\"},\"primaryImageOfPage\":{\"@id\":\"https:\/\/blog.assiv.it\/index.php\/2025\/03\/07\/nis-tempo-scaduto-ma-ce-una-possibilita\/#primaryimage\"},\"image\":{\"@id\":\"https:\/\/blog.assiv.it\/index.php\/2025\/03\/07\/nis-tempo-scaduto-ma-ce-una-possibilita\/#primaryimage\"},\"thumbnailUrl\":\"https:\/\/blog.assiv.it\/wp-content\/uploads\/2025\/03\/CyberSecurity-1392x644-1.jpg\",\"datePublished\":\"2025-03-07T10:16:53+00:00\",\"dateModified\":\"2025-03-07T10:16:59+00:00\",\"description\":\"NIS, tempo scaduto! Ma c\u2019\u00e8 una possibilit\u00e0\",\"breadcrumb\":{\"@id\":\"https:\/\/blog.assiv.it\/index.php\/2025\/03\/07\/nis-tempo-scaduto-ma-ce-una-possibilita\/#breadcrumb\"},\"inLanguage\":\"it-IT\",\"potentialAction\":[{\"@type\":\"ReadAction\",\"target\":[\"https:\/\/blog.assiv.it\/index.php\/2025\/03\/07\/nis-tempo-scaduto-ma-ce-una-possibilita\/\"]}]},{\"@type\":\"ImageObject\",\"inLanguage\":\"it-IT\",\"@id\":\"https:\/\/blog.assiv.it\/index.php\/2025\/03\/07\/nis-tempo-scaduto-ma-ce-una-possibilita\/#primaryimage\",\"url\":\"https:\/\/blog.assiv.it\/wp-content\/uploads\/2025\/03\/CyberSecurity-1392x644-1.jpg\",\"contentUrl\":\"https:\/\/blog.assiv.it\/wp-content\/uploads\/2025\/03\/CyberSecurity-1392x644-1.jpg\",\"width\":1392,\"height\":644},{\"@type\":\"BreadcrumbList\",\"@id\":\"https:\/\/blog.assiv.it\/index.php\/2025\/03\/07\/nis-tempo-scaduto-ma-ce-una-possibilita\/#breadcrumb\",\"itemListElement\":[{\"@type\":\"ListItem\",\"position\":1,\"name\":\"Home\",\"item\":\"https:\/\/blog.assiv.it\/\"},{\"@type\":\"ListItem\",\"position\":2,\"name\":\"NIS, tempo scaduto! Ma c\u2019\u00e8 una possibilit\u00e0\"}]},{\"@type\":\"WebSite\",\"@id\":\"https:\/\/blog.assiv.it\/#website\",\"url\":\"https:\/\/blog.assiv.it\/\",\"name\":\"Blog.Assiv\",\"description\":\"Associazione Italiana Vigilanza e Servizi di Sicurezza\",\"publisher\":{\"@id\":\"https:\/\/blog.assiv.it\/#organization\"},\"potentialAction\":[{\"@type\":\"SearchAction\",\"target\":{\"@type\":\"EntryPoint\",\"urlTemplate\":\"https:\/\/blog.assiv.it\/?s={search_term_string}\"},\"query-input\":{\"@type\":\"PropertyValueSpecification\",\"valueRequired\":true,\"valueName\":\"search_term_string\"}}],\"inLanguage\":\"it-IT\"},{\"@type\":\"Organization\",\"@id\":\"https:\/\/blog.assiv.it\/#organization\",\"name\":\"Blog.Assiv\",\"url\":\"https:\/\/blog.assiv.it\/\",\"logo\":{\"@type\":\"ImageObject\",\"inLanguage\":\"it-IT\",\"@id\":\"https:\/\/blog.assiv.it\/#\/schema\/logo\/image\/\",\"url\":\"https:\/\/blog.assiv.it\/wp-content\/uploads\/2024\/08\/blog_assiv_logg_color.png\",\"contentUrl\":\"https:\/\/blog.assiv.it\/wp-content\/uploads\/2024\/08\/blog_assiv_logg_color.png\",\"width\":400,\"height\":102,\"caption\":\"Blog.Assiv\"},\"image\":{\"@id\":\"https:\/\/blog.assiv.it\/#\/schema\/logo\/image\/\"},\"sameAs\":[\"https:\/\/www.facebook.com\/associazionevigilanza\/\",\"https:\/\/www.linkedin.com\/in\/ass-i-v-vigilanza-e-servizi-fiduciari-6923b6169\/\"]},{\"@type\":\"Person\",\"@id\":\"https:\/\/blog.assiv.it\/#\/schema\/person\/e67e6bfe974265213521b17bcb72f56c\",\"name\":\"Alina Corradini\",\"image\":{\"@type\":\"ImageObject\",\"inLanguage\":\"it-IT\",\"@id\":\"https:\/\/blog.assiv.it\/#\/schema\/person\/image\/\",\"url\":\"https:\/\/secure.gravatar.com\/avatar\/4132aee8f9bd4bdecdebca6030c86e8da29e7fce98ad2ff7f1dcb17155c4ea90?s=96&d=mm&r=g\",\"contentUrl\":\"https:\/\/secure.gravatar.com\/avatar\/4132aee8f9bd4bdecdebca6030c86e8da29e7fce98ad2ff7f1dcb17155c4ea90?s=96&d=mm&r=g\",\"caption\":\"Alina Corradini\"},\"url\":\"https:\/\/blog.assiv.it\/index.php\/author\/alina-corradini\/\"}]}<\/script>\n<!-- \/ Yoast SEO plugin. -->","yoast_head_json":{"title":"NIS, tempo scaduto! Ma c\u2019\u00e8 una possibilit\u00e0","description":"NIS, tempo scaduto! Ma c\u2019\u00e8 una possibilit\u00e0","robots":{"index":"index","follow":"follow","max-snippet":"max-snippet:-1","max-image-preview":"max-image-preview:large","max-video-preview":"max-video-preview:-1"},"canonical":"https:\/\/blog.assiv.it\/index.php\/2025\/03\/07\/nis-tempo-scaduto-ma-ce-una-possibilita\/","og_locale":"it_IT","og_type":"article","og_title":"NIS, tempo scaduto! Ma c\u2019\u00e8 una possibilit\u00e0","og_description":"NIS, tempo scaduto! Ma c\u2019\u00e8 una possibilit\u00e0","og_url":"https:\/\/blog.assiv.it\/index.php\/2025\/03\/07\/nis-tempo-scaduto-ma-ce-una-possibilita\/","og_site_name":"Blog.Assiv","article_publisher":"https:\/\/www.facebook.com\/associazionevigilanza\/","article_published_time":"2025-03-07T10:16:53+00:00","article_modified_time":"2025-03-07T10:16:59+00:00","og_image":[{"width":1392,"height":644,"url":"https:\/\/blog.assiv.it\/wp-content\/uploads\/2025\/03\/CyberSecurity-1392x644-1.jpg","type":"image\/jpeg"}],"author":"Alina Corradini","twitter_card":"summary_large_image","twitter_misc":{"Scritto da":"Alina Corradini","Tempo di lettura stimato":"1 minuto"},"schema":{"@context":"https:\/\/schema.org","@graph":[{"@type":"Article","@id":"https:\/\/blog.assiv.it\/index.php\/2025\/03\/07\/nis-tempo-scaduto-ma-ce-una-possibilita\/#article","isPartOf":{"@id":"https:\/\/blog.assiv.it\/index.php\/2025\/03\/07\/nis-tempo-scaduto-ma-ce-una-possibilita\/"},"author":{"name":"Alina Corradini","@id":"https:\/\/blog.assiv.it\/#\/schema\/person\/e67e6bfe974265213521b17bcb72f56c"},"headline":"NIS, tempo scaduto! Ma c\u2019\u00e8 una possibilit\u00e0","datePublished":"2025-03-07T10:16:53+00:00","dateModified":"2025-03-07T10:16:59+00:00","mainEntityOfPage":{"@id":"https:\/\/blog.assiv.it\/index.php\/2025\/03\/07\/nis-tempo-scaduto-ma-ce-una-possibilita\/"},"wordCount":155,"publisher":{"@id":"https:\/\/blog.assiv.it\/#organization"},"image":{"@id":"https:\/\/blog.assiv.it\/index.php\/2025\/03\/07\/nis-tempo-scaduto-ma-ce-una-possibilita\/#primaryimage"},"thumbnailUrl":"https:\/\/blog.assiv.it\/wp-content\/uploads\/2025\/03\/CyberSecurity-1392x644-1.jpg","keywords":["ANC","cyber","NIS","NIS2"],"articleSection":["Innovazione &amp; Cybersecurity"],"inLanguage":"it-IT"},{"@type":"WebPage","@id":"https:\/\/blog.assiv.it\/index.php\/2025\/03\/07\/nis-tempo-scaduto-ma-ce-una-possibilita\/","url":"https:\/\/blog.assiv.it\/index.php\/2025\/03\/07\/nis-tempo-scaduto-ma-ce-una-possibilita\/","name":"NIS, tempo scaduto! Ma c\u2019\u00e8 una possibilit\u00e0","isPartOf":{"@id":"https:\/\/blog.assiv.it\/#website"},"primaryImageOfPage":{"@id":"https:\/\/blog.assiv.it\/index.php\/2025\/03\/07\/nis-tempo-scaduto-ma-ce-una-possibilita\/#primaryimage"},"image":{"@id":"https:\/\/blog.assiv.it\/index.php\/2025\/03\/07\/nis-tempo-scaduto-ma-ce-una-possibilita\/#primaryimage"},"thumbnailUrl":"https:\/\/blog.assiv.it\/wp-content\/uploads\/2025\/03\/CyberSecurity-1392x644-1.jpg","datePublished":"2025-03-07T10:16:53+00:00","dateModified":"2025-03-07T10:16:59+00:00","description":"NIS, tempo scaduto! Ma c\u2019\u00e8 una possibilit\u00e0","breadcrumb":{"@id":"https:\/\/blog.assiv.it\/index.php\/2025\/03\/07\/nis-tempo-scaduto-ma-ce-una-possibilita\/#breadcrumb"},"inLanguage":"it-IT","potentialAction":[{"@type":"ReadAction","target":["https:\/\/blog.assiv.it\/index.php\/2025\/03\/07\/nis-tempo-scaduto-ma-ce-una-possibilita\/"]}]},{"@type":"ImageObject","inLanguage":"it-IT","@id":"https:\/\/blog.assiv.it\/index.php\/2025\/03\/07\/nis-tempo-scaduto-ma-ce-una-possibilita\/#primaryimage","url":"https:\/\/blog.assiv.it\/wp-content\/uploads\/2025\/03\/CyberSecurity-1392x644-1.jpg","contentUrl":"https:\/\/blog.assiv.it\/wp-content\/uploads\/2025\/03\/CyberSecurity-1392x644-1.jpg","width":1392,"height":644},{"@type":"BreadcrumbList","@id":"https:\/\/blog.assiv.it\/index.php\/2025\/03\/07\/nis-tempo-scaduto-ma-ce-una-possibilita\/#breadcrumb","itemListElement":[{"@type":"ListItem","position":1,"name":"Home","item":"https:\/\/blog.assiv.it\/"},{"@type":"ListItem","position":2,"name":"NIS, tempo scaduto! Ma c\u2019\u00e8 una possibilit\u00e0"}]},{"@type":"WebSite","@id":"https:\/\/blog.assiv.it\/#website","url":"https:\/\/blog.assiv.it\/","name":"Blog.Assiv","description":"Associazione Italiana Vigilanza e Servizi di Sicurezza","publisher":{"@id":"https:\/\/blog.assiv.it\/#organization"},"potentialAction":[{"@type":"SearchAction","target":{"@type":"EntryPoint","urlTemplate":"https:\/\/blog.assiv.it\/?s={search_term_string}"},"query-input":{"@type":"PropertyValueSpecification","valueRequired":true,"valueName":"search_term_string"}}],"inLanguage":"it-IT"},{"@type":"Organization","@id":"https:\/\/blog.assiv.it\/#organization","name":"Blog.Assiv","url":"https:\/\/blog.assiv.it\/","logo":{"@type":"ImageObject","inLanguage":"it-IT","@id":"https:\/\/blog.assiv.it\/#\/schema\/logo\/image\/","url":"https:\/\/blog.assiv.it\/wp-content\/uploads\/2024\/08\/blog_assiv_logg_color.png","contentUrl":"https:\/\/blog.assiv.it\/wp-content\/uploads\/2024\/08\/blog_assiv_logg_color.png","width":400,"height":102,"caption":"Blog.Assiv"},"image":{"@id":"https:\/\/blog.assiv.it\/#\/schema\/logo\/image\/"},"sameAs":["https:\/\/www.facebook.com\/associazionevigilanza\/","https:\/\/www.linkedin.com\/in\/ass-i-v-vigilanza-e-servizi-fiduciari-6923b6169\/"]},{"@type":"Person","@id":"https:\/\/blog.assiv.it\/#\/schema\/person\/e67e6bfe974265213521b17bcb72f56c","name":"Alina Corradini","image":{"@type":"ImageObject","inLanguage":"it-IT","@id":"https:\/\/blog.assiv.it\/#\/schema\/person\/image\/","url":"https:\/\/secure.gravatar.com\/avatar\/4132aee8f9bd4bdecdebca6030c86e8da29e7fce98ad2ff7f1dcb17155c4ea90?s=96&d=mm&r=g","contentUrl":"https:\/\/secure.gravatar.com\/avatar\/4132aee8f9bd4bdecdebca6030c86e8da29e7fce98ad2ff7f1dcb17155c4ea90?s=96&d=mm&r=g","caption":"Alina Corradini"},"url":"https:\/\/blog.assiv.it\/index.php\/author\/alina-corradini\/"}]}},"amp_enabled":true,"_links":{"self":[{"href":"https:\/\/blog.assiv.it\/index.php\/wp-json\/wp\/v2\/posts\/21140","targetHints":{"allow":["GET"]}}],"collection":[{"href":"https:\/\/blog.assiv.it\/index.php\/wp-json\/wp\/v2\/posts"}],"about":[{"href":"https:\/\/blog.assiv.it\/index.php\/wp-json\/wp\/v2\/types\/post"}],"author":[{"embeddable":true,"href":"https:\/\/blog.assiv.it\/index.php\/wp-json\/wp\/v2\/users\/2"}],"replies":[{"embeddable":true,"href":"https:\/\/blog.assiv.it\/index.php\/wp-json\/wp\/v2\/comments?post=21140"}],"version-history":[{"count":1,"href":"https:\/\/blog.assiv.it\/index.php\/wp-json\/wp\/v2\/posts\/21140\/revisions"}],"predecessor-version":[{"id":21143,"href":"https:\/\/blog.assiv.it\/index.php\/wp-json\/wp\/v2\/posts\/21140\/revisions\/21143"}],"wp:featuredmedia":[{"embeddable":true,"href":"https:\/\/blog.assiv.it\/index.php\/wp-json\/wp\/v2\/media\/21142"}],"wp:attachment":[{"href":"https:\/\/blog.assiv.it\/index.php\/wp-json\/wp\/v2\/media?parent=21140"}],"wp:term":[{"taxonomy":"category","embeddable":true,"href":"https:\/\/blog.assiv.it\/index.php\/wp-json\/wp\/v2\/categories?post=21140"},{"taxonomy":"post_tag","embeddable":true,"href":"https:\/\/blog.assiv.it\/index.php\/wp-json\/wp\/v2\/tags?post=21140"}],"curies":[{"name":"wp","href":"https:\/\/api.w.org\/{rel}","templated":true}]}}