{"id":21145,"date":"2025-03-07T14:09:35","date_gmt":"2025-03-07T13:09:35","guid":{"rendered":"https:\/\/blog.assiv.it\/?p=21145"},"modified":"2025-03-07T16:59:18","modified_gmt":"2025-03-07T15:59:18","slug":"firenze-rilancia-negozi-sicuri-oltre-260-000-euro-per-sostenere-il-commercio-locale-e-la-sicurezza-urbana","status":"publish","type":"post","link":"https:\/\/blog.assiv.it\/index.php\/2025\/03\/07\/firenze-rilancia-negozi-sicuri-oltre-260-000-euro-per-sostenere-il-commercio-locale-e-la-sicurezza-urbana\/","title":{"rendered":"Firenze rilancia &#8216;Negozi Sicuri&#8217;: oltre 260.000 euro per sostenere il commercio locale e la sicurezza urbana&#8221;"},"content":{"rendered":"\n<p>Il Comune di Firenze e la Camera di Commercio hanno rilanciato l&#8217;iniziativa &#8220;Negozi sicuri&#8221;, un bando che mette a disposizione oltre 260.000 euro in contributi a fondo perduto per sostenere le imprese e le attivit\u00e0 commerciali colpite da atti vandalici o interessate a potenziare la propria sicurezza. Si tratta di una misura che rappresenta un passo significativo nella tutela del tessuto economico e sociale della citt\u00e0, offrendo un concreto supporto ai commercianti locali. I fondi stanziati provengono sia dal Comune di Firenze, che ha destinato 132.000 euro prioritariamente alle imprese con sede nel territorio comunale, sia dalla Camera di Commercio, che copre l&#8217;intera area metropolitana, a dimostrazione di una forte volont\u00e0 di supportare in modo capillare il tessuto imprenditoriale locale, riconoscendo l&#8217;importanza delle piccole realt\u00e0 commerciali per l&#8217;economia e la societ\u00e0 fiorentina.<\/p>\n\n\n\n<p>In un periodo in cui le attivit\u00e0 commerciali affrontano sfide sempre pi\u00f9 complesse, iniziative come &#8220;Negozi sicuri&#8221; rappresentano un sostegno concreto e necessario. Non solo offrono un aiuto finanziario immediato per far fronte ai danni subiti, ma incentivano anche l&#8217;adozione di misure preventive, contribuendo a creare un ambiente pi\u00f9 sicuro e protetto per commercianti e clienti. Questo approccio proattivo \u00e8 fondamentale per rafforzare la resilienza del settore commerciale e garantire la continuit\u00e0 delle attivit\u00e0 che costituiscono il cuore pulsante della citt\u00e0.<\/p>\n\n\n\n<p>Come Assiv non possiamo che plaudire all\u2019iniziativa, sottolineando come il modello adottato da Firenze debba diventare una best practice per molte altre citt\u00e0 italiane. Il bando rappresenta un esempio virtuoso di collaborazione tra pubblico e privato e favorisce la diffusione di una cultura della sicurezza che non si limita alla sola repressione, ma che punti anche alla prevenzione. L&#8217;auspicio \u00e8 che simili iniziative possano essere replicate in altre realt\u00e0 urbane, contribuendo a rendere pi\u00f9 sicuri i centri cittadini e le attivit\u00e0 commerciali.<\/p>\n\n\n\n<p>Il rilancio del bando &#8220;Negozi sicuri&#8221; rappresenta una risposta concreta e tempestiva alle esigenze dei commercianti fiorentini. Attraverso il sostegno finanziario e l&#8217;incoraggiamento all&#8217;adozione di misure di sicurezza, questa iniziativa contribuisce a preservare il tessuto economico e sociale della citt\u00e0, valorizzando il ruolo centrale che le piccole e medie imprese rivestono nella comunit\u00e0 locale.<\/p>\n\n\n\n<p>Qui gli articoli di stampa<\/p>\n\n\n\n<p><a href=\"https:\/\/ilreporter.it\/sezioni\/cronaca-e-politica\/vetrine-spaccate-firenze-bonus-rimborso-2025-negozi\/\" target=\"_blank\" rel=\"noreferrer noopener\">https:\/\/ilreporter.it\/sezioni\/cronaca-e-politica\/vetrine-spaccate-firenze-bonus-rimborso-2025-negozi\/<\/a><br><br><a href=\"https:\/\/www.firenzetoday.it\/cronaca\/spaccate-bando-negozi-sicuri-calano-fondi.html\" target=\"_blank\" rel=\"noreferrer noopener\">https:\/\/www.firenzetoday.it\/cronaca\/spaccate-bando-negozi-sicuri-calano-fondi.html<\/a><\/p>\n\n\n\n<p><\/p>\n","protected":false},"excerpt":{"rendered":"<p>Il Comune di Firenze e la Camera di Commercio hanno rilanciato l&#8217;iniziativa &#8220;Negozi sicuri&#8221;, un bando che mette a disposizione oltre 260.000 euro in contributi a fondo perduto per sostenere le imprese e le attivit\u00e0 commerciali colpite da atti vandalici o interessate a potenziare la propria sicurezza. Si tratta di una misura che rappresenta un<\/p>\n","protected":false},"author":2,"featured_media":21147,"comment_status":"closed","ping_status":"closed","sticky":false,"template":"","format":"standard","meta":{"footnotes":""},"categories":[218],"tags":[759,341,760,111,112,136,125],"class_list":{"0":"post-21145","1":"post","2":"type-post","3":"status-publish","4":"format-standard","5":"has-post-thumbnail","7":"category-sicurezza","8":"tag-firenze","9":"tag-ministero-interno","10":"tag-negozi-sicuri","11":"tag-sicurezza-privata","12":"tag-sicurezza-urbana","13":"tag-vigilanza","14":"tag-vigilanza-privata"},"yoast_head":"<!-- This site is optimized with the Yoast SEO plugin v26.0 - https:\/\/yoast.com\/wordpress\/plugins\/seo\/ -->\n<title>Firenze rilancia &#039;Negozi Sicuri&#039;: oltre 260.000 euro per sostenere il commercio locale e la sicurezza urbana&quot;<\/title>\n<meta name=\"description\" content=\"Firenze rilancia &#039;Negozi Sicuri&#039;: oltre 260.000 euro per sostenere il commercio locale e la sicurezza urbana&quot;\" \/>\n<meta name=\"robots\" content=\"index, follow, max-snippet:-1, max-image-preview:large, max-video-preview:-1\" \/>\n<link rel=\"canonical\" href=\"https:\/\/blog.assiv.it\/index.php\/2025\/03\/07\/firenze-rilancia-negozi-sicuri-oltre-260-000-euro-per-sostenere-il-commercio-locale-e-la-sicurezza-urbana\/\" \/>\n<meta property=\"og:locale\" content=\"it_IT\" \/>\n<meta property=\"og:type\" content=\"article\" \/>\n<meta property=\"og:title\" content=\"Firenze rilancia &#039;Negozi Sicuri&#039;: oltre 260.000 euro per sostenere il commercio locale e la sicurezza urbana&quot;\" \/>\n<meta property=\"og:description\" content=\"Firenze rilancia &#039;Negozi Sicuri&#039;: oltre 260.000 euro per sostenere il commercio locale e la sicurezza urbana&quot;\" \/>\n<meta property=\"og:url\" content=\"https:\/\/blog.assiv.it\/index.php\/2025\/03\/07\/firenze-rilancia-negozi-sicuri-oltre-260-000-euro-per-sostenere-il-commercio-locale-e-la-sicurezza-urbana\/\" \/>\n<meta property=\"og:site_name\" content=\"Blog.Assiv\" \/>\n<meta property=\"article:publisher\" content=\"https:\/\/www.facebook.com\/associazionevigilanza\/\" \/>\n<meta property=\"article:published_time\" content=\"2025-03-07T13:09:35+00:00\" \/>\n<meta property=\"article:modified_time\" content=\"2025-03-07T15:59:18+00:00\" \/>\n<meta property=\"og:image\" content=\"https:\/\/blog.assiv.it\/wp-content\/uploads\/2025\/03\/Firenze.jpg\" \/>\n\t<meta property=\"og:image:width\" content=\"1104\" \/>\n\t<meta property=\"og:image:height\" content=\"720\" \/>\n\t<meta property=\"og:image:type\" content=\"image\/jpeg\" \/>\n<meta name=\"author\" content=\"Alina Corradini\" \/>\n<meta name=\"twitter:card\" content=\"summary_large_image\" \/>\n<meta name=\"twitter:label1\" content=\"Scritto da\" \/>\n\t<meta name=\"twitter:data1\" content=\"Alina Corradini\" \/>\n\t<meta name=\"twitter:label2\" content=\"Tempo di lettura stimato\" \/>\n\t<meta name=\"twitter:data2\" content=\"3 minuti\" \/>\n<script type=\"application\/ld+json\" class=\"yoast-schema-graph\">{\"@context\":\"https:\/\/schema.org\",\"@graph\":[{\"@type\":\"Article\",\"@id\":\"https:\/\/blog.assiv.it\/index.php\/2025\/03\/07\/firenze-rilancia-negozi-sicuri-oltre-260-000-euro-per-sostenere-il-commercio-locale-e-la-sicurezza-urbana\/#article\",\"isPartOf\":{\"@id\":\"https:\/\/blog.assiv.it\/index.php\/2025\/03\/07\/firenze-rilancia-negozi-sicuri-oltre-260-000-euro-per-sostenere-il-commercio-locale-e-la-sicurezza-urbana\/\"},\"author\":{\"name\":\"Alina Corradini\",\"@id\":\"https:\/\/blog.assiv.it\/#\/schema\/person\/e67e6bfe974265213521b17bcb72f56c\"},\"headline\":\"Firenze rilancia &#8216;Negozi Sicuri&#8217;: oltre 260.000 euro per sostenere il commercio locale e la sicurezza urbana&#8221;\",\"datePublished\":\"2025-03-07T13:09:35+00:00\",\"dateModified\":\"2025-03-07T15:59:18+00:00\",\"mainEntityOfPage\":{\"@id\":\"https:\/\/blog.assiv.it\/index.php\/2025\/03\/07\/firenze-rilancia-negozi-sicuri-oltre-260-000-euro-per-sostenere-il-commercio-locale-e-la-sicurezza-urbana\/\"},\"wordCount\":380,\"publisher\":{\"@id\":\"https:\/\/blog.assiv.it\/#organization\"},\"image\":{\"@id\":\"https:\/\/blog.assiv.it\/index.php\/2025\/03\/07\/firenze-rilancia-negozi-sicuri-oltre-260-000-euro-per-sostenere-il-commercio-locale-e-la-sicurezza-urbana\/#primaryimage\"},\"thumbnailUrl\":\"https:\/\/blog.assiv.it\/wp-content\/uploads\/2025\/03\/Firenze.jpg\",\"keywords\":[\"firenze\",\"Ministero Interno\",\"negozi sicuri\",\"Sicurezza privata\",\"sicurezza urbana\",\"vigilanza\",\"vigilanza privata\"],\"articleSection\":[\"Sicurezza\"],\"inLanguage\":\"it-IT\"},{\"@type\":\"WebPage\",\"@id\":\"https:\/\/blog.assiv.it\/index.php\/2025\/03\/07\/firenze-rilancia-negozi-sicuri-oltre-260-000-euro-per-sostenere-il-commercio-locale-e-la-sicurezza-urbana\/\",\"url\":\"https:\/\/blog.assiv.it\/index.php\/2025\/03\/07\/firenze-rilancia-negozi-sicuri-oltre-260-000-euro-per-sostenere-il-commercio-locale-e-la-sicurezza-urbana\/\",\"name\":\"Firenze rilancia 'Negozi Sicuri': oltre 260.000 euro per sostenere il commercio locale e la sicurezza urbana\\\"\",\"isPartOf\":{\"@id\":\"https:\/\/blog.assiv.it\/#website\"},\"primaryImageOfPage\":{\"@id\":\"https:\/\/blog.assiv.it\/index.php\/2025\/03\/07\/firenze-rilancia-negozi-sicuri-oltre-260-000-euro-per-sostenere-il-commercio-locale-e-la-sicurezza-urbana\/#primaryimage\"},\"image\":{\"@id\":\"https:\/\/blog.assiv.it\/index.php\/2025\/03\/07\/firenze-rilancia-negozi-sicuri-oltre-260-000-euro-per-sostenere-il-commercio-locale-e-la-sicurezza-urbana\/#primaryimage\"},\"thumbnailUrl\":\"https:\/\/blog.assiv.it\/wp-content\/uploads\/2025\/03\/Firenze.jpg\",\"datePublished\":\"2025-03-07T13:09:35+00:00\",\"dateModified\":\"2025-03-07T15:59:18+00:00\",\"description\":\"Firenze rilancia 'Negozi Sicuri': oltre 260.000 euro per sostenere il commercio locale e la sicurezza urbana\\\"\",\"breadcrumb\":{\"@id\":\"https:\/\/blog.assiv.it\/index.php\/2025\/03\/07\/firenze-rilancia-negozi-sicuri-oltre-260-000-euro-per-sostenere-il-commercio-locale-e-la-sicurezza-urbana\/#breadcrumb\"},\"inLanguage\":\"it-IT\",\"potentialAction\":[{\"@type\":\"ReadAction\",\"target\":[\"https:\/\/blog.assiv.it\/index.php\/2025\/03\/07\/firenze-rilancia-negozi-sicuri-oltre-260-000-euro-per-sostenere-il-commercio-locale-e-la-sicurezza-urbana\/\"]}]},{\"@type\":\"ImageObject\",\"inLanguage\":\"it-IT\",\"@id\":\"https:\/\/blog.assiv.it\/index.php\/2025\/03\/07\/firenze-rilancia-negozi-sicuri-oltre-260-000-euro-per-sostenere-il-commercio-locale-e-la-sicurezza-urbana\/#primaryimage\",\"url\":\"https:\/\/blog.assiv.it\/wp-content\/uploads\/2025\/03\/Firenze.jpg\",\"contentUrl\":\"https:\/\/blog.assiv.it\/wp-content\/uploads\/2025\/03\/Firenze.jpg\",\"width\":1104,\"height\":720},{\"@type\":\"BreadcrumbList\",\"@id\":\"https:\/\/blog.assiv.it\/index.php\/2025\/03\/07\/firenze-rilancia-negozi-sicuri-oltre-260-000-euro-per-sostenere-il-commercio-locale-e-la-sicurezza-urbana\/#breadcrumb\",\"itemListElement\":[{\"@type\":\"ListItem\",\"position\":1,\"name\":\"Home\",\"item\":\"https:\/\/blog.assiv.it\/\"},{\"@type\":\"ListItem\",\"position\":2,\"name\":\"Firenze rilancia &#8216;Negozi Sicuri&#8217;: oltre 260.000 euro per sostenere il commercio locale e la sicurezza urbana&#8221;\"}]},{\"@type\":\"WebSite\",\"@id\":\"https:\/\/blog.assiv.it\/#website\",\"url\":\"https:\/\/blog.assiv.it\/\",\"name\":\"Blog.Assiv\",\"description\":\"Associazione Italiana Vigilanza e Servizi di Sicurezza\",\"publisher\":{\"@id\":\"https:\/\/blog.assiv.it\/#organization\"},\"potentialAction\":[{\"@type\":\"SearchAction\",\"target\":{\"@type\":\"EntryPoint\",\"urlTemplate\":\"https:\/\/blog.assiv.it\/?s={search_term_string}\"},\"query-input\":{\"@type\":\"PropertyValueSpecification\",\"valueRequired\":true,\"valueName\":\"search_term_string\"}}],\"inLanguage\":\"it-IT\"},{\"@type\":\"Organization\",\"@id\":\"https:\/\/blog.assiv.it\/#organization\",\"name\":\"Blog.Assiv\",\"url\":\"https:\/\/blog.assiv.it\/\",\"logo\":{\"@type\":\"ImageObject\",\"inLanguage\":\"it-IT\",\"@id\":\"https:\/\/blog.assiv.it\/#\/schema\/logo\/image\/\",\"url\":\"https:\/\/blog.assiv.it\/wp-content\/uploads\/2024\/08\/blog_assiv_logg_color.png\",\"contentUrl\":\"https:\/\/blog.assiv.it\/wp-content\/uploads\/2024\/08\/blog_assiv_logg_color.png\",\"width\":400,\"height\":102,\"caption\":\"Blog.Assiv\"},\"image\":{\"@id\":\"https:\/\/blog.assiv.it\/#\/schema\/logo\/image\/\"},\"sameAs\":[\"https:\/\/www.facebook.com\/associazionevigilanza\/\",\"https:\/\/www.linkedin.com\/in\/ass-i-v-vigilanza-e-servizi-fiduciari-6923b6169\/\"]},{\"@type\":\"Person\",\"@id\":\"https:\/\/blog.assiv.it\/#\/schema\/person\/e67e6bfe974265213521b17bcb72f56c\",\"name\":\"Alina Corradini\",\"image\":{\"@type\":\"ImageObject\",\"inLanguage\":\"it-IT\",\"@id\":\"https:\/\/blog.assiv.it\/#\/schema\/person\/image\/\",\"url\":\"https:\/\/secure.gravatar.com\/avatar\/4132aee8f9bd4bdecdebca6030c86e8da29e7fce98ad2ff7f1dcb17155c4ea90?s=96&d=mm&r=g\",\"contentUrl\":\"https:\/\/secure.gravatar.com\/avatar\/4132aee8f9bd4bdecdebca6030c86e8da29e7fce98ad2ff7f1dcb17155c4ea90?s=96&d=mm&r=g\",\"caption\":\"Alina Corradini\"},\"url\":\"https:\/\/blog.assiv.it\/index.php\/author\/alina-corradini\/\"}]}<\/script>\n<!-- \/ Yoast SEO plugin. -->","yoast_head_json":{"title":"Firenze rilancia 'Negozi Sicuri': oltre 260.000 euro per sostenere il commercio locale e la sicurezza urbana\"","description":"Firenze rilancia 'Negozi Sicuri': oltre 260.000 euro per sostenere il commercio locale e la sicurezza urbana\"","robots":{"index":"index","follow":"follow","max-snippet":"max-snippet:-1","max-image-preview":"max-image-preview:large","max-video-preview":"max-video-preview:-1"},"canonical":"https:\/\/blog.assiv.it\/index.php\/2025\/03\/07\/firenze-rilancia-negozi-sicuri-oltre-260-000-euro-per-sostenere-il-commercio-locale-e-la-sicurezza-urbana\/","og_locale":"it_IT","og_type":"article","og_title":"Firenze rilancia 'Negozi Sicuri': oltre 260.000 euro per sostenere il commercio locale e la sicurezza urbana\"","og_description":"Firenze rilancia 'Negozi Sicuri': oltre 260.000 euro per sostenere il commercio locale e la sicurezza urbana\"","og_url":"https:\/\/blog.assiv.it\/index.php\/2025\/03\/07\/firenze-rilancia-negozi-sicuri-oltre-260-000-euro-per-sostenere-il-commercio-locale-e-la-sicurezza-urbana\/","og_site_name":"Blog.Assiv","article_publisher":"https:\/\/www.facebook.com\/associazionevigilanza\/","article_published_time":"2025-03-07T13:09:35+00:00","article_modified_time":"2025-03-07T15:59:18+00:00","og_image":[{"width":1104,"height":720,"url":"https:\/\/blog.assiv.it\/wp-content\/uploads\/2025\/03\/Firenze.jpg","type":"image\/jpeg"}],"author":"Alina Corradini","twitter_card":"summary_large_image","twitter_misc":{"Scritto da":"Alina Corradini","Tempo di lettura stimato":"3 minuti"},"schema":{"@context":"https:\/\/schema.org","@graph":[{"@type":"Article","@id":"https:\/\/blog.assiv.it\/index.php\/2025\/03\/07\/firenze-rilancia-negozi-sicuri-oltre-260-000-euro-per-sostenere-il-commercio-locale-e-la-sicurezza-urbana\/#article","isPartOf":{"@id":"https:\/\/blog.assiv.it\/index.php\/2025\/03\/07\/firenze-rilancia-negozi-sicuri-oltre-260-000-euro-per-sostenere-il-commercio-locale-e-la-sicurezza-urbana\/"},"author":{"name":"Alina Corradini","@id":"https:\/\/blog.assiv.it\/#\/schema\/person\/e67e6bfe974265213521b17bcb72f56c"},"headline":"Firenze rilancia &#8216;Negozi Sicuri&#8217;: oltre 260.000 euro per sostenere il commercio locale e la sicurezza urbana&#8221;","datePublished":"2025-03-07T13:09:35+00:00","dateModified":"2025-03-07T15:59:18+00:00","mainEntityOfPage":{"@id":"https:\/\/blog.assiv.it\/index.php\/2025\/03\/07\/firenze-rilancia-negozi-sicuri-oltre-260-000-euro-per-sostenere-il-commercio-locale-e-la-sicurezza-urbana\/"},"wordCount":380,"publisher":{"@id":"https:\/\/blog.assiv.it\/#organization"},"image":{"@id":"https:\/\/blog.assiv.it\/index.php\/2025\/03\/07\/firenze-rilancia-negozi-sicuri-oltre-260-000-euro-per-sostenere-il-commercio-locale-e-la-sicurezza-urbana\/#primaryimage"},"thumbnailUrl":"https:\/\/blog.assiv.it\/wp-content\/uploads\/2025\/03\/Firenze.jpg","keywords":["firenze","Ministero Interno","negozi sicuri","Sicurezza privata","sicurezza urbana","vigilanza","vigilanza privata"],"articleSection":["Sicurezza"],"inLanguage":"it-IT"},{"@type":"WebPage","@id":"https:\/\/blog.assiv.it\/index.php\/2025\/03\/07\/firenze-rilancia-negozi-sicuri-oltre-260-000-euro-per-sostenere-il-commercio-locale-e-la-sicurezza-urbana\/","url":"https:\/\/blog.assiv.it\/index.php\/2025\/03\/07\/firenze-rilancia-negozi-sicuri-oltre-260-000-euro-per-sostenere-il-commercio-locale-e-la-sicurezza-urbana\/","name":"Firenze rilancia 'Negozi Sicuri': oltre 260.000 euro per sostenere il commercio locale e la sicurezza urbana\"","isPartOf":{"@id":"https:\/\/blog.assiv.it\/#website"},"primaryImageOfPage":{"@id":"https:\/\/blog.assiv.it\/index.php\/2025\/03\/07\/firenze-rilancia-negozi-sicuri-oltre-260-000-euro-per-sostenere-il-commercio-locale-e-la-sicurezza-urbana\/#primaryimage"},"image":{"@id":"https:\/\/blog.assiv.it\/index.php\/2025\/03\/07\/firenze-rilancia-negozi-sicuri-oltre-260-000-euro-per-sostenere-il-commercio-locale-e-la-sicurezza-urbana\/#primaryimage"},"thumbnailUrl":"https:\/\/blog.assiv.it\/wp-content\/uploads\/2025\/03\/Firenze.jpg","datePublished":"2025-03-07T13:09:35+00:00","dateModified":"2025-03-07T15:59:18+00:00","description":"Firenze rilancia 'Negozi Sicuri': oltre 260.000 euro per sostenere il commercio locale e la sicurezza urbana\"","breadcrumb":{"@id":"https:\/\/blog.assiv.it\/index.php\/2025\/03\/07\/firenze-rilancia-negozi-sicuri-oltre-260-000-euro-per-sostenere-il-commercio-locale-e-la-sicurezza-urbana\/#breadcrumb"},"inLanguage":"it-IT","potentialAction":[{"@type":"ReadAction","target":["https:\/\/blog.assiv.it\/index.php\/2025\/03\/07\/firenze-rilancia-negozi-sicuri-oltre-260-000-euro-per-sostenere-il-commercio-locale-e-la-sicurezza-urbana\/"]}]},{"@type":"ImageObject","inLanguage":"it-IT","@id":"https:\/\/blog.assiv.it\/index.php\/2025\/03\/07\/firenze-rilancia-negozi-sicuri-oltre-260-000-euro-per-sostenere-il-commercio-locale-e-la-sicurezza-urbana\/#primaryimage","url":"https:\/\/blog.assiv.it\/wp-content\/uploads\/2025\/03\/Firenze.jpg","contentUrl":"https:\/\/blog.assiv.it\/wp-content\/uploads\/2025\/03\/Firenze.jpg","width":1104,"height":720},{"@type":"BreadcrumbList","@id":"https:\/\/blog.assiv.it\/index.php\/2025\/03\/07\/firenze-rilancia-negozi-sicuri-oltre-260-000-euro-per-sostenere-il-commercio-locale-e-la-sicurezza-urbana\/#breadcrumb","itemListElement":[{"@type":"ListItem","position":1,"name":"Home","item":"https:\/\/blog.assiv.it\/"},{"@type":"ListItem","position":2,"name":"Firenze rilancia &#8216;Negozi Sicuri&#8217;: oltre 260.000 euro per sostenere il commercio locale e la sicurezza urbana&#8221;"}]},{"@type":"WebSite","@id":"https:\/\/blog.assiv.it\/#website","url":"https:\/\/blog.assiv.it\/","name":"Blog.Assiv","description":"Associazione Italiana Vigilanza e Servizi di Sicurezza","publisher":{"@id":"https:\/\/blog.assiv.it\/#organization"},"potentialAction":[{"@type":"SearchAction","target":{"@type":"EntryPoint","urlTemplate":"https:\/\/blog.assiv.it\/?s={search_term_string}"},"query-input":{"@type":"PropertyValueSpecification","valueRequired":true,"valueName":"search_term_string"}}],"inLanguage":"it-IT"},{"@type":"Organization","@id":"https:\/\/blog.assiv.it\/#organization","name":"Blog.Assiv","url":"https:\/\/blog.assiv.it\/","logo":{"@type":"ImageObject","inLanguage":"it-IT","@id":"https:\/\/blog.assiv.it\/#\/schema\/logo\/image\/","url":"https:\/\/blog.assiv.it\/wp-content\/uploads\/2024\/08\/blog_assiv_logg_color.png","contentUrl":"https:\/\/blog.assiv.it\/wp-content\/uploads\/2024\/08\/blog_assiv_logg_color.png","width":400,"height":102,"caption":"Blog.Assiv"},"image":{"@id":"https:\/\/blog.assiv.it\/#\/schema\/logo\/image\/"},"sameAs":["https:\/\/www.facebook.com\/associazionevigilanza\/","https:\/\/www.linkedin.com\/in\/ass-i-v-vigilanza-e-servizi-fiduciari-6923b6169\/"]},{"@type":"Person","@id":"https:\/\/blog.assiv.it\/#\/schema\/person\/e67e6bfe974265213521b17bcb72f56c","name":"Alina Corradini","image":{"@type":"ImageObject","inLanguage":"it-IT","@id":"https:\/\/blog.assiv.it\/#\/schema\/person\/image\/","url":"https:\/\/secure.gravatar.com\/avatar\/4132aee8f9bd4bdecdebca6030c86e8da29e7fce98ad2ff7f1dcb17155c4ea90?s=96&d=mm&r=g","contentUrl":"https:\/\/secure.gravatar.com\/avatar\/4132aee8f9bd4bdecdebca6030c86e8da29e7fce98ad2ff7f1dcb17155c4ea90?s=96&d=mm&r=g","caption":"Alina Corradini"},"url":"https:\/\/blog.assiv.it\/index.php\/author\/alina-corradini\/"}]}},"amp_enabled":true,"_links":{"self":[{"href":"https:\/\/blog.assiv.it\/index.php\/wp-json\/wp\/v2\/posts\/21145","targetHints":{"allow":["GET"]}}],"collection":[{"href":"https:\/\/blog.assiv.it\/index.php\/wp-json\/wp\/v2\/posts"}],"about":[{"href":"https:\/\/blog.assiv.it\/index.php\/wp-json\/wp\/v2\/types\/post"}],"author":[{"embeddable":true,"href":"https:\/\/blog.assiv.it\/index.php\/wp-json\/wp\/v2\/users\/2"}],"replies":[{"embeddable":true,"href":"https:\/\/blog.assiv.it\/index.php\/wp-json\/wp\/v2\/comments?post=21145"}],"version-history":[{"count":2,"href":"https:\/\/blog.assiv.it\/index.php\/wp-json\/wp\/v2\/posts\/21145\/revisions"}],"predecessor-version":[{"id":21150,"href":"https:\/\/blog.assiv.it\/index.php\/wp-json\/wp\/v2\/posts\/21145\/revisions\/21150"}],"wp:featuredmedia":[{"embeddable":true,"href":"https:\/\/blog.assiv.it\/index.php\/wp-json\/wp\/v2\/media\/21147"}],"wp:attachment":[{"href":"https:\/\/blog.assiv.it\/index.php\/wp-json\/wp\/v2\/media?parent=21145"}],"wp:term":[{"taxonomy":"category","embeddable":true,"href":"https:\/\/blog.assiv.it\/index.php\/wp-json\/wp\/v2\/categories?post=21145"},{"taxonomy":"post_tag","embeddable":true,"href":"https:\/\/blog.assiv.it\/index.php\/wp-json\/wp\/v2\/tags?post=21145"}],"curies":[{"name":"wp","href":"https:\/\/api.w.org\/{rel}","templated":true}]}}