{"id":21158,"date":"2025-03-13T14:37:24","date_gmt":"2025-03-13T13:37:24","guid":{"rendered":"https:\/\/blog.assiv.it\/?p=21158"},"modified":"2025-03-13T15:23:16","modified_gmt":"2025-03-13T14:23:16","slug":"case-popolari-e-sicurezza-il-sap-dice-no-alla-polizia-come-vigilanza-privata","status":"publish","type":"post","link":"https:\/\/blog.assiv.it\/index.php\/2025\/03\/13\/case-popolari-e-sicurezza-il-sap-dice-no-alla-polizia-come-vigilanza-privata\/","title":{"rendered":"Case popolari e sicurezza: il SAP dice no alla polizia come vigilanza privata"},"content":{"rendered":"\n<p>La recente proposta avanzata a Bologna di impiegare le forze dell&#8217;ordine per sorvegliare le case popolari ha suscitato un acceso dibattito. Il Sindacato Autonomo di Polizia (SAP) ha prontamente espresso la propria contrariet\u00e0, sottolineando l&#8217;importanza di non confondere i ruoli istituzionali delle forze dell&#8217;ordine con quelli della vigilanza privata.<\/p>\n\n\n\n<p>In un comunicato ufficiale, il SAP ha ribadito che le forze dell&#8217;ordine sono deputate a garantire la sicurezza pubblica e l&#8217;ordine sociale, non a svolgere compiti di sorveglianza privata. Questa distinzione \u00e8 fondamentale per preservare l&#8217;efficacia e l&#8217;integrit\u00e0 delle funzioni di polizia, evitando di sovraccaricare gli agenti con mansioni che esulano dalle loro competenze specifiche.<\/p>\n\n\n\n<p>La proposta di impiegare la polizia per la vigilanza delle case popolari potrebbe derivare da una percezione errata delle responsabilit\u00e0 istituzionali. Le forze dell&#8217;ordine sono formate per affrontare situazioni di criminalit\u00e0 e mantenere l&#8217;ordine pubblico, mentre la sorveglianza di propriet\u00e0 private o semi-private dovrebbe essere affidata a servizi di sicurezza dedicati.<\/p>\n\n\n\n<p>Confondere questi ruoli non solo rischia di compromettere l&#8217;efficacia operativa della polizia, ma potrebbe anche creare aspettative irrealistiche nei confronti dei cittadini riguardo alle funzioni delle forze dell&#8217;ordine. \u00c8 essenziale che ogni istituzione mantenga il proprio ambito di competenza per garantire un servizio efficiente e mirato alla comunit\u00e0.<\/p>\n\n\n\n<p>In questo contesto, una soluzione pi\u00f9 adeguata potrebbe essere l&#8217;istituzione di un servizio di vigilanza privata concordato con il Comune e operante in sinergia con le forze dell&#8217;ordine. Questo approccio permetterebbe di garantire un controllo costante sulle aree sensibili senza distogliere la polizia dai propri compiti principali. La vigilanza privata potrebbe occuparsi di monitorare la situazione in tempo reale e segnalare eventuali criticit\u00e0 alle autorit\u00e0 competenti, creando cos\u00ec un sistema di sicurezza pi\u00f9 efficiente e coordinato.<\/p>\n\n\n\n<p>Il SAP ha quindi fatto bene a evidenziare l&#8217;inappropriatezza della proposta bolognese, ricordando l&#8217;importanza di mantenere chiare le distinzioni tra i diversi ruoli istituzionali. Solo attraverso il rispetto di queste differenze e l&#8217;implementazione di soluzioni complementari, come un servizio di vigilanza privata ben organizzato, \u00e8 possibile assicurare una collaborazione efficace tra le varie entit\u00e0 preposte alla sicurezza e al benessere della collettivit\u00e0.<\/p>\n\n\n\n<p>Qui trovi gli articoli di stampa: <\/p>\n\n\n\n<p><a href=\"https:\/\/www.sap-nazionale.org\/dal-territorio\/case-acer-guglielmi-sap-bologna-le-forze-dellordine-non-sono-vigilanza-privata\">https:\/\/www.sap-nazionale.org\/dal-territorio\/case-acer-guglielmi-sap-bologna-le-forze-dellordine-non-sono-vigilanza-privata<\/a><\/p>\n\n\n\n<p><a href=\"https:\/\/www.bolognatoday.it\/cronaca\/case-popolari-bolognina-polizia-ascom.html\">https:\/\/www.bolognatoday.it\/cronaca\/case-popolari-bolognina-polizia-ascom.html<\/a><\/p>\n\n\n\n<p><\/p>\n","protected":false},"excerpt":{"rendered":"<p>La recente proposta avanzata a Bologna di impiegare le forze dell&#8217;ordine per sorvegliare le case popolari ha suscitato un acceso dibattito. Il Sindacato Autonomo di Polizia (SAP) ha prontamente espresso la propria contrariet\u00e0, sottolineando l&#8217;importanza di non confondere i ruoli istituzionali delle forze dell&#8217;ordine con quelli della vigilanza privata. In un comunicato ufficiale, il SAP<\/p>\n","protected":false},"author":2,"featured_media":21160,"comment_status":"closed","ping_status":"closed","sticky":false,"template":"","format":"standard","meta":{"footnotes":""},"categories":[218],"tags":[159,341,124,111,112,158,136,125],"class_list":{"0":"post-21158","1":"post","2":"type-post","3":"status-publish","4":"format-standard","5":"has-post-thumbnail","7":"category-sicurezza","8":"tag-assiv","9":"tag-ministero-interno","10":"tag-sicurezza","11":"tag-sicurezza-privata","12":"tag-sicurezza-urbana","13":"tag-videosorveglianza","14":"tag-vigilanza","15":"tag-vigilanza-privata"},"yoast_head":"<!-- This site is optimized with the Yoast SEO plugin v26.0 - https:\/\/yoast.com\/wordpress\/plugins\/seo\/ -->\n<title>Case popolari e sicurezza: il SAP dice no alla polizia come vigilanza privata<\/title>\n<meta name=\"description\" content=\"Case popolari e sicurezza: il SAP dice no alla polizia come vigilanza privata\" \/>\n<meta name=\"robots\" content=\"index, follow, max-snippet:-1, max-image-preview:large, max-video-preview:-1\" \/>\n<link rel=\"canonical\" href=\"https:\/\/blog.assiv.it\/index.php\/2025\/03\/13\/case-popolari-e-sicurezza-il-sap-dice-no-alla-polizia-come-vigilanza-privata\/\" \/>\n<meta property=\"og:locale\" content=\"it_IT\" \/>\n<meta property=\"og:type\" content=\"article\" \/>\n<meta property=\"og:title\" content=\"Case popolari e sicurezza: il SAP dice no alla polizia come vigilanza privata\" \/>\n<meta property=\"og:description\" content=\"Case popolari e sicurezza: il SAP dice no alla polizia come vigilanza privata\" \/>\n<meta property=\"og:url\" content=\"https:\/\/blog.assiv.it\/index.php\/2025\/03\/13\/case-popolari-e-sicurezza-il-sap-dice-no-alla-polizia-come-vigilanza-privata\/\" \/>\n<meta property=\"og:site_name\" content=\"Blog.Assiv\" \/>\n<meta property=\"article:publisher\" content=\"https:\/\/www.facebook.com\/associazionevigilanza\/\" \/>\n<meta property=\"article:published_time\" content=\"2025-03-13T13:37:24+00:00\" \/>\n<meta property=\"article:modified_time\" content=\"2025-03-13T14:23:16+00:00\" \/>\n<meta property=\"og:image\" content=\"https:\/\/blog.assiv.it\/wp-content\/uploads\/2025\/03\/case-popolari-bologna.jpg\" \/>\n\t<meta property=\"og:image:width\" content=\"560\" \/>\n\t<meta property=\"og:image:height\" content=\"315\" \/>\n\t<meta property=\"og:image:type\" content=\"image\/jpeg\" \/>\n<meta name=\"author\" content=\"Alina Corradini\" \/>\n<meta name=\"twitter:card\" content=\"summary_large_image\" \/>\n<meta name=\"twitter:label1\" content=\"Scritto da\" \/>\n\t<meta name=\"twitter:data1\" content=\"Alina Corradini\" \/>\n\t<meta name=\"twitter:label2\" content=\"Tempo di lettura stimato\" \/>\n\t<meta name=\"twitter:data2\" content=\"3 minuti\" \/>\n<script type=\"application\/ld+json\" class=\"yoast-schema-graph\">{\"@context\":\"https:\/\/schema.org\",\"@graph\":[{\"@type\":\"Article\",\"@id\":\"https:\/\/blog.assiv.it\/index.php\/2025\/03\/13\/case-popolari-e-sicurezza-il-sap-dice-no-alla-polizia-come-vigilanza-privata\/#article\",\"isPartOf\":{\"@id\":\"https:\/\/blog.assiv.it\/index.php\/2025\/03\/13\/case-popolari-e-sicurezza-il-sap-dice-no-alla-polizia-come-vigilanza-privata\/\"},\"author\":{\"name\":\"Alina Corradini\",\"@id\":\"https:\/\/blog.assiv.it\/#\/schema\/person\/e67e6bfe974265213521b17bcb72f56c\"},\"headline\":\"Case popolari e sicurezza: il SAP dice no alla polizia come vigilanza privata\",\"datePublished\":\"2025-03-13T13:37:24+00:00\",\"dateModified\":\"2025-03-13T14:23:16+00:00\",\"mainEntityOfPage\":{\"@id\":\"https:\/\/blog.assiv.it\/index.php\/2025\/03\/13\/case-popolari-e-sicurezza-il-sap-dice-no-alla-polizia-come-vigilanza-privata\/\"},\"wordCount\":370,\"publisher\":{\"@id\":\"https:\/\/blog.assiv.it\/#organization\"},\"image\":{\"@id\":\"https:\/\/blog.assiv.it\/index.php\/2025\/03\/13\/case-popolari-e-sicurezza-il-sap-dice-no-alla-polizia-come-vigilanza-privata\/#primaryimage\"},\"thumbnailUrl\":\"https:\/\/blog.assiv.it\/wp-content\/uploads\/2025\/03\/case-popolari-bologna.jpg\",\"keywords\":[\"ASSIV\",\"Ministero Interno\",\"sicurezza\",\"Sicurezza privata\",\"sicurezza urbana\",\"videosorveglianza\",\"vigilanza\",\"vigilanza privata\"],\"articleSection\":[\"Sicurezza\"],\"inLanguage\":\"it-IT\"},{\"@type\":\"WebPage\",\"@id\":\"https:\/\/blog.assiv.it\/index.php\/2025\/03\/13\/case-popolari-e-sicurezza-il-sap-dice-no-alla-polizia-come-vigilanza-privata\/\",\"url\":\"https:\/\/blog.assiv.it\/index.php\/2025\/03\/13\/case-popolari-e-sicurezza-il-sap-dice-no-alla-polizia-come-vigilanza-privata\/\",\"name\":\"Case popolari e sicurezza: il SAP dice no alla polizia come vigilanza privata\",\"isPartOf\":{\"@id\":\"https:\/\/blog.assiv.it\/#website\"},\"primaryImageOfPage\":{\"@id\":\"https:\/\/blog.assiv.it\/index.php\/2025\/03\/13\/case-popolari-e-sicurezza-il-sap-dice-no-alla-polizia-come-vigilanza-privata\/#primaryimage\"},\"image\":{\"@id\":\"https:\/\/blog.assiv.it\/index.php\/2025\/03\/13\/case-popolari-e-sicurezza-il-sap-dice-no-alla-polizia-come-vigilanza-privata\/#primaryimage\"},\"thumbnailUrl\":\"https:\/\/blog.assiv.it\/wp-content\/uploads\/2025\/03\/case-popolari-bologna.jpg\",\"datePublished\":\"2025-03-13T13:37:24+00:00\",\"dateModified\":\"2025-03-13T14:23:16+00:00\",\"description\":\"Case popolari e sicurezza: il SAP dice no alla polizia come vigilanza privata\",\"breadcrumb\":{\"@id\":\"https:\/\/blog.assiv.it\/index.php\/2025\/03\/13\/case-popolari-e-sicurezza-il-sap-dice-no-alla-polizia-come-vigilanza-privata\/#breadcrumb\"},\"inLanguage\":\"it-IT\",\"potentialAction\":[{\"@type\":\"ReadAction\",\"target\":[\"https:\/\/blog.assiv.it\/index.php\/2025\/03\/13\/case-popolari-e-sicurezza-il-sap-dice-no-alla-polizia-come-vigilanza-privata\/\"]}]},{\"@type\":\"ImageObject\",\"inLanguage\":\"it-IT\",\"@id\":\"https:\/\/blog.assiv.it\/index.php\/2025\/03\/13\/case-popolari-e-sicurezza-il-sap-dice-no-alla-polizia-come-vigilanza-privata\/#primaryimage\",\"url\":\"https:\/\/blog.assiv.it\/wp-content\/uploads\/2025\/03\/case-popolari-bologna.jpg\",\"contentUrl\":\"https:\/\/blog.assiv.it\/wp-content\/uploads\/2025\/03\/case-popolari-bologna.jpg\",\"width\":560,\"height\":315},{\"@type\":\"BreadcrumbList\",\"@id\":\"https:\/\/blog.assiv.it\/index.php\/2025\/03\/13\/case-popolari-e-sicurezza-il-sap-dice-no-alla-polizia-come-vigilanza-privata\/#breadcrumb\",\"itemListElement\":[{\"@type\":\"ListItem\",\"position\":1,\"name\":\"Home\",\"item\":\"https:\/\/blog.assiv.it\/\"},{\"@type\":\"ListItem\",\"position\":2,\"name\":\"Case popolari e sicurezza: il SAP dice no alla polizia come vigilanza privata\"}]},{\"@type\":\"WebSite\",\"@id\":\"https:\/\/blog.assiv.it\/#website\",\"url\":\"https:\/\/blog.assiv.it\/\",\"name\":\"Blog.Assiv\",\"description\":\"Associazione Italiana Vigilanza e Servizi di Sicurezza\",\"publisher\":{\"@id\":\"https:\/\/blog.assiv.it\/#organization\"},\"potentialAction\":[{\"@type\":\"SearchAction\",\"target\":{\"@type\":\"EntryPoint\",\"urlTemplate\":\"https:\/\/blog.assiv.it\/?s={search_term_string}\"},\"query-input\":{\"@type\":\"PropertyValueSpecification\",\"valueRequired\":true,\"valueName\":\"search_term_string\"}}],\"inLanguage\":\"it-IT\"},{\"@type\":\"Organization\",\"@id\":\"https:\/\/blog.assiv.it\/#organization\",\"name\":\"Blog.Assiv\",\"url\":\"https:\/\/blog.assiv.it\/\",\"logo\":{\"@type\":\"ImageObject\",\"inLanguage\":\"it-IT\",\"@id\":\"https:\/\/blog.assiv.it\/#\/schema\/logo\/image\/\",\"url\":\"https:\/\/blog.assiv.it\/wp-content\/uploads\/2024\/08\/blog_assiv_logg_color.png\",\"contentUrl\":\"https:\/\/blog.assiv.it\/wp-content\/uploads\/2024\/08\/blog_assiv_logg_color.png\",\"width\":400,\"height\":102,\"caption\":\"Blog.Assiv\"},\"image\":{\"@id\":\"https:\/\/blog.assiv.it\/#\/schema\/logo\/image\/\"},\"sameAs\":[\"https:\/\/www.facebook.com\/associazionevigilanza\/\",\"https:\/\/www.linkedin.com\/in\/ass-i-v-vigilanza-e-servizi-fiduciari-6923b6169\/\"]},{\"@type\":\"Person\",\"@id\":\"https:\/\/blog.assiv.it\/#\/schema\/person\/e67e6bfe974265213521b17bcb72f56c\",\"name\":\"Alina Corradini\",\"image\":{\"@type\":\"ImageObject\",\"inLanguage\":\"it-IT\",\"@id\":\"https:\/\/blog.assiv.it\/#\/schema\/person\/image\/\",\"url\":\"https:\/\/secure.gravatar.com\/avatar\/4132aee8f9bd4bdecdebca6030c86e8da29e7fce98ad2ff7f1dcb17155c4ea90?s=96&d=mm&r=g\",\"contentUrl\":\"https:\/\/secure.gravatar.com\/avatar\/4132aee8f9bd4bdecdebca6030c86e8da29e7fce98ad2ff7f1dcb17155c4ea90?s=96&d=mm&r=g\",\"caption\":\"Alina Corradini\"},\"url\":\"https:\/\/blog.assiv.it\/index.php\/author\/alina-corradini\/\"}]}<\/script>\n<!-- \/ Yoast SEO plugin. -->","yoast_head_json":{"title":"Case popolari e sicurezza: il SAP dice no alla polizia come vigilanza privata","description":"Case popolari e sicurezza: il SAP dice no alla polizia come vigilanza privata","robots":{"index":"index","follow":"follow","max-snippet":"max-snippet:-1","max-image-preview":"max-image-preview:large","max-video-preview":"max-video-preview:-1"},"canonical":"https:\/\/blog.assiv.it\/index.php\/2025\/03\/13\/case-popolari-e-sicurezza-il-sap-dice-no-alla-polizia-come-vigilanza-privata\/","og_locale":"it_IT","og_type":"article","og_title":"Case popolari e sicurezza: il SAP dice no alla polizia come vigilanza privata","og_description":"Case popolari e sicurezza: il SAP dice no alla polizia come vigilanza privata","og_url":"https:\/\/blog.assiv.it\/index.php\/2025\/03\/13\/case-popolari-e-sicurezza-il-sap-dice-no-alla-polizia-come-vigilanza-privata\/","og_site_name":"Blog.Assiv","article_publisher":"https:\/\/www.facebook.com\/associazionevigilanza\/","article_published_time":"2025-03-13T13:37:24+00:00","article_modified_time":"2025-03-13T14:23:16+00:00","og_image":[{"width":560,"height":315,"url":"https:\/\/blog.assiv.it\/wp-content\/uploads\/2025\/03\/case-popolari-bologna.jpg","type":"image\/jpeg"}],"author":"Alina Corradini","twitter_card":"summary_large_image","twitter_misc":{"Scritto da":"Alina Corradini","Tempo di lettura stimato":"3 minuti"},"schema":{"@context":"https:\/\/schema.org","@graph":[{"@type":"Article","@id":"https:\/\/blog.assiv.it\/index.php\/2025\/03\/13\/case-popolari-e-sicurezza-il-sap-dice-no-alla-polizia-come-vigilanza-privata\/#article","isPartOf":{"@id":"https:\/\/blog.assiv.it\/index.php\/2025\/03\/13\/case-popolari-e-sicurezza-il-sap-dice-no-alla-polizia-come-vigilanza-privata\/"},"author":{"name":"Alina Corradini","@id":"https:\/\/blog.assiv.it\/#\/schema\/person\/e67e6bfe974265213521b17bcb72f56c"},"headline":"Case popolari e sicurezza: il SAP dice no alla polizia come vigilanza privata","datePublished":"2025-03-13T13:37:24+00:00","dateModified":"2025-03-13T14:23:16+00:00","mainEntityOfPage":{"@id":"https:\/\/blog.assiv.it\/index.php\/2025\/03\/13\/case-popolari-e-sicurezza-il-sap-dice-no-alla-polizia-come-vigilanza-privata\/"},"wordCount":370,"publisher":{"@id":"https:\/\/blog.assiv.it\/#organization"},"image":{"@id":"https:\/\/blog.assiv.it\/index.php\/2025\/03\/13\/case-popolari-e-sicurezza-il-sap-dice-no-alla-polizia-come-vigilanza-privata\/#primaryimage"},"thumbnailUrl":"https:\/\/blog.assiv.it\/wp-content\/uploads\/2025\/03\/case-popolari-bologna.jpg","keywords":["ASSIV","Ministero Interno","sicurezza","Sicurezza privata","sicurezza urbana","videosorveglianza","vigilanza","vigilanza privata"],"articleSection":["Sicurezza"],"inLanguage":"it-IT"},{"@type":"WebPage","@id":"https:\/\/blog.assiv.it\/index.php\/2025\/03\/13\/case-popolari-e-sicurezza-il-sap-dice-no-alla-polizia-come-vigilanza-privata\/","url":"https:\/\/blog.assiv.it\/index.php\/2025\/03\/13\/case-popolari-e-sicurezza-il-sap-dice-no-alla-polizia-come-vigilanza-privata\/","name":"Case popolari e sicurezza: il SAP dice no alla polizia come vigilanza privata","isPartOf":{"@id":"https:\/\/blog.assiv.it\/#website"},"primaryImageOfPage":{"@id":"https:\/\/blog.assiv.it\/index.php\/2025\/03\/13\/case-popolari-e-sicurezza-il-sap-dice-no-alla-polizia-come-vigilanza-privata\/#primaryimage"},"image":{"@id":"https:\/\/blog.assiv.it\/index.php\/2025\/03\/13\/case-popolari-e-sicurezza-il-sap-dice-no-alla-polizia-come-vigilanza-privata\/#primaryimage"},"thumbnailUrl":"https:\/\/blog.assiv.it\/wp-content\/uploads\/2025\/03\/case-popolari-bologna.jpg","datePublished":"2025-03-13T13:37:24+00:00","dateModified":"2025-03-13T14:23:16+00:00","description":"Case popolari e sicurezza: il SAP dice no alla polizia come vigilanza privata","breadcrumb":{"@id":"https:\/\/blog.assiv.it\/index.php\/2025\/03\/13\/case-popolari-e-sicurezza-il-sap-dice-no-alla-polizia-come-vigilanza-privata\/#breadcrumb"},"inLanguage":"it-IT","potentialAction":[{"@type":"ReadAction","target":["https:\/\/blog.assiv.it\/index.php\/2025\/03\/13\/case-popolari-e-sicurezza-il-sap-dice-no-alla-polizia-come-vigilanza-privata\/"]}]},{"@type":"ImageObject","inLanguage":"it-IT","@id":"https:\/\/blog.assiv.it\/index.php\/2025\/03\/13\/case-popolari-e-sicurezza-il-sap-dice-no-alla-polizia-come-vigilanza-privata\/#primaryimage","url":"https:\/\/blog.assiv.it\/wp-content\/uploads\/2025\/03\/case-popolari-bologna.jpg","contentUrl":"https:\/\/blog.assiv.it\/wp-content\/uploads\/2025\/03\/case-popolari-bologna.jpg","width":560,"height":315},{"@type":"BreadcrumbList","@id":"https:\/\/blog.assiv.it\/index.php\/2025\/03\/13\/case-popolari-e-sicurezza-il-sap-dice-no-alla-polizia-come-vigilanza-privata\/#breadcrumb","itemListElement":[{"@type":"ListItem","position":1,"name":"Home","item":"https:\/\/blog.assiv.it\/"},{"@type":"ListItem","position":2,"name":"Case popolari e sicurezza: il SAP dice no alla polizia come vigilanza privata"}]},{"@type":"WebSite","@id":"https:\/\/blog.assiv.it\/#website","url":"https:\/\/blog.assiv.it\/","name":"Blog.Assiv","description":"Associazione Italiana Vigilanza e Servizi di Sicurezza","publisher":{"@id":"https:\/\/blog.assiv.it\/#organization"},"potentialAction":[{"@type":"SearchAction","target":{"@type":"EntryPoint","urlTemplate":"https:\/\/blog.assiv.it\/?s={search_term_string}"},"query-input":{"@type":"PropertyValueSpecification","valueRequired":true,"valueName":"search_term_string"}}],"inLanguage":"it-IT"},{"@type":"Organization","@id":"https:\/\/blog.assiv.it\/#organization","name":"Blog.Assiv","url":"https:\/\/blog.assiv.it\/","logo":{"@type":"ImageObject","inLanguage":"it-IT","@id":"https:\/\/blog.assiv.it\/#\/schema\/logo\/image\/","url":"https:\/\/blog.assiv.it\/wp-content\/uploads\/2024\/08\/blog_assiv_logg_color.png","contentUrl":"https:\/\/blog.assiv.it\/wp-content\/uploads\/2024\/08\/blog_assiv_logg_color.png","width":400,"height":102,"caption":"Blog.Assiv"},"image":{"@id":"https:\/\/blog.assiv.it\/#\/schema\/logo\/image\/"},"sameAs":["https:\/\/www.facebook.com\/associazionevigilanza\/","https:\/\/www.linkedin.com\/in\/ass-i-v-vigilanza-e-servizi-fiduciari-6923b6169\/"]},{"@type":"Person","@id":"https:\/\/blog.assiv.it\/#\/schema\/person\/e67e6bfe974265213521b17bcb72f56c","name":"Alina Corradini","image":{"@type":"ImageObject","inLanguage":"it-IT","@id":"https:\/\/blog.assiv.it\/#\/schema\/person\/image\/","url":"https:\/\/secure.gravatar.com\/avatar\/4132aee8f9bd4bdecdebca6030c86e8da29e7fce98ad2ff7f1dcb17155c4ea90?s=96&d=mm&r=g","contentUrl":"https:\/\/secure.gravatar.com\/avatar\/4132aee8f9bd4bdecdebca6030c86e8da29e7fce98ad2ff7f1dcb17155c4ea90?s=96&d=mm&r=g","caption":"Alina Corradini"},"url":"https:\/\/blog.assiv.it\/index.php\/author\/alina-corradini\/"}]}},"amp_enabled":true,"_links":{"self":[{"href":"https:\/\/blog.assiv.it\/index.php\/wp-json\/wp\/v2\/posts\/21158","targetHints":{"allow":["GET"]}}],"collection":[{"href":"https:\/\/blog.assiv.it\/index.php\/wp-json\/wp\/v2\/posts"}],"about":[{"href":"https:\/\/blog.assiv.it\/index.php\/wp-json\/wp\/v2\/types\/post"}],"author":[{"embeddable":true,"href":"https:\/\/blog.assiv.it\/index.php\/wp-json\/wp\/v2\/users\/2"}],"replies":[{"embeddable":true,"href":"https:\/\/blog.assiv.it\/index.php\/wp-json\/wp\/v2\/comments?post=21158"}],"version-history":[{"count":2,"href":"https:\/\/blog.assiv.it\/index.php\/wp-json\/wp\/v2\/posts\/21158\/revisions"}],"predecessor-version":[{"id":21163,"href":"https:\/\/blog.assiv.it\/index.php\/wp-json\/wp\/v2\/posts\/21158\/revisions\/21163"}],"wp:featuredmedia":[{"embeddable":true,"href":"https:\/\/blog.assiv.it\/index.php\/wp-json\/wp\/v2\/media\/21160"}],"wp:attachment":[{"href":"https:\/\/blog.assiv.it\/index.php\/wp-json\/wp\/v2\/media?parent=21158"}],"wp:term":[{"taxonomy":"category","embeddable":true,"href":"https:\/\/blog.assiv.it\/index.php\/wp-json\/wp\/v2\/categories?post=21158"},{"taxonomy":"post_tag","embeddable":true,"href":"https:\/\/blog.assiv.it\/index.php\/wp-json\/wp\/v2\/tags?post=21158"}],"curies":[{"name":"wp","href":"https:\/\/api.w.org\/{rel}","templated":true}]}}