{"id":21164,"date":"2025-03-17T16:33:41","date_gmt":"2025-03-17T15:33:41","guid":{"rendered":"https:\/\/blog.assiv.it\/?p=21164"},"modified":"2025-03-17T16:36:31","modified_gmt":"2025-03-17T15:36:31","slug":"lissone-mb-sicurezza-partecipata-un-modello-di-collaborazione-tra-cittadini-e-vigilanza-privata","status":"publish","type":"post","link":"https:\/\/blog.assiv.it\/index.php\/2025\/03\/17\/lissone-mb-sicurezza-partecipata-un-modello-di-collaborazione-tra-cittadini-e-vigilanza-privata\/","title":{"rendered":"Lissone (MB): sicurezza partecipata, un modello di collaborazione tra cittadini e vigilanza privata"},"content":{"rendered":"\n<p><br>A Lissone, in provincia di Monza e Brianza, una positiva sinergia tra iniziative private e comunitarie sta contribuendo a migliorare la sicurezza nei quartieri.&nbsp;<\/p>\n\n\n\n<p>La discoteca Noir di via Guarenti ha recentemente ripristinato un servizio di vigilanza privata per contrastare risse, schiamazzi e disturbi notturni, fenomeni che affliggevano l&#8217;area circostante.<\/p>\n\n\n\n<p>Questa iniziativa \u00e8 stata accolta con entusiasmo dal gruppo di Controllo di Vicinato del rione, che da tempo sollecitava interventi concreti per garantire la tranquillit\u00e0 dei residenti. Gi\u00e0 durante il primo fine settimana di attivazione, le pattuglie delle gpg hanno presidiato la zona, contribuendo a prevenire situazioni critiche e garantendo un maggiore controllo a favore dei residenti.<\/p>\n\n\n\n<p>Il quartiere, soprattutto durante i fine settimana, era spesso teatro di disagi legati al traffico e al comportamento degli avventori del locale nelle ore notturne. In questo caso, la collaborazione tra la discoteca e il Controllo di Vicinato rappresenta un esempio virtuoso che ha determinato l&#8217;integrazione tra vigilanza privata e iniziative comunitarie con l\u2019obiettivo di migliorare la qualit\u00e0 della vita nei quartieri, nel rispetto reciproco e con un traguardo comune: la sicurezza e la serenit\u00e0 dei cittadini.<\/p>\n\n\n\n<p>Come Assiv esprimiamo quindi il nostro favore nei confronti di questa modalit\u00e0 di collaborazione tra vigilanza privata e cittadini. Il coinvolgimento attivo della cittadinanza nella segnalazione di situazioni problematiche, unito all&#8217;intervento professionale delle guardie giurate, rappresenta un modello efficace per incrementare la sicurezza urbana senza sovraccaricare le forze dell\u2019ordine.<\/p>\n\n\n\n<p>Questa strategia di integrazione si inserisce in una visione moderna della sicurezza partecipata, dove la comunit\u00e0 e le aziende collaborano con un approccio responsabile e proattivo. L&#8217;esperienza di Lissone potrebbe quindi diventare un esempio da replicare in altri contesti urbani, dimostrando che la sicurezza non \u00e8 solo un compito delle istituzioni, ma una responsabilit\u00e0 condivisa che, se gestita con equilibrio e rispetto reciproco, pu\u00f2 portare benefici concreti a tutti.<\/p>\n\n\n\n<p>Qui gli articoli di stampa &#8211; <a href=\"https:\/\/primamonza.it\/attualita\/risse-schiamazzi-e-disturbo-notturno-arriva-la-vigilanza-privata\">https:\/\/primamonza.it\/attualita\/risse-schiamazzi-e-disturbo-notturno-arriva-la-vigilanza-privata<\/a><\/p>\n\n\n\n<p><\/p>\n","protected":false},"excerpt":{"rendered":"<p>A Lissone, in provincia di Monza e Brianza, una positiva sinergia tra iniziative private e comunitarie sta contribuendo a migliorare la sicurezza nei quartieri.&nbsp; La discoteca Noir di via Guarenti ha recentemente ripristinato un servizio di vigilanza privata per contrastare risse, schiamazzi e disturbi notturni, fenomeni che affliggevano l&#8217;area circostante. Questa iniziativa \u00e8 stata accolta<\/p>\n","protected":false},"author":2,"featured_media":21166,"comment_status":"closed","ping_status":"closed","sticky":false,"template":"","format":"standard","meta":{"footnotes":""},"categories":[218],"tags":[169,124,766,111,136,125],"class_list":{"0":"post-21164","1":"post","2":"type-post","3":"status-publish","4":"format-standard","5":"has-post-thumbnail","7":"category-sicurezza","8":"tag-gpg","9":"tag-sicurezza","10":"tag-sicurezza-partecipata","11":"tag-sicurezza-privata","12":"tag-vigilanza","13":"tag-vigilanza-privata"},"yoast_head":"<!-- This site is optimized with the Yoast SEO plugin v26.0 - https:\/\/yoast.com\/wordpress\/plugins\/seo\/ -->\n<title>Lissone (MB): sicurezza partecipata, un modello di collaborazione tra cittadini e vigilanza privata - Blog.Assiv<\/title>\n<meta name=\"robots\" content=\"index, follow, max-snippet:-1, max-image-preview:large, max-video-preview:-1\" \/>\n<link rel=\"canonical\" href=\"https:\/\/blog.assiv.it\/index.php\/2025\/03\/17\/lissone-mb-sicurezza-partecipata-un-modello-di-collaborazione-tra-cittadini-e-vigilanza-privata\/\" \/>\n<meta property=\"og:locale\" content=\"it_IT\" \/>\n<meta property=\"og:type\" content=\"article\" \/>\n<meta property=\"og:title\" content=\"Lissone (MB): sicurezza partecipata, un modello di collaborazione tra cittadini e vigilanza privata - Blog.Assiv\" \/>\n<meta property=\"og:description\" content=\"A Lissone, in provincia di Monza e Brianza, una positiva sinergia tra iniziative private e comunitarie sta contribuendo a migliorare la sicurezza nei quartieri.&nbsp; La discoteca Noir di via Guarenti ha recentemente ripristinato un servizio di vigilanza privata per contrastare risse, schiamazzi e disturbi notturni, fenomeni che affliggevano l&#8217;area circostante. Questa iniziativa \u00e8 stata accolta\" \/>\n<meta property=\"og:url\" content=\"https:\/\/blog.assiv.it\/index.php\/2025\/03\/17\/lissone-mb-sicurezza-partecipata-un-modello-di-collaborazione-tra-cittadini-e-vigilanza-privata\/\" \/>\n<meta property=\"og:site_name\" content=\"Blog.Assiv\" \/>\n<meta property=\"article:publisher\" content=\"https:\/\/www.facebook.com\/associazionevigilanza\/\" \/>\n<meta property=\"article:published_time\" content=\"2025-03-17T15:33:41+00:00\" \/>\n<meta property=\"article:modified_time\" content=\"2025-03-17T15:36:31+00:00\" \/>\n<meta property=\"og:image\" content=\"https:\/\/blog.assiv.it\/wp-content\/uploads\/2025\/03\/Lissone_PiazzaLiberta.jpg.webp\" \/>\n\t<meta property=\"og:image:width\" content=\"1920\" \/>\n\t<meta property=\"og:image:height\" content=\"1080\" \/>\n\t<meta property=\"og:image:type\" content=\"image\/webp\" \/>\n<meta name=\"author\" content=\"Alina Corradini\" \/>\n<meta name=\"twitter:card\" content=\"summary_large_image\" \/>\n<meta name=\"twitter:label1\" content=\"Scritto da\" \/>\n\t<meta name=\"twitter:data1\" content=\"Alina Corradini\" \/>\n\t<meta name=\"twitter:label2\" content=\"Tempo di lettura stimato\" \/>\n\t<meta name=\"twitter:data2\" content=\"2 minuti\" \/>\n<script type=\"application\/ld+json\" class=\"yoast-schema-graph\">{\"@context\":\"https:\/\/schema.org\",\"@graph\":[{\"@type\":\"Article\",\"@id\":\"https:\/\/blog.assiv.it\/index.php\/2025\/03\/17\/lissone-mb-sicurezza-partecipata-un-modello-di-collaborazione-tra-cittadini-e-vigilanza-privata\/#article\",\"isPartOf\":{\"@id\":\"https:\/\/blog.assiv.it\/index.php\/2025\/03\/17\/lissone-mb-sicurezza-partecipata-un-modello-di-collaborazione-tra-cittadini-e-vigilanza-privata\/\"},\"author\":{\"name\":\"Alina Corradini\",\"@id\":\"https:\/\/blog.assiv.it\/#\/schema\/person\/e67e6bfe974265213521b17bcb72f56c\"},\"headline\":\"Lissone (MB): sicurezza partecipata, un modello di collaborazione tra cittadini e vigilanza privata\",\"datePublished\":\"2025-03-17T15:33:41+00:00\",\"dateModified\":\"2025-03-17T15:36:31+00:00\",\"mainEntityOfPage\":{\"@id\":\"https:\/\/blog.assiv.it\/index.php\/2025\/03\/17\/lissone-mb-sicurezza-partecipata-un-modello-di-collaborazione-tra-cittadini-e-vigilanza-privata\/\"},\"wordCount\":327,\"publisher\":{\"@id\":\"https:\/\/blog.assiv.it\/#organization\"},\"image\":{\"@id\":\"https:\/\/blog.assiv.it\/index.php\/2025\/03\/17\/lissone-mb-sicurezza-partecipata-un-modello-di-collaborazione-tra-cittadini-e-vigilanza-privata\/#primaryimage\"},\"thumbnailUrl\":\"https:\/\/blog.assiv.it\/wp-content\/uploads\/2025\/03\/Lissone_PiazzaLiberta.jpg.webp\",\"keywords\":[\"GPG\",\"sicurezza\",\"sicurezza partecipata\",\"Sicurezza privata\",\"vigilanza\",\"vigilanza privata\"],\"articleSection\":[\"Sicurezza\"],\"inLanguage\":\"it-IT\"},{\"@type\":\"WebPage\",\"@id\":\"https:\/\/blog.assiv.it\/index.php\/2025\/03\/17\/lissone-mb-sicurezza-partecipata-un-modello-di-collaborazione-tra-cittadini-e-vigilanza-privata\/\",\"url\":\"https:\/\/blog.assiv.it\/index.php\/2025\/03\/17\/lissone-mb-sicurezza-partecipata-un-modello-di-collaborazione-tra-cittadini-e-vigilanza-privata\/\",\"name\":\"Lissone (MB): sicurezza partecipata, un modello di collaborazione tra cittadini e vigilanza privata - Blog.Assiv\",\"isPartOf\":{\"@id\":\"https:\/\/blog.assiv.it\/#website\"},\"primaryImageOfPage\":{\"@id\":\"https:\/\/blog.assiv.it\/index.php\/2025\/03\/17\/lissone-mb-sicurezza-partecipata-un-modello-di-collaborazione-tra-cittadini-e-vigilanza-privata\/#primaryimage\"},\"image\":{\"@id\":\"https:\/\/blog.assiv.it\/index.php\/2025\/03\/17\/lissone-mb-sicurezza-partecipata-un-modello-di-collaborazione-tra-cittadini-e-vigilanza-privata\/#primaryimage\"},\"thumbnailUrl\":\"https:\/\/blog.assiv.it\/wp-content\/uploads\/2025\/03\/Lissone_PiazzaLiberta.jpg.webp\",\"datePublished\":\"2025-03-17T15:33:41+00:00\",\"dateModified\":\"2025-03-17T15:36:31+00:00\",\"breadcrumb\":{\"@id\":\"https:\/\/blog.assiv.it\/index.php\/2025\/03\/17\/lissone-mb-sicurezza-partecipata-un-modello-di-collaborazione-tra-cittadini-e-vigilanza-privata\/#breadcrumb\"},\"inLanguage\":\"it-IT\",\"potentialAction\":[{\"@type\":\"ReadAction\",\"target\":[\"https:\/\/blog.assiv.it\/index.php\/2025\/03\/17\/lissone-mb-sicurezza-partecipata-un-modello-di-collaborazione-tra-cittadini-e-vigilanza-privata\/\"]}]},{\"@type\":\"ImageObject\",\"inLanguage\":\"it-IT\",\"@id\":\"https:\/\/blog.assiv.it\/index.php\/2025\/03\/17\/lissone-mb-sicurezza-partecipata-un-modello-di-collaborazione-tra-cittadini-e-vigilanza-privata\/#primaryimage\",\"url\":\"https:\/\/blog.assiv.it\/wp-content\/uploads\/2025\/03\/Lissone_PiazzaLiberta.jpg.webp\",\"contentUrl\":\"https:\/\/blog.assiv.it\/wp-content\/uploads\/2025\/03\/Lissone_PiazzaLiberta.jpg.webp\",\"width\":1920,\"height\":1080},{\"@type\":\"BreadcrumbList\",\"@id\":\"https:\/\/blog.assiv.it\/index.php\/2025\/03\/17\/lissone-mb-sicurezza-partecipata-un-modello-di-collaborazione-tra-cittadini-e-vigilanza-privata\/#breadcrumb\",\"itemListElement\":[{\"@type\":\"ListItem\",\"position\":1,\"name\":\"Home\",\"item\":\"https:\/\/blog.assiv.it\/\"},{\"@type\":\"ListItem\",\"position\":2,\"name\":\"Lissone (MB): sicurezza partecipata, un modello di collaborazione tra cittadini e vigilanza privata\"}]},{\"@type\":\"WebSite\",\"@id\":\"https:\/\/blog.assiv.it\/#website\",\"url\":\"https:\/\/blog.assiv.it\/\",\"name\":\"Blog.Assiv\",\"description\":\"Associazione Italiana Vigilanza e Servizi di Sicurezza\",\"publisher\":{\"@id\":\"https:\/\/blog.assiv.it\/#organization\"},\"potentialAction\":[{\"@type\":\"SearchAction\",\"target\":{\"@type\":\"EntryPoint\",\"urlTemplate\":\"https:\/\/blog.assiv.it\/?s={search_term_string}\"},\"query-input\":{\"@type\":\"PropertyValueSpecification\",\"valueRequired\":true,\"valueName\":\"search_term_string\"}}],\"inLanguage\":\"it-IT\"},{\"@type\":\"Organization\",\"@id\":\"https:\/\/blog.assiv.it\/#organization\",\"name\":\"Blog.Assiv\",\"url\":\"https:\/\/blog.assiv.it\/\",\"logo\":{\"@type\":\"ImageObject\",\"inLanguage\":\"it-IT\",\"@id\":\"https:\/\/blog.assiv.it\/#\/schema\/logo\/image\/\",\"url\":\"https:\/\/blog.assiv.it\/wp-content\/uploads\/2024\/08\/blog_assiv_logg_color.png\",\"contentUrl\":\"https:\/\/blog.assiv.it\/wp-content\/uploads\/2024\/08\/blog_assiv_logg_color.png\",\"width\":400,\"height\":102,\"caption\":\"Blog.Assiv\"},\"image\":{\"@id\":\"https:\/\/blog.assiv.it\/#\/schema\/logo\/image\/\"},\"sameAs\":[\"https:\/\/www.facebook.com\/associazionevigilanza\/\",\"https:\/\/www.linkedin.com\/in\/ass-i-v-vigilanza-e-servizi-fiduciari-6923b6169\/\"]},{\"@type\":\"Person\",\"@id\":\"https:\/\/blog.assiv.it\/#\/schema\/person\/e67e6bfe974265213521b17bcb72f56c\",\"name\":\"Alina Corradini\",\"image\":{\"@type\":\"ImageObject\",\"inLanguage\":\"it-IT\",\"@id\":\"https:\/\/blog.assiv.it\/#\/schema\/person\/image\/\",\"url\":\"https:\/\/secure.gravatar.com\/avatar\/4132aee8f9bd4bdecdebca6030c86e8da29e7fce98ad2ff7f1dcb17155c4ea90?s=96&d=mm&r=g\",\"contentUrl\":\"https:\/\/secure.gravatar.com\/avatar\/4132aee8f9bd4bdecdebca6030c86e8da29e7fce98ad2ff7f1dcb17155c4ea90?s=96&d=mm&r=g\",\"caption\":\"Alina Corradini\"},\"url\":\"https:\/\/blog.assiv.it\/index.php\/author\/alina-corradini\/\"}]}<\/script>\n<!-- \/ Yoast SEO plugin. -->","yoast_head_json":{"title":"Lissone (MB): sicurezza partecipata, un modello di collaborazione tra cittadini e vigilanza privata - Blog.Assiv","robots":{"index":"index","follow":"follow","max-snippet":"max-snippet:-1","max-image-preview":"max-image-preview:large","max-video-preview":"max-video-preview:-1"},"canonical":"https:\/\/blog.assiv.it\/index.php\/2025\/03\/17\/lissone-mb-sicurezza-partecipata-un-modello-di-collaborazione-tra-cittadini-e-vigilanza-privata\/","og_locale":"it_IT","og_type":"article","og_title":"Lissone (MB): sicurezza partecipata, un modello di collaborazione tra cittadini e vigilanza privata - Blog.Assiv","og_description":"A Lissone, in provincia di Monza e Brianza, una positiva sinergia tra iniziative private e comunitarie sta contribuendo a migliorare la sicurezza nei quartieri.&nbsp; La discoteca Noir di via Guarenti ha recentemente ripristinato un servizio di vigilanza privata per contrastare risse, schiamazzi e disturbi notturni, fenomeni che affliggevano l&#8217;area circostante. Questa iniziativa \u00e8 stata accolta","og_url":"https:\/\/blog.assiv.it\/index.php\/2025\/03\/17\/lissone-mb-sicurezza-partecipata-un-modello-di-collaborazione-tra-cittadini-e-vigilanza-privata\/","og_site_name":"Blog.Assiv","article_publisher":"https:\/\/www.facebook.com\/associazionevigilanza\/","article_published_time":"2025-03-17T15:33:41+00:00","article_modified_time":"2025-03-17T15:36:31+00:00","og_image":[{"width":1920,"height":1080,"url":"https:\/\/blog.assiv.it\/wp-content\/uploads\/2025\/03\/Lissone_PiazzaLiberta.jpg.webp","type":"image\/webp"}],"author":"Alina Corradini","twitter_card":"summary_large_image","twitter_misc":{"Scritto da":"Alina Corradini","Tempo di lettura stimato":"2 minuti"},"schema":{"@context":"https:\/\/schema.org","@graph":[{"@type":"Article","@id":"https:\/\/blog.assiv.it\/index.php\/2025\/03\/17\/lissone-mb-sicurezza-partecipata-un-modello-di-collaborazione-tra-cittadini-e-vigilanza-privata\/#article","isPartOf":{"@id":"https:\/\/blog.assiv.it\/index.php\/2025\/03\/17\/lissone-mb-sicurezza-partecipata-un-modello-di-collaborazione-tra-cittadini-e-vigilanza-privata\/"},"author":{"name":"Alina Corradini","@id":"https:\/\/blog.assiv.it\/#\/schema\/person\/e67e6bfe974265213521b17bcb72f56c"},"headline":"Lissone (MB): sicurezza partecipata, un modello di collaborazione tra cittadini e vigilanza privata","datePublished":"2025-03-17T15:33:41+00:00","dateModified":"2025-03-17T15:36:31+00:00","mainEntityOfPage":{"@id":"https:\/\/blog.assiv.it\/index.php\/2025\/03\/17\/lissone-mb-sicurezza-partecipata-un-modello-di-collaborazione-tra-cittadini-e-vigilanza-privata\/"},"wordCount":327,"publisher":{"@id":"https:\/\/blog.assiv.it\/#organization"},"image":{"@id":"https:\/\/blog.assiv.it\/index.php\/2025\/03\/17\/lissone-mb-sicurezza-partecipata-un-modello-di-collaborazione-tra-cittadini-e-vigilanza-privata\/#primaryimage"},"thumbnailUrl":"https:\/\/blog.assiv.it\/wp-content\/uploads\/2025\/03\/Lissone_PiazzaLiberta.jpg.webp","keywords":["GPG","sicurezza","sicurezza partecipata","Sicurezza privata","vigilanza","vigilanza privata"],"articleSection":["Sicurezza"],"inLanguage":"it-IT"},{"@type":"WebPage","@id":"https:\/\/blog.assiv.it\/index.php\/2025\/03\/17\/lissone-mb-sicurezza-partecipata-un-modello-di-collaborazione-tra-cittadini-e-vigilanza-privata\/","url":"https:\/\/blog.assiv.it\/index.php\/2025\/03\/17\/lissone-mb-sicurezza-partecipata-un-modello-di-collaborazione-tra-cittadini-e-vigilanza-privata\/","name":"Lissone (MB): sicurezza partecipata, un modello di collaborazione tra cittadini e vigilanza privata - Blog.Assiv","isPartOf":{"@id":"https:\/\/blog.assiv.it\/#website"},"primaryImageOfPage":{"@id":"https:\/\/blog.assiv.it\/index.php\/2025\/03\/17\/lissone-mb-sicurezza-partecipata-un-modello-di-collaborazione-tra-cittadini-e-vigilanza-privata\/#primaryimage"},"image":{"@id":"https:\/\/blog.assiv.it\/index.php\/2025\/03\/17\/lissone-mb-sicurezza-partecipata-un-modello-di-collaborazione-tra-cittadini-e-vigilanza-privata\/#primaryimage"},"thumbnailUrl":"https:\/\/blog.assiv.it\/wp-content\/uploads\/2025\/03\/Lissone_PiazzaLiberta.jpg.webp","datePublished":"2025-03-17T15:33:41+00:00","dateModified":"2025-03-17T15:36:31+00:00","breadcrumb":{"@id":"https:\/\/blog.assiv.it\/index.php\/2025\/03\/17\/lissone-mb-sicurezza-partecipata-un-modello-di-collaborazione-tra-cittadini-e-vigilanza-privata\/#breadcrumb"},"inLanguage":"it-IT","potentialAction":[{"@type":"ReadAction","target":["https:\/\/blog.assiv.it\/index.php\/2025\/03\/17\/lissone-mb-sicurezza-partecipata-un-modello-di-collaborazione-tra-cittadini-e-vigilanza-privata\/"]}]},{"@type":"ImageObject","inLanguage":"it-IT","@id":"https:\/\/blog.assiv.it\/index.php\/2025\/03\/17\/lissone-mb-sicurezza-partecipata-un-modello-di-collaborazione-tra-cittadini-e-vigilanza-privata\/#primaryimage","url":"https:\/\/blog.assiv.it\/wp-content\/uploads\/2025\/03\/Lissone_PiazzaLiberta.jpg.webp","contentUrl":"https:\/\/blog.assiv.it\/wp-content\/uploads\/2025\/03\/Lissone_PiazzaLiberta.jpg.webp","width":1920,"height":1080},{"@type":"BreadcrumbList","@id":"https:\/\/blog.assiv.it\/index.php\/2025\/03\/17\/lissone-mb-sicurezza-partecipata-un-modello-di-collaborazione-tra-cittadini-e-vigilanza-privata\/#breadcrumb","itemListElement":[{"@type":"ListItem","position":1,"name":"Home","item":"https:\/\/blog.assiv.it\/"},{"@type":"ListItem","position":2,"name":"Lissone (MB): sicurezza partecipata, un modello di collaborazione tra cittadini e vigilanza privata"}]},{"@type":"WebSite","@id":"https:\/\/blog.assiv.it\/#website","url":"https:\/\/blog.assiv.it\/","name":"Blog.Assiv","description":"Associazione Italiana Vigilanza e Servizi di Sicurezza","publisher":{"@id":"https:\/\/blog.assiv.it\/#organization"},"potentialAction":[{"@type":"SearchAction","target":{"@type":"EntryPoint","urlTemplate":"https:\/\/blog.assiv.it\/?s={search_term_string}"},"query-input":{"@type":"PropertyValueSpecification","valueRequired":true,"valueName":"search_term_string"}}],"inLanguage":"it-IT"},{"@type":"Organization","@id":"https:\/\/blog.assiv.it\/#organization","name":"Blog.Assiv","url":"https:\/\/blog.assiv.it\/","logo":{"@type":"ImageObject","inLanguage":"it-IT","@id":"https:\/\/blog.assiv.it\/#\/schema\/logo\/image\/","url":"https:\/\/blog.assiv.it\/wp-content\/uploads\/2024\/08\/blog_assiv_logg_color.png","contentUrl":"https:\/\/blog.assiv.it\/wp-content\/uploads\/2024\/08\/blog_assiv_logg_color.png","width":400,"height":102,"caption":"Blog.Assiv"},"image":{"@id":"https:\/\/blog.assiv.it\/#\/schema\/logo\/image\/"},"sameAs":["https:\/\/www.facebook.com\/associazionevigilanza\/","https:\/\/www.linkedin.com\/in\/ass-i-v-vigilanza-e-servizi-fiduciari-6923b6169\/"]},{"@type":"Person","@id":"https:\/\/blog.assiv.it\/#\/schema\/person\/e67e6bfe974265213521b17bcb72f56c","name":"Alina Corradini","image":{"@type":"ImageObject","inLanguage":"it-IT","@id":"https:\/\/blog.assiv.it\/#\/schema\/person\/image\/","url":"https:\/\/secure.gravatar.com\/avatar\/4132aee8f9bd4bdecdebca6030c86e8da29e7fce98ad2ff7f1dcb17155c4ea90?s=96&d=mm&r=g","contentUrl":"https:\/\/secure.gravatar.com\/avatar\/4132aee8f9bd4bdecdebca6030c86e8da29e7fce98ad2ff7f1dcb17155c4ea90?s=96&d=mm&r=g","caption":"Alina Corradini"},"url":"https:\/\/blog.assiv.it\/index.php\/author\/alina-corradini\/"}]}},"amp_enabled":true,"_links":{"self":[{"href":"https:\/\/blog.assiv.it\/index.php\/wp-json\/wp\/v2\/posts\/21164","targetHints":{"allow":["GET"]}}],"collection":[{"href":"https:\/\/blog.assiv.it\/index.php\/wp-json\/wp\/v2\/posts"}],"about":[{"href":"https:\/\/blog.assiv.it\/index.php\/wp-json\/wp\/v2\/types\/post"}],"author":[{"embeddable":true,"href":"https:\/\/blog.assiv.it\/index.php\/wp-json\/wp\/v2\/users\/2"}],"replies":[{"embeddable":true,"href":"https:\/\/blog.assiv.it\/index.php\/wp-json\/wp\/v2\/comments?post=21164"}],"version-history":[{"count":1,"href":"https:\/\/blog.assiv.it\/index.php\/wp-json\/wp\/v2\/posts\/21164\/revisions"}],"predecessor-version":[{"id":21167,"href":"https:\/\/blog.assiv.it\/index.php\/wp-json\/wp\/v2\/posts\/21164\/revisions\/21167"}],"wp:featuredmedia":[{"embeddable":true,"href":"https:\/\/blog.assiv.it\/index.php\/wp-json\/wp\/v2\/media\/21166"}],"wp:attachment":[{"href":"https:\/\/blog.assiv.it\/index.php\/wp-json\/wp\/v2\/media?parent=21164"}],"wp:term":[{"taxonomy":"category","embeddable":true,"href":"https:\/\/blog.assiv.it\/index.php\/wp-json\/wp\/v2\/categories?post=21164"},{"taxonomy":"post_tag","embeddable":true,"href":"https:\/\/blog.assiv.it\/index.php\/wp-json\/wp\/v2\/tags?post=21164"}],"curies":[{"name":"wp","href":"https:\/\/api.w.org\/{rel}","templated":true}]}}