{"id":21722,"date":"2025-10-17T11:09:45","date_gmt":"2025-10-17T09:09:45","guid":{"rendered":"https:\/\/blog.assiv.it\/?p=21722"},"modified":"2025-10-17T12:42:25","modified_gmt":"2025-10-17T10:42:25","slug":"nuove-opportunita-nel-mondo-della-sicurezza-il-4-novembre-il-recruiting-day-di-la-patria","status":"publish","type":"post","link":"https:\/\/blog.assiv.it\/index.php\/2025\/10\/17\/nuove-opportunita-nel-mondo-della-sicurezza-il-4-novembre-il-recruiting-day-di-la-patria\/","title":{"rendered":"Nuove opportunit\u00e0 nel mondo della sicurezza: il 4 novembre il Recruiting Day di La Patria"},"content":{"rendered":"\n<p><em>Il 4 novembre, <a href=\"https:\/\/www.lapatria.it\/landing-campagna-vigilanza\/?gad_source=1&amp;gbraid=0AAAAACUVksnxkHj2DumNw__wXwaIxMWIH&amp;gclid=Cj0KCQjwhMq-BhCFARIsAGvo0KdoRQLIf3pwmpYF6zcvZfcrSI6qYCMhZvja25dftJ1FqLaXNwjCobcaApyjEALw_wcB\"><strong>La Patria<\/strong><\/a> apre le porte del suo mondo: un\u2019opportunit\u00e0 unica per vivere da vicino il ruolo di Guardia Particolare Giurata e scoprire concretamente le dinamiche di un istituto di vigilanza in crescita.<\/em><\/p>\n\n\n\n<h2 class=\"wp-block-heading\"><strong>La sicurezza: un settore in crescita, nuove opportunit\u00e0 da cogliere<\/strong><\/h2>\n\n\n\n<p>In un contesto in cui la sicurezza \u00e8 sempre pi\u00f9 al centro delle esigenze di aziende, istituzioni e cittadini, il settore della vigilanza privata registra una crescita costante. La domanda di professionisti qualificati supera spesso l\u2019offerta disponibile, aprendo interessanti prospettive a chi desidera costruire una carriera solida e stimolante in questo ambito dinamico.<\/p>\n\n\n\n<p>Per i prossimi giorni, l\u2019Istituto prevede l\u2019inserimento immediato di nuove Guardie Particolari Giurate per il territorio di Bologna e provincia e nei mesi a venire per le altre sedi del gruppo, confermando l\u2019impegno costante nel potenziamento del personale operativo entro il 2026. Per sostenere questa crescita e valorizzare nuovi talenti, La Patria offre occasioni concrete di incontro e orientamento.<\/p>\n\n\n\n<h2 class=\"wp-block-heading\"><strong> Recruiting Day La Patria: un\u2019occasione per conoscere da vicino il mondo della sicurezza<\/strong><\/h2>\n\n\n\n<p>La Patria Spa rinnova il proprio impegno nella selezione di nuovi professionisti per il settore della vigilanza privata, organizzando un nuovo <strong>Recruiting Day<\/strong> marted\u00ec <strong>4 novembre, dalle ore 14:45 alle 16:30, presso la sede di Bologna in via della Barca 26<\/strong>.<\/p>\n\n\n\n<p>L\u2019iniziativa rappresenta un momento concreto di incontro tra l\u2019azienda e chi desidera intraprendere un percorso come <strong>Guardia Particolare Giurata<\/strong>: non solo un colloquio, ma un\u2019esperienza diretta all\u2019interno della realt\u00e0 aziendale. Durante la giornata, i partecipanti potranno visitare la sede, conoscere il <strong>Team delle Risorse Umane<\/strong> e confrontarsi con i <strong>Responsabili operativi<\/strong> che ogni giorno coordinano i servizi di vigilanza. Un modo per comprendere da vicino le dinamiche del lavoro, i valori che guidano La Patria e le prospettive di crescita offerte a chi entra a far parte del team.<\/p>\n\n\n\n<p>Gli appuntamenti di Recruiting Day vengono organizzati periodicamente, in base alle esigenze di inserimento di nuove risorse. Le persone selezionate potranno essere destinate ai principali servizi dell\u2019istituto contribuendo alla sicurezza di aziende, enti e cittadini sul territorio.<\/p>\n\n\n\n<h2 class=\"wp-block-heading\"><strong>Diventa GPG: responsabilit\u00e0 e crescita professionale<\/strong><\/h2>\n\n\n\n<p>Entrare nel mondo della sicurezza privata significa assumersi una responsabilit\u00e0 verso gli altri, mettere le proprie capacit\u00e0 al servizio della collettivit\u00e0 e crescere in un contesto dove professionalit\u00e0 e fiducia sono fondamentali. \u00c8 un mestiere che richiede preparazione, equilibrio e, soprattutto, motivazione.<\/p>\n\n\n\n<p>Come racconta <strong>Marta Dall\u2019Olio<\/strong>, Responsabile Risorse Umane di <strong>La Patria Spa<\/strong>:<\/p>\n\n\n\n<p><em>\u201cSiamo alla ricerca di chi vuole fare parte di un grande progetto, dove ogni azione conta. Chi sceglie di diventare Guardia Particolare Giurata del nostro Istituto di Vigilanza entra in un percorso che richiede coraggio, attenzione e curiosit\u00e0, ma che restituisce la soddisfazione di sapere che il proprio lavoro ha un impatto concreto sulla vita delle persone e sulla sicurezza della comunit\u00e0\u201d.<\/em><\/p>\n\n\n\n<p>Per facilitare l\u2019inserimento dei nuovi ingressi, La Patria offre supporti concreti, come l\u2019assistenza per il trasferimento a chi proviene da altre localit\u00e0 e l\u2019aiuto per il conseguimento del porto d\u2019armi, qualora non sia gi\u00e0 in possesso del candidato. Un modo per accompagnare davvero chi desidera entrare nel mondo della sicurezza, riducendo le difficolt\u00e0 pratiche dei primi passi.<\/p>\n\n\n\n<h2 class=\"wp-block-heading\"><strong>Vivi l\u2019esperienza della sicurezza: il Recruiting Day di La Patria<\/strong><\/h2>\n\n\n\n<p>Il Recruiting Day di La Patria offre un\u2019opportunit\u00e0 concreta per entrare nel cuore di un istituto di vigilanza: vivere da vicino la giornata tipo di una Guardia Particolare Giurata, confrontarsi direttamente con chi coordina i servizi sul territorio e comprendere in prima persona cosa significa proteggere aziende, cittadini e comunit\u00e0.<\/p>\n\n\n\n<p>Come racconta <strong>Mauro Muto<\/strong>, Responsabile dell\u2019Ufficio Servizi di La Patria Spa:<\/p>\n\n\n\n<p><em>\u201cDurante il Recruiting Day mostriamo non solo le competenze necessarie, ma anche il ritmo e le sfide quotidiane del lavoro. \u00c8 un momento per capire se questa professione risuona con la propria motivazione e con il desiderio di far parte della nostra squadra\u201d.<\/em><\/p>\n\n\n\n<p>L\u2019evento, pensato per garantire un\u2019esperienza personale e approfondita, permette di visitare la sede, conoscere i responsabili e chiarire ogni dubbio sul ruolo. \u00c8 l\u2019occasione ideale per valutare concretamente un percorso professionale in un settore dinamico e in crescita, con il supporto di chi ogni giorno vive la sicurezza sul campo.<\/p>\n\n\n\n<h2 class=\"wp-block-heading\"><strong>Come partecipare al Recruiting Day: dettagli e contatti<\/strong><\/h2>\n\n\n\n<p>Il Recruiting Day di La Patria si terr\u00e0 <strong>marted\u00ec 4 novembre 2025<\/strong>, dalle ore 14:45 alle 16:30, presso la sede centrale dell\u2019azienda in via della Barca 26 a Bologna. L\u2019evento \u00e8 dedicato alla ricerca di GPG per Bologna e provincia. I candidati interessati possono contattare l\u2019ufficio marketing di La Patria Spa al numero <strong>3386727410<\/strong> o via e-mail all\u2019indirizzo <a href=\"mailto:marketing@lapatria.it\">marketing@lapatria.it<\/a>.<\/p>\n","protected":false},"excerpt":{"rendered":"<p>Il 4 novembre, La Patria apre le porte del suo mondo: un\u2019opportunit\u00e0 unica per vivere da vicino il ruolo di Guardia Particolare Giurata e scoprire concretamente le dinamiche di un istituto di vigilanza in crescita. La sicurezza: un settore in crescita, nuove opportunit\u00e0 da cogliere In un contesto in cui la sicurezza \u00e8 sempre pi\u00f9<\/p>\n","protected":false},"author":2,"featured_media":21730,"comment_status":"closed","ping_status":"closed","sticky":false,"template":"","format":"standard","meta":{"footnotes":""},"categories":[716],"tags":[159,776,124,111,135,136,125],"class_list":{"0":"post-21722","1":"post","2":"type-post","3":"status-publish","4":"format-standard","5":"has-post-thumbnail","7":"category-dal-mondo-di-assiv","8":"tag-assiv","9":"tag-recruiting-day","10":"tag-sicurezza","11":"tag-sicurezza-privata","12":"tag-sicurezzaprivata","13":"tag-vigilanza","14":"tag-vigilanza-privata"},"yoast_head":"<!-- This site is optimized with the Yoast SEO plugin v26.0 - https:\/\/yoast.com\/wordpress\/plugins\/seo\/ -->\n<title>Nuove opportunit\u00e0 nel mondo della sicurezza: il 4 novembre il Recruiting Day di La Patria<\/title>\n<meta name=\"description\" content=\"Nuove opportunit\u00e0 nel mondo della sicurezza: il 4 novembre il Recruiting Day di La Patria\" \/>\n<meta name=\"robots\" content=\"index, follow, max-snippet:-1, max-image-preview:large, max-video-preview:-1\" \/>\n<link rel=\"canonical\" href=\"https:\/\/blog.assiv.it\/index.php\/2025\/10\/17\/nuove-opportunita-nel-mondo-della-sicurezza-il-4-novembre-il-recruiting-day-di-la-patria\/\" \/>\n<meta property=\"og:locale\" content=\"it_IT\" \/>\n<meta property=\"og:type\" content=\"article\" \/>\n<meta property=\"og:title\" content=\"Nuove opportunit\u00e0 nel mondo della sicurezza: il 4 novembre il Recruiting Day di La Patria\" \/>\n<meta property=\"og:description\" content=\"Nuove opportunit\u00e0 nel mondo della sicurezza: il 4 novembre il Recruiting Day di La Patria\" \/>\n<meta property=\"og:url\" content=\"https:\/\/blog.assiv.it\/index.php\/2025\/10\/17\/nuove-opportunita-nel-mondo-della-sicurezza-il-4-novembre-il-recruiting-day-di-la-patria\/\" \/>\n<meta property=\"og:site_name\" content=\"Blog.Assiv\" \/>\n<meta property=\"article:publisher\" content=\"https:\/\/www.facebook.com\/associazionevigilanza\/\" \/>\n<meta property=\"article:published_time\" content=\"2025-10-17T09:09:45+00:00\" \/>\n<meta property=\"article:modified_time\" content=\"2025-10-17T10:42:25+00:00\" \/>\n<meta property=\"og:image\" content=\"https:\/\/blog.assiv.it\/wp-content\/uploads\/2025\/10\/Copertina-La-Patria.png\" \/>\n\t<meta property=\"og:image:width\" content=\"1451\" \/>\n\t<meta property=\"og:image:height\" content=\"968\" \/>\n\t<meta property=\"og:image:type\" content=\"image\/png\" \/>\n<meta name=\"author\" content=\"Alina Corradini\" \/>\n<meta name=\"twitter:card\" content=\"summary_large_image\" \/>\n<meta name=\"twitter:label1\" content=\"Scritto da\" \/>\n\t<meta name=\"twitter:data1\" content=\"Alina Corradini\" \/>\n\t<meta name=\"twitter:label2\" content=\"Tempo di lettura stimato\" \/>\n\t<meta name=\"twitter:data2\" content=\"5 minuti\" \/>\n<script type=\"application\/ld+json\" class=\"yoast-schema-graph\">{\"@context\":\"https:\/\/schema.org\",\"@graph\":[{\"@type\":\"Article\",\"@id\":\"https:\/\/blog.assiv.it\/index.php\/2025\/10\/17\/nuove-opportunita-nel-mondo-della-sicurezza-il-4-novembre-il-recruiting-day-di-la-patria\/#article\",\"isPartOf\":{\"@id\":\"https:\/\/blog.assiv.it\/index.php\/2025\/10\/17\/nuove-opportunita-nel-mondo-della-sicurezza-il-4-novembre-il-recruiting-day-di-la-patria\/\"},\"author\":{\"name\":\"Alina Corradini\",\"@id\":\"https:\/\/blog.assiv.it\/#\/schema\/person\/e67e6bfe974265213521b17bcb72f56c\"},\"headline\":\"Nuove opportunit\u00e0 nel mondo della sicurezza: il 4 novembre il Recruiting Day di La Patria\",\"datePublished\":\"2025-10-17T09:09:45+00:00\",\"dateModified\":\"2025-10-17T10:42:25+00:00\",\"mainEntityOfPage\":{\"@id\":\"https:\/\/blog.assiv.it\/index.php\/2025\/10\/17\/nuove-opportunita-nel-mondo-della-sicurezza-il-4-novembre-il-recruiting-day-di-la-patria\/\"},\"wordCount\":771,\"publisher\":{\"@id\":\"https:\/\/blog.assiv.it\/#organization\"},\"image\":{\"@id\":\"https:\/\/blog.assiv.it\/index.php\/2025\/10\/17\/nuove-opportunita-nel-mondo-della-sicurezza-il-4-novembre-il-recruiting-day-di-la-patria\/#primaryimage\"},\"thumbnailUrl\":\"https:\/\/blog.assiv.it\/wp-content\/uploads\/2025\/10\/Copertina-La-Patria.png\",\"keywords\":[\"ASSIV\",\"recruiting day\",\"sicurezza\",\"Sicurezza privata\",\"sicurezzaprivata\",\"vigilanza\",\"vigilanza privata\"],\"articleSection\":[\"Dal Mondo di ASSIV\"],\"inLanguage\":\"it-IT\"},{\"@type\":\"WebPage\",\"@id\":\"https:\/\/blog.assiv.it\/index.php\/2025\/10\/17\/nuove-opportunita-nel-mondo-della-sicurezza-il-4-novembre-il-recruiting-day-di-la-patria\/\",\"url\":\"https:\/\/blog.assiv.it\/index.php\/2025\/10\/17\/nuove-opportunita-nel-mondo-della-sicurezza-il-4-novembre-il-recruiting-day-di-la-patria\/\",\"name\":\"Nuove opportunit\u00e0 nel mondo della sicurezza: il 4 novembre il Recruiting Day di La Patria\",\"isPartOf\":{\"@id\":\"https:\/\/blog.assiv.it\/#website\"},\"primaryImageOfPage\":{\"@id\":\"https:\/\/blog.assiv.it\/index.php\/2025\/10\/17\/nuove-opportunita-nel-mondo-della-sicurezza-il-4-novembre-il-recruiting-day-di-la-patria\/#primaryimage\"},\"image\":{\"@id\":\"https:\/\/blog.assiv.it\/index.php\/2025\/10\/17\/nuove-opportunita-nel-mondo-della-sicurezza-il-4-novembre-il-recruiting-day-di-la-patria\/#primaryimage\"},\"thumbnailUrl\":\"https:\/\/blog.assiv.it\/wp-content\/uploads\/2025\/10\/Copertina-La-Patria.png\",\"datePublished\":\"2025-10-17T09:09:45+00:00\",\"dateModified\":\"2025-10-17T10:42:25+00:00\",\"description\":\"Nuove opportunit\u00e0 nel mondo della sicurezza: il 4 novembre il Recruiting Day di La Patria\",\"breadcrumb\":{\"@id\":\"https:\/\/blog.assiv.it\/index.php\/2025\/10\/17\/nuove-opportunita-nel-mondo-della-sicurezza-il-4-novembre-il-recruiting-day-di-la-patria\/#breadcrumb\"},\"inLanguage\":\"it-IT\",\"potentialAction\":[{\"@type\":\"ReadAction\",\"target\":[\"https:\/\/blog.assiv.it\/index.php\/2025\/10\/17\/nuove-opportunita-nel-mondo-della-sicurezza-il-4-novembre-il-recruiting-day-di-la-patria\/\"]}]},{\"@type\":\"ImageObject\",\"inLanguage\":\"it-IT\",\"@id\":\"https:\/\/blog.assiv.it\/index.php\/2025\/10\/17\/nuove-opportunita-nel-mondo-della-sicurezza-il-4-novembre-il-recruiting-day-di-la-patria\/#primaryimage\",\"url\":\"https:\/\/blog.assiv.it\/wp-content\/uploads\/2025\/10\/Copertina-La-Patria.png\",\"contentUrl\":\"https:\/\/blog.assiv.it\/wp-content\/uploads\/2025\/10\/Copertina-La-Patria.png\",\"width\":1451,\"height\":968},{\"@type\":\"BreadcrumbList\",\"@id\":\"https:\/\/blog.assiv.it\/index.php\/2025\/10\/17\/nuove-opportunita-nel-mondo-della-sicurezza-il-4-novembre-il-recruiting-day-di-la-patria\/#breadcrumb\",\"itemListElement\":[{\"@type\":\"ListItem\",\"position\":1,\"name\":\"Home\",\"item\":\"https:\/\/blog.assiv.it\/\"},{\"@type\":\"ListItem\",\"position\":2,\"name\":\"Nuove opportunit\u00e0 nel mondo della sicurezza: il 4 novembre il Recruiting Day di La Patria\"}]},{\"@type\":\"WebSite\",\"@id\":\"https:\/\/blog.assiv.it\/#website\",\"url\":\"https:\/\/blog.assiv.it\/\",\"name\":\"Blog.Assiv\",\"description\":\"Associazione Italiana Vigilanza e Servizi di Sicurezza\",\"publisher\":{\"@id\":\"https:\/\/blog.assiv.it\/#organization\"},\"potentialAction\":[{\"@type\":\"SearchAction\",\"target\":{\"@type\":\"EntryPoint\",\"urlTemplate\":\"https:\/\/blog.assiv.it\/?s={search_term_string}\"},\"query-input\":{\"@type\":\"PropertyValueSpecification\",\"valueRequired\":true,\"valueName\":\"search_term_string\"}}],\"inLanguage\":\"it-IT\"},{\"@type\":\"Organization\",\"@id\":\"https:\/\/blog.assiv.it\/#organization\",\"name\":\"Blog.Assiv\",\"url\":\"https:\/\/blog.assiv.it\/\",\"logo\":{\"@type\":\"ImageObject\",\"inLanguage\":\"it-IT\",\"@id\":\"https:\/\/blog.assiv.it\/#\/schema\/logo\/image\/\",\"url\":\"https:\/\/blog.assiv.it\/wp-content\/uploads\/2024\/08\/blog_assiv_logg_color.png\",\"contentUrl\":\"https:\/\/blog.assiv.it\/wp-content\/uploads\/2024\/08\/blog_assiv_logg_color.png\",\"width\":400,\"height\":102,\"caption\":\"Blog.Assiv\"},\"image\":{\"@id\":\"https:\/\/blog.assiv.it\/#\/schema\/logo\/image\/\"},\"sameAs\":[\"https:\/\/www.facebook.com\/associazionevigilanza\/\",\"https:\/\/www.linkedin.com\/in\/ass-i-v-vigilanza-e-servizi-fiduciari-6923b6169\/\"]},{\"@type\":\"Person\",\"@id\":\"https:\/\/blog.assiv.it\/#\/schema\/person\/e67e6bfe974265213521b17bcb72f56c\",\"name\":\"Alina Corradini\",\"image\":{\"@type\":\"ImageObject\",\"inLanguage\":\"it-IT\",\"@id\":\"https:\/\/blog.assiv.it\/#\/schema\/person\/image\/\",\"url\":\"https:\/\/secure.gravatar.com\/avatar\/4132aee8f9bd4bdecdebca6030c86e8da29e7fce98ad2ff7f1dcb17155c4ea90?s=96&d=mm&r=g\",\"contentUrl\":\"https:\/\/secure.gravatar.com\/avatar\/4132aee8f9bd4bdecdebca6030c86e8da29e7fce98ad2ff7f1dcb17155c4ea90?s=96&d=mm&r=g\",\"caption\":\"Alina Corradini\"},\"url\":\"https:\/\/blog.assiv.it\/index.php\/author\/alina-corradini\/\"}]}<\/script>\n<!-- \/ Yoast SEO plugin. -->","yoast_head_json":{"title":"Nuove opportunit\u00e0 nel mondo della sicurezza: il 4 novembre il Recruiting Day di La Patria","description":"Nuove opportunit\u00e0 nel mondo della sicurezza: il 4 novembre il Recruiting Day di La Patria","robots":{"index":"index","follow":"follow","max-snippet":"max-snippet:-1","max-image-preview":"max-image-preview:large","max-video-preview":"max-video-preview:-1"},"canonical":"https:\/\/blog.assiv.it\/index.php\/2025\/10\/17\/nuove-opportunita-nel-mondo-della-sicurezza-il-4-novembre-il-recruiting-day-di-la-patria\/","og_locale":"it_IT","og_type":"article","og_title":"Nuove opportunit\u00e0 nel mondo della sicurezza: il 4 novembre il Recruiting Day di La Patria","og_description":"Nuove opportunit\u00e0 nel mondo della sicurezza: il 4 novembre il Recruiting Day di La Patria","og_url":"https:\/\/blog.assiv.it\/index.php\/2025\/10\/17\/nuove-opportunita-nel-mondo-della-sicurezza-il-4-novembre-il-recruiting-day-di-la-patria\/","og_site_name":"Blog.Assiv","article_publisher":"https:\/\/www.facebook.com\/associazionevigilanza\/","article_published_time":"2025-10-17T09:09:45+00:00","article_modified_time":"2025-10-17T10:42:25+00:00","og_image":[{"width":1451,"height":968,"url":"https:\/\/blog.assiv.it\/wp-content\/uploads\/2025\/10\/Copertina-La-Patria.png","type":"image\/png"}],"author":"Alina Corradini","twitter_card":"summary_large_image","twitter_misc":{"Scritto da":"Alina Corradini","Tempo di lettura stimato":"5 minuti"},"schema":{"@context":"https:\/\/schema.org","@graph":[{"@type":"Article","@id":"https:\/\/blog.assiv.it\/index.php\/2025\/10\/17\/nuove-opportunita-nel-mondo-della-sicurezza-il-4-novembre-il-recruiting-day-di-la-patria\/#article","isPartOf":{"@id":"https:\/\/blog.assiv.it\/index.php\/2025\/10\/17\/nuove-opportunita-nel-mondo-della-sicurezza-il-4-novembre-il-recruiting-day-di-la-patria\/"},"author":{"name":"Alina Corradini","@id":"https:\/\/blog.assiv.it\/#\/schema\/person\/e67e6bfe974265213521b17bcb72f56c"},"headline":"Nuove opportunit\u00e0 nel mondo della sicurezza: il 4 novembre il Recruiting Day di La Patria","datePublished":"2025-10-17T09:09:45+00:00","dateModified":"2025-10-17T10:42:25+00:00","mainEntityOfPage":{"@id":"https:\/\/blog.assiv.it\/index.php\/2025\/10\/17\/nuove-opportunita-nel-mondo-della-sicurezza-il-4-novembre-il-recruiting-day-di-la-patria\/"},"wordCount":771,"publisher":{"@id":"https:\/\/blog.assiv.it\/#organization"},"image":{"@id":"https:\/\/blog.assiv.it\/index.php\/2025\/10\/17\/nuove-opportunita-nel-mondo-della-sicurezza-il-4-novembre-il-recruiting-day-di-la-patria\/#primaryimage"},"thumbnailUrl":"https:\/\/blog.assiv.it\/wp-content\/uploads\/2025\/10\/Copertina-La-Patria.png","keywords":["ASSIV","recruiting day","sicurezza","Sicurezza privata","sicurezzaprivata","vigilanza","vigilanza privata"],"articleSection":["Dal Mondo di ASSIV"],"inLanguage":"it-IT"},{"@type":"WebPage","@id":"https:\/\/blog.assiv.it\/index.php\/2025\/10\/17\/nuove-opportunita-nel-mondo-della-sicurezza-il-4-novembre-il-recruiting-day-di-la-patria\/","url":"https:\/\/blog.assiv.it\/index.php\/2025\/10\/17\/nuove-opportunita-nel-mondo-della-sicurezza-il-4-novembre-il-recruiting-day-di-la-patria\/","name":"Nuove opportunit\u00e0 nel mondo della sicurezza: il 4 novembre il Recruiting Day di La Patria","isPartOf":{"@id":"https:\/\/blog.assiv.it\/#website"},"primaryImageOfPage":{"@id":"https:\/\/blog.assiv.it\/index.php\/2025\/10\/17\/nuove-opportunita-nel-mondo-della-sicurezza-il-4-novembre-il-recruiting-day-di-la-patria\/#primaryimage"},"image":{"@id":"https:\/\/blog.assiv.it\/index.php\/2025\/10\/17\/nuove-opportunita-nel-mondo-della-sicurezza-il-4-novembre-il-recruiting-day-di-la-patria\/#primaryimage"},"thumbnailUrl":"https:\/\/blog.assiv.it\/wp-content\/uploads\/2025\/10\/Copertina-La-Patria.png","datePublished":"2025-10-17T09:09:45+00:00","dateModified":"2025-10-17T10:42:25+00:00","description":"Nuove opportunit\u00e0 nel mondo della sicurezza: il 4 novembre il Recruiting Day di La Patria","breadcrumb":{"@id":"https:\/\/blog.assiv.it\/index.php\/2025\/10\/17\/nuove-opportunita-nel-mondo-della-sicurezza-il-4-novembre-il-recruiting-day-di-la-patria\/#breadcrumb"},"inLanguage":"it-IT","potentialAction":[{"@type":"ReadAction","target":["https:\/\/blog.assiv.it\/index.php\/2025\/10\/17\/nuove-opportunita-nel-mondo-della-sicurezza-il-4-novembre-il-recruiting-day-di-la-patria\/"]}]},{"@type":"ImageObject","inLanguage":"it-IT","@id":"https:\/\/blog.assiv.it\/index.php\/2025\/10\/17\/nuove-opportunita-nel-mondo-della-sicurezza-il-4-novembre-il-recruiting-day-di-la-patria\/#primaryimage","url":"https:\/\/blog.assiv.it\/wp-content\/uploads\/2025\/10\/Copertina-La-Patria.png","contentUrl":"https:\/\/blog.assiv.it\/wp-content\/uploads\/2025\/10\/Copertina-La-Patria.png","width":1451,"height":968},{"@type":"BreadcrumbList","@id":"https:\/\/blog.assiv.it\/index.php\/2025\/10\/17\/nuove-opportunita-nel-mondo-della-sicurezza-il-4-novembre-il-recruiting-day-di-la-patria\/#breadcrumb","itemListElement":[{"@type":"ListItem","position":1,"name":"Home","item":"https:\/\/blog.assiv.it\/"},{"@type":"ListItem","position":2,"name":"Nuove opportunit\u00e0 nel mondo della sicurezza: il 4 novembre il Recruiting Day di La Patria"}]},{"@type":"WebSite","@id":"https:\/\/blog.assiv.it\/#website","url":"https:\/\/blog.assiv.it\/","name":"Blog.Assiv","description":"Associazione Italiana Vigilanza e Servizi di Sicurezza","publisher":{"@id":"https:\/\/blog.assiv.it\/#organization"},"potentialAction":[{"@type":"SearchAction","target":{"@type":"EntryPoint","urlTemplate":"https:\/\/blog.assiv.it\/?s={search_term_string}"},"query-input":{"@type":"PropertyValueSpecification","valueRequired":true,"valueName":"search_term_string"}}],"inLanguage":"it-IT"},{"@type":"Organization","@id":"https:\/\/blog.assiv.it\/#organization","name":"Blog.Assiv","url":"https:\/\/blog.assiv.it\/","logo":{"@type":"ImageObject","inLanguage":"it-IT","@id":"https:\/\/blog.assiv.it\/#\/schema\/logo\/image\/","url":"https:\/\/blog.assiv.it\/wp-content\/uploads\/2024\/08\/blog_assiv_logg_color.png","contentUrl":"https:\/\/blog.assiv.it\/wp-content\/uploads\/2024\/08\/blog_assiv_logg_color.png","width":400,"height":102,"caption":"Blog.Assiv"},"image":{"@id":"https:\/\/blog.assiv.it\/#\/schema\/logo\/image\/"},"sameAs":["https:\/\/www.facebook.com\/associazionevigilanza\/","https:\/\/www.linkedin.com\/in\/ass-i-v-vigilanza-e-servizi-fiduciari-6923b6169\/"]},{"@type":"Person","@id":"https:\/\/blog.assiv.it\/#\/schema\/person\/e67e6bfe974265213521b17bcb72f56c","name":"Alina Corradini","image":{"@type":"ImageObject","inLanguage":"it-IT","@id":"https:\/\/blog.assiv.it\/#\/schema\/person\/image\/","url":"https:\/\/secure.gravatar.com\/avatar\/4132aee8f9bd4bdecdebca6030c86e8da29e7fce98ad2ff7f1dcb17155c4ea90?s=96&d=mm&r=g","contentUrl":"https:\/\/secure.gravatar.com\/avatar\/4132aee8f9bd4bdecdebca6030c86e8da29e7fce98ad2ff7f1dcb17155c4ea90?s=96&d=mm&r=g","caption":"Alina Corradini"},"url":"https:\/\/blog.assiv.it\/index.php\/author\/alina-corradini\/"}]}},"amp_enabled":true,"_links":{"self":[{"href":"https:\/\/blog.assiv.it\/index.php\/wp-json\/wp\/v2\/posts\/21722","targetHints":{"allow":["GET"]}}],"collection":[{"href":"https:\/\/blog.assiv.it\/index.php\/wp-json\/wp\/v2\/posts"}],"about":[{"href":"https:\/\/blog.assiv.it\/index.php\/wp-json\/wp\/v2\/types\/post"}],"author":[{"embeddable":true,"href":"https:\/\/blog.assiv.it\/index.php\/wp-json\/wp\/v2\/users\/2"}],"replies":[{"embeddable":true,"href":"https:\/\/blog.assiv.it\/index.php\/wp-json\/wp\/v2\/comments?post=21722"}],"version-history":[{"count":1,"href":"https:\/\/blog.assiv.it\/index.php\/wp-json\/wp\/v2\/posts\/21722\/revisions"}],"predecessor-version":[{"id":21725,"href":"https:\/\/blog.assiv.it\/index.php\/wp-json\/wp\/v2\/posts\/21722\/revisions\/21725"}],"wp:featuredmedia":[{"embeddable":true,"href":"https:\/\/blog.assiv.it\/index.php\/wp-json\/wp\/v2\/media\/21730"}],"wp:attachment":[{"href":"https:\/\/blog.assiv.it\/index.php\/wp-json\/wp\/v2\/media?parent=21722"}],"wp:term":[{"taxonomy":"category","embeddable":true,"href":"https:\/\/blog.assiv.it\/index.php\/wp-json\/wp\/v2\/categories?post=21722"},{"taxonomy":"post_tag","embeddable":true,"href":"https:\/\/blog.assiv.it\/index.php\/wp-json\/wp\/v2\/tags?post=21722"}],"curies":[{"name":"wp","href":"https:\/\/api.w.org\/{rel}","templated":true}]}}