{"id":21727,"date":"2025-10-17T15:28:55","date_gmt":"2025-10-17T13:28:55","guid":{"rendered":"https:\/\/blog.assiv.it\/?p=21727"},"modified":"2025-10-17T15:28:59","modified_gmt":"2025-10-17T13:28:59","slug":"italpol-celebra-50-anni-con-un-gesto-di-solidarieta-a-favore-di-komen-italia","status":"publish","type":"post","link":"https:\/\/blog.assiv.it\/index.php\/2025\/10\/17\/italpol-celebra-50-anni-con-un-gesto-di-solidarieta-a-favore-di-komen-italia\/","title":{"rendered":"Italpol celebra 50 anni con un gesto di solidariet\u00e0 a favore di Komen Italia"},"content":{"rendered":"\n<p><em>Storico associato di ASSIV, Italpol trasforma il suo anniversario in un\u2019iniziativa concreta di responsabilit\u00e0 sociale a sostegno della prevenzione oncologica<\/em>.<\/p>\n\n\n\n<p>Nel giorno in cui <a href=\"https:\/\/www.italpolvigilanza.it\/\">Italpol Vigilanza<\/a> celebra mezzo secolo di attivit\u00e0, l\u2019azienda \u2013 storico associato di ASSIV \u2013 non si \u00e8 limitata a guardare al passato, ma ha voluto trasformare l\u2019anniversario in un segno concreto di impegno sociale.<\/p>\n\n\n\n<p>Durante una serata presso il Circolo di Casina Poste, Italpol ha rinnovato il suo sostegno a Komen Italia, organizzando un evento di solidariet\u00e0 al servizio della prevenzione della salute femminile.<\/p>\n\n\n\n<p><strong>Prevenzione e sicurezza: un legame profondo<\/strong><\/p>\n\n\n\n<p>Il fondatore e Owner, <strong>Cavalier Giulio Gravina<\/strong>, ha sottolineato come \u201cprevenire significa anticipare i rischi\u201d \u2013 parole che risuonano naturalmente anche nel nostro settore della sicurezza.<br>Non si tratta solo di proteggere beni, ma di tutelare persone: clienti, dipendenti, comunit\u00e0.<\/p>\n\n\n\n<p>Komen Italia, da parte sua, ha accolto con gioia l\u2019adesione di Italpol, ricordando quanto sia fondamentale un\u2019alleanza tra imprese attente e organizzazioni del terzo settore per potenziare l\u2019impatto delle campagne preventive e raggiungere territori meno serviti.<\/p>\n\n\n\n<p><strong>Un evento concreto di responsabilit\u00e0 sociale<\/strong><\/p>\n\n\n\n<p>Durante la serata, i partecipanti hanno ricevuto materiale informativo della Campagna Nazionale di sensibilizzazione sui tumori del seno, con la possibilit\u00e0 di sostenere economicamente la \u201cCarovana della Prevenzione\u201d \u2013 il programma itinerante sul territorio \u2013 attraverso donazioni.<\/p>\n\n\n\n<p>\u00c8 stato inoltre presentato un fumetto celebrativo, <strong>\u201cIl Creatore di un Sogno\u201d<\/strong>, realizzato da Italpol per raccontare la sua storia e i suoi valori: un linguaggio originale per avvicinare pubblico e collettivit\u00e0 al tema della sicurezza e della prevenzione.<\/p>\n\n\n\n<p>Un messaggio per tutto il settore<\/p>\n\n\n\n<p>Come associazione che rappresenta le imprese operanti nei settori della vigilanza e sicurezza, guardiamo con orgoglio a iniziative come questa.<\/p>\n\n\n\n<p>Italpol dimostra che la sicurezza non \u00e8 solo una questione tecnica o aziendale, ma un impegno che si estende al benessere sociale.<\/p>\n\n\n\n<p>Ci auguriamo che altri nostri associati si ispirino a questo modello: celebrare un anniversario con la comunit\u00e0, e non solo tra i numeri, \u00e8 un segno tangibile di responsabilit\u00e0 e visione condivisa.<\/p>\n\n\n\n<p>Fonte: <a href=\"https:\/\/www.iltempo.it\/general\/2025\/10\/16\/news\/cinquant-anni-anni-di-italpol-vigilanza-evento-di-solidarieta-a-favore-di-komen-italia-44586012\/amp\/?utm_source=chatgpt.com\">\u201cCinquant\u2019anni di Italpol Vigilanza, evento di solidariet\u00e0 a favore di Komen Italia\u201d \u2013 Il Tempo<\/a> 16 ottobre 2025<\/p>\n","protected":false},"excerpt":{"rendered":"<p>Storico associato di ASSIV, Italpol trasforma il suo anniversario in un\u2019iniziativa concreta di responsabilit\u00e0 sociale a sostegno della prevenzione oncologica. Nel giorno in cui Italpol Vigilanza celebra mezzo secolo di attivit\u00e0, l\u2019azienda \u2013 storico associato di ASSIV \u2013 non si \u00e8 limitata a guardare al passato, ma ha voluto trasformare l\u2019anniversario in un segno concreto<\/p>\n","protected":false},"author":2,"featured_media":21731,"comment_status":"closed","ping_status":"closed","sticky":false,"template":"","format":"standard","meta":{"footnotes":""},"categories":[716],"tags":[159,1084,124,135,125],"class_list":{"0":"post-21727","1":"post","2":"type-post","3":"status-publish","4":"format-standard","5":"has-post-thumbnail","7":"category-dal-mondo-di-assiv","8":"tag-assiv","9":"tag-italpol-vigilanza","10":"tag-sicurezza","11":"tag-sicurezzaprivata","12":"tag-vigilanza-privata"},"yoast_head":"<!-- This site is optimized with the Yoast SEO plugin v26.0 - https:\/\/yoast.com\/wordpress\/plugins\/seo\/ -->\n<title>Italpol celebra 50 anni con un gesto di solidariet\u00e0 a favore di Komen Italia<\/title>\n<meta name=\"description\" content=\"Italpol celebra 50 anni con un gesto di solidariet\u00e0 a favore di Komen Italia\" \/>\n<meta name=\"robots\" content=\"index, follow, max-snippet:-1, max-image-preview:large, max-video-preview:-1\" \/>\n<link rel=\"canonical\" href=\"https:\/\/blog.assiv.it\/index.php\/2025\/10\/17\/italpol-celebra-50-anni-con-un-gesto-di-solidarieta-a-favore-di-komen-italia\/\" \/>\n<meta property=\"og:locale\" content=\"it_IT\" \/>\n<meta property=\"og:type\" content=\"article\" \/>\n<meta property=\"og:title\" content=\"Italpol celebra 50 anni con un gesto di solidariet\u00e0 a favore di Komen Italia\" \/>\n<meta property=\"og:description\" content=\"Italpol celebra 50 anni con un gesto di solidariet\u00e0 a favore di Komen Italia\" \/>\n<meta property=\"og:url\" content=\"https:\/\/blog.assiv.it\/index.php\/2025\/10\/17\/italpol-celebra-50-anni-con-un-gesto-di-solidarieta-a-favore-di-komen-italia\/\" \/>\n<meta property=\"og:site_name\" content=\"Blog.Assiv\" \/>\n<meta property=\"article:publisher\" content=\"https:\/\/www.facebook.com\/associazionevigilanza\/\" \/>\n<meta property=\"article:published_time\" content=\"2025-10-17T13:28:55+00:00\" \/>\n<meta property=\"article:modified_time\" content=\"2025-10-17T13:28:59+00:00\" \/>\n<meta property=\"og:image\" content=\"https:\/\/blog.assiv.it\/wp-content\/uploads\/2025\/10\/ITALPOL_Vigilanza_News_1200x800px_2B.jpg\" \/>\n\t<meta property=\"og:image:width\" content=\"616\" \/>\n\t<meta property=\"og:image:height\" content=\"722\" \/>\n\t<meta property=\"og:image:type\" content=\"image\/jpeg\" \/>\n<meta name=\"author\" content=\"Alina Corradini\" \/>\n<meta name=\"twitter:card\" content=\"summary_large_image\" \/>\n<meta name=\"twitter:label1\" content=\"Scritto da\" \/>\n\t<meta name=\"twitter:data1\" content=\"Alina Corradini\" \/>\n\t<meta name=\"twitter:label2\" content=\"Tempo di lettura stimato\" \/>\n\t<meta name=\"twitter:data2\" content=\"3 minuti\" \/>\n<script type=\"application\/ld+json\" class=\"yoast-schema-graph\">{\"@context\":\"https:\/\/schema.org\",\"@graph\":[{\"@type\":\"Article\",\"@id\":\"https:\/\/blog.assiv.it\/index.php\/2025\/10\/17\/italpol-celebra-50-anni-con-un-gesto-di-solidarieta-a-favore-di-komen-italia\/#article\",\"isPartOf\":{\"@id\":\"https:\/\/blog.assiv.it\/index.php\/2025\/10\/17\/italpol-celebra-50-anni-con-un-gesto-di-solidarieta-a-favore-di-komen-italia\/\"},\"author\":{\"name\":\"Alina Corradini\",\"@id\":\"https:\/\/blog.assiv.it\/#\/schema\/person\/e67e6bfe974265213521b17bcb72f56c\"},\"headline\":\"Italpol celebra 50 anni con un gesto di solidariet\u00e0 a favore di Komen Italia\",\"datePublished\":\"2025-10-17T13:28:55+00:00\",\"dateModified\":\"2025-10-17T13:28:59+00:00\",\"mainEntityOfPage\":{\"@id\":\"https:\/\/blog.assiv.it\/index.php\/2025\/10\/17\/italpol-celebra-50-anni-con-un-gesto-di-solidarieta-a-favore-di-komen-italia\/\"},\"wordCount\":359,\"publisher\":{\"@id\":\"https:\/\/blog.assiv.it\/#organization\"},\"image\":{\"@id\":\"https:\/\/blog.assiv.it\/index.php\/2025\/10\/17\/italpol-celebra-50-anni-con-un-gesto-di-solidarieta-a-favore-di-komen-italia\/#primaryimage\"},\"thumbnailUrl\":\"https:\/\/blog.assiv.it\/wp-content\/uploads\/2025\/10\/ITALPOL_Vigilanza_News_1200x800px_2B.jpg\",\"keywords\":[\"ASSIV\",\"Italpol Vigilanza\",\"sicurezza\",\"sicurezzaprivata\",\"vigilanza privata\"],\"articleSection\":[\"Dal Mondo di ASSIV\"],\"inLanguage\":\"it-IT\"},{\"@type\":\"WebPage\",\"@id\":\"https:\/\/blog.assiv.it\/index.php\/2025\/10\/17\/italpol-celebra-50-anni-con-un-gesto-di-solidarieta-a-favore-di-komen-italia\/\",\"url\":\"https:\/\/blog.assiv.it\/index.php\/2025\/10\/17\/italpol-celebra-50-anni-con-un-gesto-di-solidarieta-a-favore-di-komen-italia\/\",\"name\":\"Italpol celebra 50 anni con un gesto di solidariet\u00e0 a favore di Komen Italia\",\"isPartOf\":{\"@id\":\"https:\/\/blog.assiv.it\/#website\"},\"primaryImageOfPage\":{\"@id\":\"https:\/\/blog.assiv.it\/index.php\/2025\/10\/17\/italpol-celebra-50-anni-con-un-gesto-di-solidarieta-a-favore-di-komen-italia\/#primaryimage\"},\"image\":{\"@id\":\"https:\/\/blog.assiv.it\/index.php\/2025\/10\/17\/italpol-celebra-50-anni-con-un-gesto-di-solidarieta-a-favore-di-komen-italia\/#primaryimage\"},\"thumbnailUrl\":\"https:\/\/blog.assiv.it\/wp-content\/uploads\/2025\/10\/ITALPOL_Vigilanza_News_1200x800px_2B.jpg\",\"datePublished\":\"2025-10-17T13:28:55+00:00\",\"dateModified\":\"2025-10-17T13:28:59+00:00\",\"description\":\"Italpol celebra 50 anni con un gesto di solidariet\u00e0 a favore di Komen Italia\",\"breadcrumb\":{\"@id\":\"https:\/\/blog.assiv.it\/index.php\/2025\/10\/17\/italpol-celebra-50-anni-con-un-gesto-di-solidarieta-a-favore-di-komen-italia\/#breadcrumb\"},\"inLanguage\":\"it-IT\",\"potentialAction\":[{\"@type\":\"ReadAction\",\"target\":[\"https:\/\/blog.assiv.it\/index.php\/2025\/10\/17\/italpol-celebra-50-anni-con-un-gesto-di-solidarieta-a-favore-di-komen-italia\/\"]}]},{\"@type\":\"ImageObject\",\"inLanguage\":\"it-IT\",\"@id\":\"https:\/\/blog.assiv.it\/index.php\/2025\/10\/17\/italpol-celebra-50-anni-con-un-gesto-di-solidarieta-a-favore-di-komen-italia\/#primaryimage\",\"url\":\"https:\/\/blog.assiv.it\/wp-content\/uploads\/2025\/10\/ITALPOL_Vigilanza_News_1200x800px_2B.jpg\",\"contentUrl\":\"https:\/\/blog.assiv.it\/wp-content\/uploads\/2025\/10\/ITALPOL_Vigilanza_News_1200x800px_2B.jpg\",\"width\":616,\"height\":722},{\"@type\":\"BreadcrumbList\",\"@id\":\"https:\/\/blog.assiv.it\/index.php\/2025\/10\/17\/italpol-celebra-50-anni-con-un-gesto-di-solidarieta-a-favore-di-komen-italia\/#breadcrumb\",\"itemListElement\":[{\"@type\":\"ListItem\",\"position\":1,\"name\":\"Home\",\"item\":\"https:\/\/blog.assiv.it\/\"},{\"@type\":\"ListItem\",\"position\":2,\"name\":\"Italpol celebra 50 anni con un gesto di solidariet\u00e0 a favore di Komen Italia\"}]},{\"@type\":\"WebSite\",\"@id\":\"https:\/\/blog.assiv.it\/#website\",\"url\":\"https:\/\/blog.assiv.it\/\",\"name\":\"Blog.Assiv\",\"description\":\"Associazione Italiana Vigilanza e Servizi di Sicurezza\",\"publisher\":{\"@id\":\"https:\/\/blog.assiv.it\/#organization\"},\"potentialAction\":[{\"@type\":\"SearchAction\",\"target\":{\"@type\":\"EntryPoint\",\"urlTemplate\":\"https:\/\/blog.assiv.it\/?s={search_term_string}\"},\"query-input\":{\"@type\":\"PropertyValueSpecification\",\"valueRequired\":true,\"valueName\":\"search_term_string\"}}],\"inLanguage\":\"it-IT\"},{\"@type\":\"Organization\",\"@id\":\"https:\/\/blog.assiv.it\/#organization\",\"name\":\"Blog.Assiv\",\"url\":\"https:\/\/blog.assiv.it\/\",\"logo\":{\"@type\":\"ImageObject\",\"inLanguage\":\"it-IT\",\"@id\":\"https:\/\/blog.assiv.it\/#\/schema\/logo\/image\/\",\"url\":\"https:\/\/blog.assiv.it\/wp-content\/uploads\/2024\/08\/blog_assiv_logg_color.png\",\"contentUrl\":\"https:\/\/blog.assiv.it\/wp-content\/uploads\/2024\/08\/blog_assiv_logg_color.png\",\"width\":400,\"height\":102,\"caption\":\"Blog.Assiv\"},\"image\":{\"@id\":\"https:\/\/blog.assiv.it\/#\/schema\/logo\/image\/\"},\"sameAs\":[\"https:\/\/www.facebook.com\/associazionevigilanza\/\",\"https:\/\/www.linkedin.com\/in\/ass-i-v-vigilanza-e-servizi-fiduciari-6923b6169\/\"]},{\"@type\":\"Person\",\"@id\":\"https:\/\/blog.assiv.it\/#\/schema\/person\/e67e6bfe974265213521b17bcb72f56c\",\"name\":\"Alina Corradini\",\"image\":{\"@type\":\"ImageObject\",\"inLanguage\":\"it-IT\",\"@id\":\"https:\/\/blog.assiv.it\/#\/schema\/person\/image\/\",\"url\":\"https:\/\/secure.gravatar.com\/avatar\/4132aee8f9bd4bdecdebca6030c86e8da29e7fce98ad2ff7f1dcb17155c4ea90?s=96&d=mm&r=g\",\"contentUrl\":\"https:\/\/secure.gravatar.com\/avatar\/4132aee8f9bd4bdecdebca6030c86e8da29e7fce98ad2ff7f1dcb17155c4ea90?s=96&d=mm&r=g\",\"caption\":\"Alina Corradini\"},\"url\":\"https:\/\/blog.assiv.it\/index.php\/author\/alina-corradini\/\"}]}<\/script>\n<!-- \/ Yoast SEO plugin. -->","yoast_head_json":{"title":"Italpol celebra 50 anni con un gesto di solidariet\u00e0 a favore di Komen Italia","description":"Italpol celebra 50 anni con un gesto di solidariet\u00e0 a favore di Komen Italia","robots":{"index":"index","follow":"follow","max-snippet":"max-snippet:-1","max-image-preview":"max-image-preview:large","max-video-preview":"max-video-preview:-1"},"canonical":"https:\/\/blog.assiv.it\/index.php\/2025\/10\/17\/italpol-celebra-50-anni-con-un-gesto-di-solidarieta-a-favore-di-komen-italia\/","og_locale":"it_IT","og_type":"article","og_title":"Italpol celebra 50 anni con un gesto di solidariet\u00e0 a favore di Komen Italia","og_description":"Italpol celebra 50 anni con un gesto di solidariet\u00e0 a favore di Komen Italia","og_url":"https:\/\/blog.assiv.it\/index.php\/2025\/10\/17\/italpol-celebra-50-anni-con-un-gesto-di-solidarieta-a-favore-di-komen-italia\/","og_site_name":"Blog.Assiv","article_publisher":"https:\/\/www.facebook.com\/associazionevigilanza\/","article_published_time":"2025-10-17T13:28:55+00:00","article_modified_time":"2025-10-17T13:28:59+00:00","og_image":[{"width":616,"height":722,"url":"https:\/\/blog.assiv.it\/wp-content\/uploads\/2025\/10\/ITALPOL_Vigilanza_News_1200x800px_2B.jpg","type":"image\/jpeg"}],"author":"Alina Corradini","twitter_card":"summary_large_image","twitter_misc":{"Scritto da":"Alina Corradini","Tempo di lettura stimato":"3 minuti"},"schema":{"@context":"https:\/\/schema.org","@graph":[{"@type":"Article","@id":"https:\/\/blog.assiv.it\/index.php\/2025\/10\/17\/italpol-celebra-50-anni-con-un-gesto-di-solidarieta-a-favore-di-komen-italia\/#article","isPartOf":{"@id":"https:\/\/blog.assiv.it\/index.php\/2025\/10\/17\/italpol-celebra-50-anni-con-un-gesto-di-solidarieta-a-favore-di-komen-italia\/"},"author":{"name":"Alina Corradini","@id":"https:\/\/blog.assiv.it\/#\/schema\/person\/e67e6bfe974265213521b17bcb72f56c"},"headline":"Italpol celebra 50 anni con un gesto di solidariet\u00e0 a favore di Komen Italia","datePublished":"2025-10-17T13:28:55+00:00","dateModified":"2025-10-17T13:28:59+00:00","mainEntityOfPage":{"@id":"https:\/\/blog.assiv.it\/index.php\/2025\/10\/17\/italpol-celebra-50-anni-con-un-gesto-di-solidarieta-a-favore-di-komen-italia\/"},"wordCount":359,"publisher":{"@id":"https:\/\/blog.assiv.it\/#organization"},"image":{"@id":"https:\/\/blog.assiv.it\/index.php\/2025\/10\/17\/italpol-celebra-50-anni-con-un-gesto-di-solidarieta-a-favore-di-komen-italia\/#primaryimage"},"thumbnailUrl":"https:\/\/blog.assiv.it\/wp-content\/uploads\/2025\/10\/ITALPOL_Vigilanza_News_1200x800px_2B.jpg","keywords":["ASSIV","Italpol Vigilanza","sicurezza","sicurezzaprivata","vigilanza privata"],"articleSection":["Dal Mondo di ASSIV"],"inLanguage":"it-IT"},{"@type":"WebPage","@id":"https:\/\/blog.assiv.it\/index.php\/2025\/10\/17\/italpol-celebra-50-anni-con-un-gesto-di-solidarieta-a-favore-di-komen-italia\/","url":"https:\/\/blog.assiv.it\/index.php\/2025\/10\/17\/italpol-celebra-50-anni-con-un-gesto-di-solidarieta-a-favore-di-komen-italia\/","name":"Italpol celebra 50 anni con un gesto di solidariet\u00e0 a favore di Komen Italia","isPartOf":{"@id":"https:\/\/blog.assiv.it\/#website"},"primaryImageOfPage":{"@id":"https:\/\/blog.assiv.it\/index.php\/2025\/10\/17\/italpol-celebra-50-anni-con-un-gesto-di-solidarieta-a-favore-di-komen-italia\/#primaryimage"},"image":{"@id":"https:\/\/blog.assiv.it\/index.php\/2025\/10\/17\/italpol-celebra-50-anni-con-un-gesto-di-solidarieta-a-favore-di-komen-italia\/#primaryimage"},"thumbnailUrl":"https:\/\/blog.assiv.it\/wp-content\/uploads\/2025\/10\/ITALPOL_Vigilanza_News_1200x800px_2B.jpg","datePublished":"2025-10-17T13:28:55+00:00","dateModified":"2025-10-17T13:28:59+00:00","description":"Italpol celebra 50 anni con un gesto di solidariet\u00e0 a favore di Komen Italia","breadcrumb":{"@id":"https:\/\/blog.assiv.it\/index.php\/2025\/10\/17\/italpol-celebra-50-anni-con-un-gesto-di-solidarieta-a-favore-di-komen-italia\/#breadcrumb"},"inLanguage":"it-IT","potentialAction":[{"@type":"ReadAction","target":["https:\/\/blog.assiv.it\/index.php\/2025\/10\/17\/italpol-celebra-50-anni-con-un-gesto-di-solidarieta-a-favore-di-komen-italia\/"]}]},{"@type":"ImageObject","inLanguage":"it-IT","@id":"https:\/\/blog.assiv.it\/index.php\/2025\/10\/17\/italpol-celebra-50-anni-con-un-gesto-di-solidarieta-a-favore-di-komen-italia\/#primaryimage","url":"https:\/\/blog.assiv.it\/wp-content\/uploads\/2025\/10\/ITALPOL_Vigilanza_News_1200x800px_2B.jpg","contentUrl":"https:\/\/blog.assiv.it\/wp-content\/uploads\/2025\/10\/ITALPOL_Vigilanza_News_1200x800px_2B.jpg","width":616,"height":722},{"@type":"BreadcrumbList","@id":"https:\/\/blog.assiv.it\/index.php\/2025\/10\/17\/italpol-celebra-50-anni-con-un-gesto-di-solidarieta-a-favore-di-komen-italia\/#breadcrumb","itemListElement":[{"@type":"ListItem","position":1,"name":"Home","item":"https:\/\/blog.assiv.it\/"},{"@type":"ListItem","position":2,"name":"Italpol celebra 50 anni con un gesto di solidariet\u00e0 a favore di Komen Italia"}]},{"@type":"WebSite","@id":"https:\/\/blog.assiv.it\/#website","url":"https:\/\/blog.assiv.it\/","name":"Blog.Assiv","description":"Associazione Italiana Vigilanza e Servizi di Sicurezza","publisher":{"@id":"https:\/\/blog.assiv.it\/#organization"},"potentialAction":[{"@type":"SearchAction","target":{"@type":"EntryPoint","urlTemplate":"https:\/\/blog.assiv.it\/?s={search_term_string}"},"query-input":{"@type":"PropertyValueSpecification","valueRequired":true,"valueName":"search_term_string"}}],"inLanguage":"it-IT"},{"@type":"Organization","@id":"https:\/\/blog.assiv.it\/#organization","name":"Blog.Assiv","url":"https:\/\/blog.assiv.it\/","logo":{"@type":"ImageObject","inLanguage":"it-IT","@id":"https:\/\/blog.assiv.it\/#\/schema\/logo\/image\/","url":"https:\/\/blog.assiv.it\/wp-content\/uploads\/2024\/08\/blog_assiv_logg_color.png","contentUrl":"https:\/\/blog.assiv.it\/wp-content\/uploads\/2024\/08\/blog_assiv_logg_color.png","width":400,"height":102,"caption":"Blog.Assiv"},"image":{"@id":"https:\/\/blog.assiv.it\/#\/schema\/logo\/image\/"},"sameAs":["https:\/\/www.facebook.com\/associazionevigilanza\/","https:\/\/www.linkedin.com\/in\/ass-i-v-vigilanza-e-servizi-fiduciari-6923b6169\/"]},{"@type":"Person","@id":"https:\/\/blog.assiv.it\/#\/schema\/person\/e67e6bfe974265213521b17bcb72f56c","name":"Alina Corradini","image":{"@type":"ImageObject","inLanguage":"it-IT","@id":"https:\/\/blog.assiv.it\/#\/schema\/person\/image\/","url":"https:\/\/secure.gravatar.com\/avatar\/4132aee8f9bd4bdecdebca6030c86e8da29e7fce98ad2ff7f1dcb17155c4ea90?s=96&d=mm&r=g","contentUrl":"https:\/\/secure.gravatar.com\/avatar\/4132aee8f9bd4bdecdebca6030c86e8da29e7fce98ad2ff7f1dcb17155c4ea90?s=96&d=mm&r=g","caption":"Alina Corradini"},"url":"https:\/\/blog.assiv.it\/index.php\/author\/alina-corradini\/"}]}},"amp_enabled":true,"_links":{"self":[{"href":"https:\/\/blog.assiv.it\/index.php\/wp-json\/wp\/v2\/posts\/21727","targetHints":{"allow":["GET"]}}],"collection":[{"href":"https:\/\/blog.assiv.it\/index.php\/wp-json\/wp\/v2\/posts"}],"about":[{"href":"https:\/\/blog.assiv.it\/index.php\/wp-json\/wp\/v2\/types\/post"}],"author":[{"embeddable":true,"href":"https:\/\/blog.assiv.it\/index.php\/wp-json\/wp\/v2\/users\/2"}],"replies":[{"embeddable":true,"href":"https:\/\/blog.assiv.it\/index.php\/wp-json\/wp\/v2\/comments?post=21727"}],"version-history":[{"count":1,"href":"https:\/\/blog.assiv.it\/index.php\/wp-json\/wp\/v2\/posts\/21727\/revisions"}],"predecessor-version":[{"id":21728,"href":"https:\/\/blog.assiv.it\/index.php\/wp-json\/wp\/v2\/posts\/21727\/revisions\/21728"}],"wp:featuredmedia":[{"embeddable":true,"href":"https:\/\/blog.assiv.it\/index.php\/wp-json\/wp\/v2\/media\/21731"}],"wp:attachment":[{"href":"https:\/\/blog.assiv.it\/index.php\/wp-json\/wp\/v2\/media?parent=21727"}],"wp:term":[{"taxonomy":"category","embeddable":true,"href":"https:\/\/blog.assiv.it\/index.php\/wp-json\/wp\/v2\/categories?post=21727"},{"taxonomy":"post_tag","embeddable":true,"href":"https:\/\/blog.assiv.it\/index.php\/wp-json\/wp\/v2\/tags?post=21727"}],"curies":[{"name":"wp","href":"https:\/\/api.w.org\/{rel}","templated":true}]}}