{"id":21733,"date":"2025-10-20T12:10:19","date_gmt":"2025-10-20T10:10:19","guid":{"rendered":"https:\/\/blog.assiv.it\/?p=21733"},"modified":"2025-11-01T13:03:31","modified_gmt":"2025-11-01T12:03:31","slug":"assiv-al-convegno-il-dovere-di-protezione-safety-security-la-tutela-di-lavoratori-e-aziende-nei-contesti-di-crisi","status":"publish","type":"post","link":"https:\/\/blog.assiv.it\/index.php\/2025\/10\/20\/assiv-al-convegno-il-dovere-di-protezione-safety-security-la-tutela-di-lavoratori-e-aziende-nei-contesti-di-crisi\/","title":{"rendered":"ASSIV al convegno \u201cIl Dovere di Protezione \u2013 Safety &amp; Security: la tutela di lavoratori e aziende nei contesti di crisi\u201d"},"content":{"rendered":"\n<p>La <strong>Dott.ssa Maria Cristina Urbano<\/strong>, Presidente di <strong>ASSIV \u2013 Associazione Italiana Vigilanza e Servizi Fiduciari<\/strong>, ha partecipato al convegno <em>\u201cIl Dovere di Protezione\u201d<\/em>, promosso da <strong>Lavoro &amp; Welfare<\/strong> in collaborazione con <strong>International SOS Foundation<\/strong>, portando il punto di vista del comparto della sicurezza privata.<\/p>\n\n\n<div class=\"wp-block-image\">\n<figure class=\"alignleft size-large is-resized\"><img fetchpriority=\"high\" decoding=\"async\" width=\"768\" height=\"1024\" src=\"https:\/\/blog.assiv.it\/wp-content\/uploads\/2025\/10\/IMG-20251020-WA0014-768x1024.jpg\" alt=\"\" class=\"wp-image-21736\" style=\"width:272px;height:auto\" srcset=\"https:\/\/blog.assiv.it\/wp-content\/uploads\/2025\/10\/IMG-20251020-WA0014-768x1024.jpg 768w, https:\/\/blog.assiv.it\/wp-content\/uploads\/2025\/10\/IMG-20251020-WA0014-225x300.jpg 225w, https:\/\/blog.assiv.it\/wp-content\/uploads\/2025\/10\/IMG-20251020-WA0014-1152x1536.jpg 1152w, https:\/\/blog.assiv.it\/wp-content\/uploads\/2025\/10\/IMG-20251020-WA0014-150x200.jpg 150w, https:\/\/blog.assiv.it\/wp-content\/uploads\/2025\/10\/IMG-20251020-WA0014-450x600.jpg 450w, https:\/\/blog.assiv.it\/wp-content\/uploads\/2025\/10\/IMG-20251020-WA0014.jpg 1200w\" sizes=\"(max-width: 768px) 100vw, 768px\" \/><\/figure>\n<\/div>\n\n\n<p>Nel suo intervento, dal titolo <em>\u201cSicurezza privata all\u2019estero fra opportunit\u00e0 e criticit\u00e0\u201d<\/em>, la Presidente Urbano ha sottolineato come il <strong>dovere di protezione (duty of care)<\/strong> non rappresenti soltanto un principio morale, ma una vera e propria <strong>responsabilit\u00e0 legale e organizzativa<\/strong> che incombe su ogni datore di lavoro, soprattutto quando l\u2019attivit\u00e0 si svolge in contesti internazionali complessi e potenzialmente a rischio.<\/p>\n\n\n\n<p>Oggi, infatti, migliaia di imprese italiane operano stabilmente all\u2019estero, spesso in Paesi segnati da <strong>instabilit\u00e0 politica, criminalit\u00e0, terrorismo o catastrofi ambientali<\/strong>. In tali scenari \u2013 ha ricordato la presidente Urbano \u2013 il sistema pubblico da solo non \u00e8 sufficiente a garantire adeguati livelli di protezione. Da qui la necessit\u00e0 di un <strong>partenariato pubblico-privato<\/strong> sempre pi\u00f9 stretto, in grado di assicurare una sicurezza \u201cpartecipata\u201d e resiliente.<\/p>\n\n\n\n<p>La Presidente ha posto anche l\u2019attenzione su un <strong>paradosso tutto italiano<\/strong>: molte imprese nazionali, pur disponendo di competenze e professionalit\u00e0 di alto livello, sono costrette ad affidarsi a societ\u00e0 di sicurezza estere per tutelare i propri dipendenti e asset fuori dai confini nazionali. Ci\u00f2 accade perch\u00e9 manca ancora una <strong>cornice normativa<\/strong> che consenta agli operatori della sicurezza privata di operare legalmente all\u2019estero.<\/p>\n\n\n\n<p>Un adeguamento normativo \u2013 ha spiegato la dott.ssa Urbano \u2013 permetterebbe non solo di valorizzare le competenze italiane, ma anche di <strong>rafforzare la competitivit\u00e0 del sistema Paese<\/strong>, mantenendo in Italia il valore economico e professionale generato dal comparto.<\/p>\n\n\n\n<p>Nel suo intervento, la Presidente ha inoltre richiamato esperienze positive gi\u00e0 maturate, come la <strong>legge sull\u2019antipirateria marittima del 2011<\/strong>, che ha autorizzato personale di sicurezza privata italiano, proveniente dalle Forze Armate, a operare armato a bordo di navi mercantili battenti bandiera italiana. Un modello che ha funzionato, dimostrando come una norma chiara e controllata possa garantire efficacia e legalit\u00e0.<\/p>\n\n\n\n<p>In questa prospettiva, la dott.ssa Urbano ha ricordato la <strong>proposta di legge attualmente in discussione in Parlamento<\/strong>, volta a consentire agli operatori di sicurezza privata decretati di operare all\u2019estero per proteggere lavoratori e imprese italiane. Una riforma che, se approvata, potrebbe dare vita a un vero e proprio <strong>\u201cmodello italiano di sicurezza internazionale\u201d<\/strong>, basato su <strong>regole chiare, formazione qualificata, cooperazione istituzionale e incentivi economici mirati<\/strong>.<\/p>\n\n\n\n<figure class=\"wp-block-image size-large\"><img decoding=\"async\" width=\"1024\" height=\"768\" src=\"https:\/\/blog.assiv.it\/wp-content\/uploads\/2025\/10\/Si-4-1024x768.jpg\" alt=\"\" class=\"wp-image-21737\" srcset=\"https:\/\/blog.assiv.it\/wp-content\/uploads\/2025\/10\/Si-4-1024x768.jpg 1024w, https:\/\/blog.assiv.it\/wp-content\/uploads\/2025\/10\/Si-4-300x225.jpg 300w, https:\/\/blog.assiv.it\/wp-content\/uploads\/2025\/10\/Si-4-768x576.jpg 768w, https:\/\/blog.assiv.it\/wp-content\/uploads\/2025\/10\/Si-4-1536x1152.jpg 1536w, https:\/\/blog.assiv.it\/wp-content\/uploads\/2025\/10\/Si-4-150x113.jpg 150w, https:\/\/blog.assiv.it\/wp-content\/uploads\/2025\/10\/Si-4-450x338.jpg 450w, https:\/\/blog.assiv.it\/wp-content\/uploads\/2025\/10\/Si-4-1200x900.jpg 1200w, https:\/\/blog.assiv.it\/wp-content\/uploads\/2025\/10\/Si-4-1320x990.jpg 1320w, https:\/\/blog.assiv.it\/wp-content\/uploads\/2025\/10\/Si-4.jpg 1600w\" sizes=\"(max-width: 1024px) 100vw, 1024px\" \/><\/figure>\n\n\n\n<p>\u201c<em>La sicurezza privata all\u2019estero non \u00e8 una minaccia, non \u00e8 un\u2019anomalia. \u00c8 una necessit\u00e0 <\/em>\u2013 ha concluso la Presidente Urbano \u2013 <em>e, se ben regolata, pu\u00f2 diventare una grande opportunit\u00e0 per il nostro Paese. Possiamo costruire un modello fondato su competenza, legalit\u00e0 e collaborazione, capace di rendere pi\u00f9 sicure le nostre imprese, pi\u00f9 tutelati i nostri lavoratori e pi\u00f9 forte la presenza dell\u2019Italia nel mondo<\/em>.\u201d<\/p>\n\n\n\n<p><strong>ASSIV continuer\u00e0 a promuovere e diffondere la cultura della sicurezza come valore fondamentale per il lavoro, per le imprese e per la societ\u00e0.<\/strong><\/p>\n\n\n\n<p>#ASSIV #Sicurezza #Lavoro #Safety #Security #Tutela #Protezione #MariaCristinaUrbano #CameraDeiDeputati #LavoroEWelfare #InternationalSOS #CulturaDellaSicurezza #DutyOfCare<\/p>\n\n\n\n<p><\/p>\n","protected":false},"excerpt":{"rendered":"<p>La Dott.ssa Maria Cristina Urbano, Presidente di ASSIV \u2013 Associazione Italiana Vigilanza e Servizi Fiduciari, ha partecipato al convegno \u201cIl Dovere di Protezione\u201d, promosso da Lavoro &amp; Welfare in collaborazione con International SOS Foundation, portando il punto di vista del comparto della sicurezza privata. Nel suo intervento, dal titolo \u201cSicurezza privata all\u2019estero fra opportunit\u00e0 e<\/p>\n","protected":false},"author":2,"featured_media":21738,"comment_status":"closed","ping_status":"closed","sticky":false,"template":"","format":"standard","meta":{"footnotes":""},"categories":[217],"tags":[124,125],"class_list":{"0":"post-21733","1":"post","2":"type-post","3":"status-publish","4":"format-standard","5":"has-post-thumbnail","7":"category-policy","8":"tag-sicurezza","9":"tag-vigilanza-privata"},"yoast_head":"<!-- This site is optimized with the Yoast SEO plugin v26.0 - https:\/\/yoast.com\/wordpress\/plugins\/seo\/ -->\n<title>ASSIV al convegno \u201cIl Dovere di Protezione \u2013 Safety &amp; Security: la tutela di lavoratori e aziende nei contesti di crisi\u201d<\/title>\n<meta name=\"description\" content=\"ASSIV al convegno \u201cIl Dovere di Protezione \u2013 Safety &amp; Security: la tutela di lavoratori e aziende nei contesti di crisi\u201d\" \/>\n<meta name=\"robots\" content=\"index, follow, max-snippet:-1, max-image-preview:large, max-video-preview:-1\" \/>\n<link rel=\"canonical\" href=\"https:\/\/blog.assiv.it\/index.php\/2025\/10\/20\/assiv-al-convegno-il-dovere-di-protezione-safety-security-la-tutela-di-lavoratori-e-aziende-nei-contesti-di-crisi\/\" \/>\n<meta property=\"og:locale\" content=\"it_IT\" \/>\n<meta property=\"og:type\" content=\"article\" \/>\n<meta property=\"og:title\" content=\"ASSIV al convegno \u201cIl Dovere di Protezione \u2013 Safety &amp; Security: la tutela di lavoratori e aziende nei contesti di crisi\u201d\" \/>\n<meta property=\"og:description\" content=\"ASSIV al convegno \u201cIl Dovere di Protezione \u2013 Safety &amp; Security: la tutela di lavoratori e aziende nei contesti di crisi\u201d\" \/>\n<meta property=\"og:url\" content=\"https:\/\/blog.assiv.it\/index.php\/2025\/10\/20\/assiv-al-convegno-il-dovere-di-protezione-safety-security-la-tutela-di-lavoratori-e-aziende-nei-contesti-di-crisi\/\" \/>\n<meta property=\"og:site_name\" content=\"Blog.Assiv\" \/>\n<meta property=\"article:publisher\" content=\"https:\/\/www.facebook.com\/associazionevigilanza\/\" \/>\n<meta property=\"article:published_time\" content=\"2025-10-20T10:10:19+00:00\" \/>\n<meta property=\"article:modified_time\" content=\"2025-11-01T12:03:31+00:00\" \/>\n<meta property=\"og:image\" content=\"https:\/\/blog.assiv.it\/wp-content\/uploads\/2025\/10\/Si-2-1.jpg\" \/>\n\t<meta property=\"og:image:width\" content=\"2048\" \/>\n\t<meta property=\"og:image:height\" content=\"1152\" \/>\n\t<meta property=\"og:image:type\" content=\"image\/jpeg\" \/>\n<meta name=\"author\" content=\"Alina Corradini\" \/>\n<meta name=\"twitter:card\" content=\"summary_large_image\" \/>\n<meta name=\"twitter:label1\" content=\"Scritto da\" \/>\n\t<meta name=\"twitter:data1\" content=\"Alina Corradini\" \/>\n\t<meta name=\"twitter:label2\" content=\"Tempo di lettura stimato\" \/>\n\t<meta name=\"twitter:data2\" content=\"4 minuti\" \/>\n<script type=\"application\/ld+json\" class=\"yoast-schema-graph\">{\"@context\":\"https:\/\/schema.org\",\"@graph\":[{\"@type\":\"Article\",\"@id\":\"https:\/\/blog.assiv.it\/index.php\/2025\/10\/20\/assiv-al-convegno-il-dovere-di-protezione-safety-security-la-tutela-di-lavoratori-e-aziende-nei-contesti-di-crisi\/#article\",\"isPartOf\":{\"@id\":\"https:\/\/blog.assiv.it\/index.php\/2025\/10\/20\/assiv-al-convegno-il-dovere-di-protezione-safety-security-la-tutela-di-lavoratori-e-aziende-nei-contesti-di-crisi\/\"},\"author\":{\"name\":\"Alina Corradini\",\"@id\":\"https:\/\/blog.assiv.it\/#\/schema\/person\/e67e6bfe974265213521b17bcb72f56c\"},\"headline\":\"ASSIV al convegno \u201cIl Dovere di Protezione \u2013 Safety &amp; Security: la tutela di lavoratori e aziende nei contesti di crisi\u201d\",\"datePublished\":\"2025-10-20T10:10:19+00:00\",\"dateModified\":\"2025-11-01T12:03:31+00:00\",\"mainEntityOfPage\":{\"@id\":\"https:\/\/blog.assiv.it\/index.php\/2025\/10\/20\/assiv-al-convegno-il-dovere-di-protezione-safety-security-la-tutela-di-lavoratori-e-aziende-nei-contesti-di-crisi\/\"},\"wordCount\":515,\"publisher\":{\"@id\":\"https:\/\/blog.assiv.it\/#organization\"},\"image\":{\"@id\":\"https:\/\/blog.assiv.it\/index.php\/2025\/10\/20\/assiv-al-convegno-il-dovere-di-protezione-safety-security-la-tutela-di-lavoratori-e-aziende-nei-contesti-di-crisi\/#primaryimage\"},\"thumbnailUrl\":\"https:\/\/blog.assiv.it\/wp-content\/uploads\/2025\/10\/Si-2-1.jpg\",\"keywords\":[\"sicurezza\",\"vigilanza privata\"],\"articleSection\":[\"Policy\"],\"inLanguage\":\"it-IT\"},{\"@type\":\"WebPage\",\"@id\":\"https:\/\/blog.assiv.it\/index.php\/2025\/10\/20\/assiv-al-convegno-il-dovere-di-protezione-safety-security-la-tutela-di-lavoratori-e-aziende-nei-contesti-di-crisi\/\",\"url\":\"https:\/\/blog.assiv.it\/index.php\/2025\/10\/20\/assiv-al-convegno-il-dovere-di-protezione-safety-security-la-tutela-di-lavoratori-e-aziende-nei-contesti-di-crisi\/\",\"name\":\"ASSIV al convegno \u201cIl Dovere di Protezione \u2013 Safety & Security: la tutela di lavoratori e aziende nei contesti di crisi\u201d\",\"isPartOf\":{\"@id\":\"https:\/\/blog.assiv.it\/#website\"},\"primaryImageOfPage\":{\"@id\":\"https:\/\/blog.assiv.it\/index.php\/2025\/10\/20\/assiv-al-convegno-il-dovere-di-protezione-safety-security-la-tutela-di-lavoratori-e-aziende-nei-contesti-di-crisi\/#primaryimage\"},\"image\":{\"@id\":\"https:\/\/blog.assiv.it\/index.php\/2025\/10\/20\/assiv-al-convegno-il-dovere-di-protezione-safety-security-la-tutela-di-lavoratori-e-aziende-nei-contesti-di-crisi\/#primaryimage\"},\"thumbnailUrl\":\"https:\/\/blog.assiv.it\/wp-content\/uploads\/2025\/10\/Si-2-1.jpg\",\"datePublished\":\"2025-10-20T10:10:19+00:00\",\"dateModified\":\"2025-11-01T12:03:31+00:00\",\"description\":\"ASSIV al convegno \u201cIl Dovere di Protezione \u2013 Safety & Security: la tutela di lavoratori e aziende nei contesti di crisi\u201d\",\"breadcrumb\":{\"@id\":\"https:\/\/blog.assiv.it\/index.php\/2025\/10\/20\/assiv-al-convegno-il-dovere-di-protezione-safety-security-la-tutela-di-lavoratori-e-aziende-nei-contesti-di-crisi\/#breadcrumb\"},\"inLanguage\":\"it-IT\",\"potentialAction\":[{\"@type\":\"ReadAction\",\"target\":[\"https:\/\/blog.assiv.it\/index.php\/2025\/10\/20\/assiv-al-convegno-il-dovere-di-protezione-safety-security-la-tutela-di-lavoratori-e-aziende-nei-contesti-di-crisi\/\"]}]},{\"@type\":\"ImageObject\",\"inLanguage\":\"it-IT\",\"@id\":\"https:\/\/blog.assiv.it\/index.php\/2025\/10\/20\/assiv-al-convegno-il-dovere-di-protezione-safety-security-la-tutela-di-lavoratori-e-aziende-nei-contesti-di-crisi\/#primaryimage\",\"url\":\"https:\/\/blog.assiv.it\/wp-content\/uploads\/2025\/10\/Si-2-1.jpg\",\"contentUrl\":\"https:\/\/blog.assiv.it\/wp-content\/uploads\/2025\/10\/Si-2-1.jpg\",\"width\":2048,\"height\":1152},{\"@type\":\"BreadcrumbList\",\"@id\":\"https:\/\/blog.assiv.it\/index.php\/2025\/10\/20\/assiv-al-convegno-il-dovere-di-protezione-safety-security-la-tutela-di-lavoratori-e-aziende-nei-contesti-di-crisi\/#breadcrumb\",\"itemListElement\":[{\"@type\":\"ListItem\",\"position\":1,\"name\":\"Home\",\"item\":\"https:\/\/blog.assiv.it\/\"},{\"@type\":\"ListItem\",\"position\":2,\"name\":\"ASSIV al convegno \u201cIl Dovere di Protezione \u2013 Safety &amp; Security: la tutela di lavoratori e aziende nei contesti di crisi\u201d\"}]},{\"@type\":\"WebSite\",\"@id\":\"https:\/\/blog.assiv.it\/#website\",\"url\":\"https:\/\/blog.assiv.it\/\",\"name\":\"Blog.Assiv\",\"description\":\"Associazione Italiana Vigilanza e Servizi di Sicurezza\",\"publisher\":{\"@id\":\"https:\/\/blog.assiv.it\/#organization\"},\"potentialAction\":[{\"@type\":\"SearchAction\",\"target\":{\"@type\":\"EntryPoint\",\"urlTemplate\":\"https:\/\/blog.assiv.it\/?s={search_term_string}\"},\"query-input\":{\"@type\":\"PropertyValueSpecification\",\"valueRequired\":true,\"valueName\":\"search_term_string\"}}],\"inLanguage\":\"it-IT\"},{\"@type\":\"Organization\",\"@id\":\"https:\/\/blog.assiv.it\/#organization\",\"name\":\"Blog.Assiv\",\"url\":\"https:\/\/blog.assiv.it\/\",\"logo\":{\"@type\":\"ImageObject\",\"inLanguage\":\"it-IT\",\"@id\":\"https:\/\/blog.assiv.it\/#\/schema\/logo\/image\/\",\"url\":\"https:\/\/blog.assiv.it\/wp-content\/uploads\/2024\/08\/blog_assiv_logg_color.png\",\"contentUrl\":\"https:\/\/blog.assiv.it\/wp-content\/uploads\/2024\/08\/blog_assiv_logg_color.png\",\"width\":400,\"height\":102,\"caption\":\"Blog.Assiv\"},\"image\":{\"@id\":\"https:\/\/blog.assiv.it\/#\/schema\/logo\/image\/\"},\"sameAs\":[\"https:\/\/www.facebook.com\/associazionevigilanza\/\",\"https:\/\/www.linkedin.com\/in\/ass-i-v-vigilanza-e-servizi-fiduciari-6923b6169\/\"]},{\"@type\":\"Person\",\"@id\":\"https:\/\/blog.assiv.it\/#\/schema\/person\/e67e6bfe974265213521b17bcb72f56c\",\"name\":\"Alina Corradini\",\"image\":{\"@type\":\"ImageObject\",\"inLanguage\":\"it-IT\",\"@id\":\"https:\/\/blog.assiv.it\/#\/schema\/person\/image\/\",\"url\":\"https:\/\/secure.gravatar.com\/avatar\/4132aee8f9bd4bdecdebca6030c86e8da29e7fce98ad2ff7f1dcb17155c4ea90?s=96&d=mm&r=g\",\"contentUrl\":\"https:\/\/secure.gravatar.com\/avatar\/4132aee8f9bd4bdecdebca6030c86e8da29e7fce98ad2ff7f1dcb17155c4ea90?s=96&d=mm&r=g\",\"caption\":\"Alina Corradini\"},\"url\":\"https:\/\/blog.assiv.it\/index.php\/author\/alina-corradini\/\"}]}<\/script>\n<!-- \/ Yoast SEO plugin. -->","yoast_head_json":{"title":"ASSIV al convegno \u201cIl Dovere di Protezione \u2013 Safety & Security: la tutela di lavoratori e aziende nei contesti di crisi\u201d","description":"ASSIV al convegno \u201cIl Dovere di Protezione \u2013 Safety & Security: la tutela di lavoratori e aziende nei contesti di crisi\u201d","robots":{"index":"index","follow":"follow","max-snippet":"max-snippet:-1","max-image-preview":"max-image-preview:large","max-video-preview":"max-video-preview:-1"},"canonical":"https:\/\/blog.assiv.it\/index.php\/2025\/10\/20\/assiv-al-convegno-il-dovere-di-protezione-safety-security-la-tutela-di-lavoratori-e-aziende-nei-contesti-di-crisi\/","og_locale":"it_IT","og_type":"article","og_title":"ASSIV al convegno \u201cIl Dovere di Protezione \u2013 Safety & Security: la tutela di lavoratori e aziende nei contesti di crisi\u201d","og_description":"ASSIV al convegno \u201cIl Dovere di Protezione \u2013 Safety & Security: la tutela di lavoratori e aziende nei contesti di crisi\u201d","og_url":"https:\/\/blog.assiv.it\/index.php\/2025\/10\/20\/assiv-al-convegno-il-dovere-di-protezione-safety-security-la-tutela-di-lavoratori-e-aziende-nei-contesti-di-crisi\/","og_site_name":"Blog.Assiv","article_publisher":"https:\/\/www.facebook.com\/associazionevigilanza\/","article_published_time":"2025-10-20T10:10:19+00:00","article_modified_time":"2025-11-01T12:03:31+00:00","og_image":[{"width":2048,"height":1152,"url":"https:\/\/blog.assiv.it\/wp-content\/uploads\/2025\/10\/Si-2-1.jpg","type":"image\/jpeg"}],"author":"Alina Corradini","twitter_card":"summary_large_image","twitter_misc":{"Scritto da":"Alina Corradini","Tempo di lettura stimato":"4 minuti"},"schema":{"@context":"https:\/\/schema.org","@graph":[{"@type":"Article","@id":"https:\/\/blog.assiv.it\/index.php\/2025\/10\/20\/assiv-al-convegno-il-dovere-di-protezione-safety-security-la-tutela-di-lavoratori-e-aziende-nei-contesti-di-crisi\/#article","isPartOf":{"@id":"https:\/\/blog.assiv.it\/index.php\/2025\/10\/20\/assiv-al-convegno-il-dovere-di-protezione-safety-security-la-tutela-di-lavoratori-e-aziende-nei-contesti-di-crisi\/"},"author":{"name":"Alina Corradini","@id":"https:\/\/blog.assiv.it\/#\/schema\/person\/e67e6bfe974265213521b17bcb72f56c"},"headline":"ASSIV al convegno \u201cIl Dovere di Protezione \u2013 Safety &amp; Security: la tutela di lavoratori e aziende nei contesti di crisi\u201d","datePublished":"2025-10-20T10:10:19+00:00","dateModified":"2025-11-01T12:03:31+00:00","mainEntityOfPage":{"@id":"https:\/\/blog.assiv.it\/index.php\/2025\/10\/20\/assiv-al-convegno-il-dovere-di-protezione-safety-security-la-tutela-di-lavoratori-e-aziende-nei-contesti-di-crisi\/"},"wordCount":515,"publisher":{"@id":"https:\/\/blog.assiv.it\/#organization"},"image":{"@id":"https:\/\/blog.assiv.it\/index.php\/2025\/10\/20\/assiv-al-convegno-il-dovere-di-protezione-safety-security-la-tutela-di-lavoratori-e-aziende-nei-contesti-di-crisi\/#primaryimage"},"thumbnailUrl":"https:\/\/blog.assiv.it\/wp-content\/uploads\/2025\/10\/Si-2-1.jpg","keywords":["sicurezza","vigilanza privata"],"articleSection":["Policy"],"inLanguage":"it-IT"},{"@type":"WebPage","@id":"https:\/\/blog.assiv.it\/index.php\/2025\/10\/20\/assiv-al-convegno-il-dovere-di-protezione-safety-security-la-tutela-di-lavoratori-e-aziende-nei-contesti-di-crisi\/","url":"https:\/\/blog.assiv.it\/index.php\/2025\/10\/20\/assiv-al-convegno-il-dovere-di-protezione-safety-security-la-tutela-di-lavoratori-e-aziende-nei-contesti-di-crisi\/","name":"ASSIV al convegno \u201cIl Dovere di Protezione \u2013 Safety & Security: la tutela di lavoratori e aziende nei contesti di crisi\u201d","isPartOf":{"@id":"https:\/\/blog.assiv.it\/#website"},"primaryImageOfPage":{"@id":"https:\/\/blog.assiv.it\/index.php\/2025\/10\/20\/assiv-al-convegno-il-dovere-di-protezione-safety-security-la-tutela-di-lavoratori-e-aziende-nei-contesti-di-crisi\/#primaryimage"},"image":{"@id":"https:\/\/blog.assiv.it\/index.php\/2025\/10\/20\/assiv-al-convegno-il-dovere-di-protezione-safety-security-la-tutela-di-lavoratori-e-aziende-nei-contesti-di-crisi\/#primaryimage"},"thumbnailUrl":"https:\/\/blog.assiv.it\/wp-content\/uploads\/2025\/10\/Si-2-1.jpg","datePublished":"2025-10-20T10:10:19+00:00","dateModified":"2025-11-01T12:03:31+00:00","description":"ASSIV al convegno \u201cIl Dovere di Protezione \u2013 Safety & Security: la tutela di lavoratori e aziende nei contesti di crisi\u201d","breadcrumb":{"@id":"https:\/\/blog.assiv.it\/index.php\/2025\/10\/20\/assiv-al-convegno-il-dovere-di-protezione-safety-security-la-tutela-di-lavoratori-e-aziende-nei-contesti-di-crisi\/#breadcrumb"},"inLanguage":"it-IT","potentialAction":[{"@type":"ReadAction","target":["https:\/\/blog.assiv.it\/index.php\/2025\/10\/20\/assiv-al-convegno-il-dovere-di-protezione-safety-security-la-tutela-di-lavoratori-e-aziende-nei-contesti-di-crisi\/"]}]},{"@type":"ImageObject","inLanguage":"it-IT","@id":"https:\/\/blog.assiv.it\/index.php\/2025\/10\/20\/assiv-al-convegno-il-dovere-di-protezione-safety-security-la-tutela-di-lavoratori-e-aziende-nei-contesti-di-crisi\/#primaryimage","url":"https:\/\/blog.assiv.it\/wp-content\/uploads\/2025\/10\/Si-2-1.jpg","contentUrl":"https:\/\/blog.assiv.it\/wp-content\/uploads\/2025\/10\/Si-2-1.jpg","width":2048,"height":1152},{"@type":"BreadcrumbList","@id":"https:\/\/blog.assiv.it\/index.php\/2025\/10\/20\/assiv-al-convegno-il-dovere-di-protezione-safety-security-la-tutela-di-lavoratori-e-aziende-nei-contesti-di-crisi\/#breadcrumb","itemListElement":[{"@type":"ListItem","position":1,"name":"Home","item":"https:\/\/blog.assiv.it\/"},{"@type":"ListItem","position":2,"name":"ASSIV al convegno \u201cIl Dovere di Protezione \u2013 Safety &amp; Security: la tutela di lavoratori e aziende nei contesti di crisi\u201d"}]},{"@type":"WebSite","@id":"https:\/\/blog.assiv.it\/#website","url":"https:\/\/blog.assiv.it\/","name":"Blog.Assiv","description":"Associazione Italiana Vigilanza e Servizi di Sicurezza","publisher":{"@id":"https:\/\/blog.assiv.it\/#organization"},"potentialAction":[{"@type":"SearchAction","target":{"@type":"EntryPoint","urlTemplate":"https:\/\/blog.assiv.it\/?s={search_term_string}"},"query-input":{"@type":"PropertyValueSpecification","valueRequired":true,"valueName":"search_term_string"}}],"inLanguage":"it-IT"},{"@type":"Organization","@id":"https:\/\/blog.assiv.it\/#organization","name":"Blog.Assiv","url":"https:\/\/blog.assiv.it\/","logo":{"@type":"ImageObject","inLanguage":"it-IT","@id":"https:\/\/blog.assiv.it\/#\/schema\/logo\/image\/","url":"https:\/\/blog.assiv.it\/wp-content\/uploads\/2024\/08\/blog_assiv_logg_color.png","contentUrl":"https:\/\/blog.assiv.it\/wp-content\/uploads\/2024\/08\/blog_assiv_logg_color.png","width":400,"height":102,"caption":"Blog.Assiv"},"image":{"@id":"https:\/\/blog.assiv.it\/#\/schema\/logo\/image\/"},"sameAs":["https:\/\/www.facebook.com\/associazionevigilanza\/","https:\/\/www.linkedin.com\/in\/ass-i-v-vigilanza-e-servizi-fiduciari-6923b6169\/"]},{"@type":"Person","@id":"https:\/\/blog.assiv.it\/#\/schema\/person\/e67e6bfe974265213521b17bcb72f56c","name":"Alina Corradini","image":{"@type":"ImageObject","inLanguage":"it-IT","@id":"https:\/\/blog.assiv.it\/#\/schema\/person\/image\/","url":"https:\/\/secure.gravatar.com\/avatar\/4132aee8f9bd4bdecdebca6030c86e8da29e7fce98ad2ff7f1dcb17155c4ea90?s=96&d=mm&r=g","contentUrl":"https:\/\/secure.gravatar.com\/avatar\/4132aee8f9bd4bdecdebca6030c86e8da29e7fce98ad2ff7f1dcb17155c4ea90?s=96&d=mm&r=g","caption":"Alina Corradini"},"url":"https:\/\/blog.assiv.it\/index.php\/author\/alina-corradini\/"}]}},"amp_enabled":true,"_links":{"self":[{"href":"https:\/\/blog.assiv.it\/index.php\/wp-json\/wp\/v2\/posts\/21733","targetHints":{"allow":["GET"]}}],"collection":[{"href":"https:\/\/blog.assiv.it\/index.php\/wp-json\/wp\/v2\/posts"}],"about":[{"href":"https:\/\/blog.assiv.it\/index.php\/wp-json\/wp\/v2\/types\/post"}],"author":[{"embeddable":true,"href":"https:\/\/blog.assiv.it\/index.php\/wp-json\/wp\/v2\/users\/2"}],"replies":[{"embeddable":true,"href":"https:\/\/blog.assiv.it\/index.php\/wp-json\/wp\/v2\/comments?post=21733"}],"version-history":[{"count":1,"href":"https:\/\/blog.assiv.it\/index.php\/wp-json\/wp\/v2\/posts\/21733\/revisions"}],"predecessor-version":[{"id":21739,"href":"https:\/\/blog.assiv.it\/index.php\/wp-json\/wp\/v2\/posts\/21733\/revisions\/21739"}],"wp:featuredmedia":[{"embeddable":true,"href":"https:\/\/blog.assiv.it\/index.php\/wp-json\/wp\/v2\/media\/21738"}],"wp:attachment":[{"href":"https:\/\/blog.assiv.it\/index.php\/wp-json\/wp\/v2\/media?parent=21733"}],"wp:term":[{"taxonomy":"category","embeddable":true,"href":"https:\/\/blog.assiv.it\/index.php\/wp-json\/wp\/v2\/categories?post=21733"},{"taxonomy":"post_tag","embeddable":true,"href":"https:\/\/blog.assiv.it\/index.php\/wp-json\/wp\/v2\/tags?post=21733"}],"curies":[{"name":"wp","href":"https:\/\/api.w.org\/{rel}","templated":true}]}}