{"id":21742,"date":"2025-10-21T17:18:13","date_gmt":"2025-10-21T15:18:13","guid":{"rendered":"https:\/\/blog.assiv.it\/?p=21742"},"modified":"2025-11-01T13:03:17","modified_gmt":"2025-11-01T12:03:17","slug":"le-nostre-imprese-sono-globali-ma-la-nostra-sicurezza-privata-e-ancora-nazionale-huffington-post-21-ottobre-2025","status":"publish","type":"post","link":"https:\/\/blog.assiv.it\/index.php\/2025\/10\/21\/le-nostre-imprese-sono-globali-ma-la-nostra-sicurezza-privata-e-ancora-nazionale-huffington-post-21-ottobre-2025\/","title":{"rendered":"\u00abLe nostre imprese sono globali, ma la nostra sicurezza privata \u00e8 ancora nazionale\u00bb \u2013 Huffington Post, 21 ottobre 2025"},"content":{"rendered":"\n<p> <\/p>\n\n\n<div class=\"wp-block-image\">\n<figure class=\"aligncenter is-resized\"><img decoding=\"async\" src=\"https:\/\/www.gedistatic.it\/content\/gedi\/img\/huffingtonpost\/2025\/10\/21\/114816912-5d8577eb-c2ac-4e63-8313-e09327c6f7b6.jpg\" alt=\"Le nostre imprese sono globali, ma la nostra sicurezza privata \u00e8 ancora nazionale\" style=\"width:870px;height:auto\"\/><\/figure>\n<\/div>\n\n\n<p><em>di&nbsp;<a href=\"https:\/\/www.huffingtonpost.it\/autori\/maria_cristina_urbano\/\">Maria Cristina Urbano<\/a><\/em><\/p>\n\n\n\n<p><em>Proteggere lavoratori, infrastrutture e asset aziendali, soprattutto all&#8217;estero. \u00c8 ci\u00f2 che il diritto e la prassi internazionale definiscono come&nbsp;duty of care, il dovere di protezione che ogni datore di lavoro ha nei confronti dei propri dipendenti<\/em><\/p>\n\n\n\n<p>Ogni giorno migliaia di imprese italiane operano all\u2019estero, spesso in aree del mondo segnate da instabilit\u00e0 politica, rischio terroristico, criminalit\u00e0 o fragilit\u00e0 istituzionale. Proteggere lavoratori, infrastrutture e asset aziendali in questi contesti non \u00e8 solo un obbligo etico: \u00e8 un dovere giuridico e organizzativo. \u00c8 ci\u00f2 che il diritto e la prassi internazionale definiscono come&nbsp;<em>duty of care<\/em>, il dovere di protezione che ogni datore di lavoro ha nei confronti dei propri dipendenti.<\/p>\n\n\n\n<p>Eppure, mentre la consapevolezza di questo principio cresce, l\u2019Italia si trova di fronte a un paradosso: le nostre imprese sono globali, ma la nostra sicurezza privata \u00e8 ancora \u201cnazionale\u201d, confinata da un quadro normativo che ne limita l\u2019azione oltre i confini. Credo che questo sia uno dei punti centrali del dibattito che il nostro Paese deve affrontare con urgenza. Il settore della sicurezza privata italiano \u00e8 oggi un comparto evoluto, professionalizzato, con competenze integrate di prevenzione, logistica, tecnologia e intelligence operativa. \u00c8 parte attiva della tutela di infrastrutture critiche, grandi eventi, supply chain e siti industriali strategici.<\/p>\n\n\n\n<p>Tuttavia, quando un\u2019azienda italiana deve garantire la protezione del proprio personale in missione all\u2019estero, \u00e8 costretta nella maggior parte dei casi ad affidarsi a societ\u00e0 di sicurezza straniere, spesso con costi elevati e minori garanzie di continuit\u00e0 operativa. Non perch\u00e9 in Italia manchino le competenze, ma perch\u00e9 manca una cornice normativa che consenta agli operatori di sicurezza privata di operare in modo legittimo e regolato fuori dal territorio nazionale. Esiste un precedente virtuoso, e dimostra che la via della regolamentazione \u00e8 possibile e sicura: la legge del 107\/2011 sull\u2019antipirateria marittima, che ha autorizzato operatori di sicurezza privata italiani a operare armati a bordo di navi mercantili battenti bandiera italiana.<\/p>\n\n\n\n<p>Quell\u2019esperienza, pienamente conforme al diritto internazionale, ha mostrato che regolare significa dare strumenti a un sistema che gi\u00e0 esiste per agire in modo trasparente, controllato e coordinato. Oggi in Parlamento \u00e8 incardinata una proposta di legge che mira a colmare questa lacuna, consentendo agli operatori di sicurezza privata decretati e dipendenti da istituti di vigilanza autorizzati dal Ministero dell\u2019Interno di operare all\u2019estero. Si tratta di un testo che rappresenta la premessa per una riforma organica della materia e che, gi\u00e0 nella scorsa legislatura, aveva raccolto il consenso di diverse forze politiche.<\/p>\n\n\n\n<p>\u00c8 un passo atteso da anni, che potrebbe finalmente allineare l\u2019Italia agli standard europei e internazionali, mantenendo nel Paese il valore economico e professionale di un settore ad alta specializzazione e rafforzando il sistema di sicurezza complessivo. Ma la sfida, a mio avviso, non \u00e8 soltanto normativa. Serve una visione strategica che definisca con chiarezza il ruolo dell\u2019operatore di sicurezza italiana all\u2019estero, una modifica del TULPS per superare i limiti territoriali, percorsi di formazione congiunta tra istituti di vigilanza e forze armate, una cabina di regia interministeriale che coordini Interno, Esteri, Difesa e Imprese, e strumenti economici come incentivi fiscali o premialit\u00e0 per le aziende che adottano protocolli di sicurezza certificati. Credo che l\u2019obiettivo debba essere quello di costruire un autentico modello italiano di sicurezza internazionale, fondato su competenza, legalit\u00e0, responsabilit\u00e0 e collaborazione istituzionale. La sicurezza privata all\u2019estero non \u00e8 una minaccia, non \u00e8 un\u2019anomalia. \u00c8 una necessit\u00e0 per un Paese che vuole essere competitivo, moderno e responsabile. Regolare il settore significa riconoscerne il ruolo strategico nel proteggere non solo i lavoratori, ma anche il know-how, le infrastrutture e la reputazione delle nostre imprese nel mondo.<\/p>\n\n\n\n<p>Come ho ricordato nel corso del convegno \u201c<a href=\"https:\/\/www.assiv.it\/assiv-al-convegno-il-dovere-di-protezione-safety-security-la-tutela-di-lavoratori-e-aziende-nei-contesti-di-crisi\/\">Il Dovere di Protezione \u2013 Safety &amp; Security: la tutela di lavoratori e aziende nei contesti di crisi<\/a>\u201d, ospitato alla Camera dei Deputati lo scorso 20 ottobre , \u00e8 il momento di superare la diffidenza verso la sicurezza privata e valorizzarne la funzione come pilastro complementare della sicurezza nazionale. Solo cos\u00ec potremo dire che l\u2019Italia tutela davvero il proprio capitale umano e produttivo, non solo entro i confini, ma ovunque operi la sua economia. \u00c8 in questa direzione che, come presidente di&nbsp;ASSIV,&nbsp;intendo continuare a impegnarmi: per promuovere una cultura della sicurezza come valore strategico per la crescita del Paese e per la tutela delle persone, delle imprese e degli interessi nazionali, dentro e fuori i nostri confini.  <\/p>\n\n\n\n<p><a href=\"https:\/\/www.huffingtonpost.it\/blog\/2025\/10\/21\/news\/le_nostre_imprese_sono_globali_ma_la_nostra_sicurezza_privata_e_ancora_nazionale-20321511\/\">Leggi l&#8217;articolo sull&#8217;Huffington Post<\/a><\/p>\n\n\n\n<p><a href=\"https:\/\/www.huffingtonpost.it\/autori\/maria_cristina_urbano\/#google_vignette\">Segui il blog di Maria Cristina Urbano <\/a><\/p>\n\n\n\n<p><\/p>\n","protected":false},"excerpt":{"rendered":"<p>di&nbsp;Maria Cristina Urbano Proteggere lavoratori, infrastrutture e asset aziendali, soprattutto all&#8217;estero. \u00c8 ci\u00f2 che il diritto e la prassi internazionale definiscono come&nbsp;duty of care, il dovere di protezione che ogni datore di lavoro ha nei confronti dei propri dipendenti Ogni giorno migliaia di imprese italiane operano all\u2019estero, spesso in aree del mondo segnate da instabilit\u00e0<\/p>\n","protected":false},"author":5,"featured_media":21744,"comment_status":"closed","ping_status":"closed","sticky":false,"template":"","format":"standard","meta":{"footnotes":""},"categories":[217],"tags":[341,124,1095,135,158,136,125,137],"class_list":{"0":"post-21742","1":"post","2":"type-post","3":"status-publish","4":"format-standard","5":"has-post-thumbnail","7":"category-policy","8":"tag-ministero-interno","9":"tag-sicurezza","10":"tag-sicurezza-estero","11":"tag-sicurezzaprivata","12":"tag-videosorveglianza","13":"tag-vigilanza","14":"tag-vigilanza-privata","15":"tag-vigilanzaprivata"},"yoast_head":"<!-- This site is optimized with the Yoast SEO plugin v26.0 - https:\/\/yoast.com\/wordpress\/plugins\/seo\/ -->\n<title>\u00abLe nostre imprese sono globali, ma la nostra sicurezza privata \u00e8 ancora nazionale\u00bb \u2013 Huffington Post, 21 ottobre 2025<\/title>\n<meta name=\"description\" content=\"\u00abLe nostre imprese sono globali, ma la nostra sicurezza privata \u00e8 ancora nazionale\u00bb \u2013 Huffington Post, 21 ottobre 2025\" \/>\n<meta name=\"robots\" content=\"index, follow, max-snippet:-1, max-image-preview:large, max-video-preview:-1\" \/>\n<link rel=\"canonical\" href=\"https:\/\/blog.assiv.it\/index.php\/2025\/10\/21\/le-nostre-imprese-sono-globali-ma-la-nostra-sicurezza-privata-e-ancora-nazionale-huffington-post-21-ottobre-2025\/\" \/>\n<meta property=\"og:locale\" content=\"it_IT\" \/>\n<meta property=\"og:type\" content=\"article\" \/>\n<meta property=\"og:title\" content=\"\u00abLe nostre imprese sono globali, ma la nostra sicurezza privata \u00e8 ancora nazionale\u00bb \u2013 Huffington Post, 21 ottobre 2025\" \/>\n<meta property=\"og:description\" content=\"\u00abLe nostre imprese sono globali, ma la nostra sicurezza privata \u00e8 ancora nazionale\u00bb \u2013 Huffington Post, 21 ottobre 2025\" \/>\n<meta property=\"og:url\" content=\"https:\/\/blog.assiv.it\/index.php\/2025\/10\/21\/le-nostre-imprese-sono-globali-ma-la-nostra-sicurezza-privata-e-ancora-nazionale-huffington-post-21-ottobre-2025\/\" \/>\n<meta property=\"og:site_name\" content=\"Blog.Assiv\" \/>\n<meta property=\"article:publisher\" content=\"https:\/\/www.facebook.com\/associazionevigilanza\/\" \/>\n<meta property=\"article:published_time\" content=\"2025-10-21T15:18:13+00:00\" \/>\n<meta property=\"article:modified_time\" content=\"2025-11-01T12:03:17+00:00\" \/>\n<meta property=\"og:image\" content=\"https:\/\/blog.assiv.it\/wp-content\/uploads\/2025\/10\/Mappa-globale-e-sicurezza-digitale-1024x683.png\" \/>\n\t<meta property=\"og:image:width\" content=\"1024\" \/>\n\t<meta property=\"og:image:height\" content=\"683\" \/>\n\t<meta property=\"og:image:type\" content=\"image\/png\" \/>\n<meta name=\"author\" content=\"Maria Cristina Urbano\" \/>\n<meta name=\"twitter:card\" content=\"summary_large_image\" \/>\n<meta name=\"twitter:label1\" content=\"Scritto da\" \/>\n\t<meta name=\"twitter:data1\" content=\"Maria Cristina Urbano\" \/>\n\t<meta name=\"twitter:label2\" content=\"Tempo di lettura stimato\" \/>\n\t<meta name=\"twitter:data2\" content=\"5 minuti\" \/>\n<script type=\"application\/ld+json\" class=\"yoast-schema-graph\">{\"@context\":\"https:\/\/schema.org\",\"@graph\":[{\"@type\":\"Article\",\"@id\":\"https:\/\/blog.assiv.it\/index.php\/2025\/10\/21\/le-nostre-imprese-sono-globali-ma-la-nostra-sicurezza-privata-e-ancora-nazionale-huffington-post-21-ottobre-2025\/#article\",\"isPartOf\":{\"@id\":\"https:\/\/blog.assiv.it\/index.php\/2025\/10\/21\/le-nostre-imprese-sono-globali-ma-la-nostra-sicurezza-privata-e-ancora-nazionale-huffington-post-21-ottobre-2025\/\"},\"author\":{\"name\":\"Maria Cristina Urbano\",\"@id\":\"https:\/\/blog.assiv.it\/#\/schema\/person\/7dbd004a19146daf38a1a6146e6b8314\"},\"headline\":\"\u00abLe nostre imprese sono globali, ma la nostra sicurezza privata \u00e8 ancora nazionale\u00bb \u2013 Huffington Post, 21 ottobre 2025\",\"datePublished\":\"2025-10-21T15:18:13+00:00\",\"dateModified\":\"2025-11-01T12:03:17+00:00\",\"mainEntityOfPage\":{\"@id\":\"https:\/\/blog.assiv.it\/index.php\/2025\/10\/21\/le-nostre-imprese-sono-globali-ma-la-nostra-sicurezza-privata-e-ancora-nazionale-huffington-post-21-ottobre-2025\/\"},\"wordCount\":749,\"publisher\":{\"@id\":\"https:\/\/blog.assiv.it\/#organization\"},\"image\":{\"@id\":\"https:\/\/blog.assiv.it\/index.php\/2025\/10\/21\/le-nostre-imprese-sono-globali-ma-la-nostra-sicurezza-privata-e-ancora-nazionale-huffington-post-21-ottobre-2025\/#primaryimage\"},\"thumbnailUrl\":\"https:\/\/blog.assiv.it\/wp-content\/uploads\/2025\/10\/Mappa-globale-e-sicurezza-digitale.png\",\"keywords\":[\"Ministero Interno\",\"sicurezza\",\"sicurezza estero\",\"sicurezzaprivata\",\"videosorveglianza\",\"vigilanza\",\"vigilanza privata\",\"vigilanzaprivata\"],\"articleSection\":[\"Policy\"],\"inLanguage\":\"it-IT\"},{\"@type\":\"WebPage\",\"@id\":\"https:\/\/blog.assiv.it\/index.php\/2025\/10\/21\/le-nostre-imprese-sono-globali-ma-la-nostra-sicurezza-privata-e-ancora-nazionale-huffington-post-21-ottobre-2025\/\",\"url\":\"https:\/\/blog.assiv.it\/index.php\/2025\/10\/21\/le-nostre-imprese-sono-globali-ma-la-nostra-sicurezza-privata-e-ancora-nazionale-huffington-post-21-ottobre-2025\/\",\"name\":\"\u00abLe nostre imprese sono globali, ma la nostra sicurezza privata \u00e8 ancora nazionale\u00bb \u2013 Huffington Post, 21 ottobre 2025\",\"isPartOf\":{\"@id\":\"https:\/\/blog.assiv.it\/#website\"},\"primaryImageOfPage\":{\"@id\":\"https:\/\/blog.assiv.it\/index.php\/2025\/10\/21\/le-nostre-imprese-sono-globali-ma-la-nostra-sicurezza-privata-e-ancora-nazionale-huffington-post-21-ottobre-2025\/#primaryimage\"},\"image\":{\"@id\":\"https:\/\/blog.assiv.it\/index.php\/2025\/10\/21\/le-nostre-imprese-sono-globali-ma-la-nostra-sicurezza-privata-e-ancora-nazionale-huffington-post-21-ottobre-2025\/#primaryimage\"},\"thumbnailUrl\":\"https:\/\/blog.assiv.it\/wp-content\/uploads\/2025\/10\/Mappa-globale-e-sicurezza-digitale.png\",\"datePublished\":\"2025-10-21T15:18:13+00:00\",\"dateModified\":\"2025-11-01T12:03:17+00:00\",\"description\":\"\u00abLe nostre imprese sono globali, ma la nostra sicurezza privata \u00e8 ancora nazionale\u00bb \u2013 Huffington Post, 21 ottobre 2025\",\"breadcrumb\":{\"@id\":\"https:\/\/blog.assiv.it\/index.php\/2025\/10\/21\/le-nostre-imprese-sono-globali-ma-la-nostra-sicurezza-privata-e-ancora-nazionale-huffington-post-21-ottobre-2025\/#breadcrumb\"},\"inLanguage\":\"it-IT\",\"potentialAction\":[{\"@type\":\"ReadAction\",\"target\":[\"https:\/\/blog.assiv.it\/index.php\/2025\/10\/21\/le-nostre-imprese-sono-globali-ma-la-nostra-sicurezza-privata-e-ancora-nazionale-huffington-post-21-ottobre-2025\/\"]}]},{\"@type\":\"ImageObject\",\"inLanguage\":\"it-IT\",\"@id\":\"https:\/\/blog.assiv.it\/index.php\/2025\/10\/21\/le-nostre-imprese-sono-globali-ma-la-nostra-sicurezza-privata-e-ancora-nazionale-huffington-post-21-ottobre-2025\/#primaryimage\",\"url\":\"https:\/\/blog.assiv.it\/wp-content\/uploads\/2025\/10\/Mappa-globale-e-sicurezza-digitale.png\",\"contentUrl\":\"https:\/\/blog.assiv.it\/wp-content\/uploads\/2025\/10\/Mappa-globale-e-sicurezza-digitale.png\",\"width\":1536,\"height\":1024},{\"@type\":\"BreadcrumbList\",\"@id\":\"https:\/\/blog.assiv.it\/index.php\/2025\/10\/21\/le-nostre-imprese-sono-globali-ma-la-nostra-sicurezza-privata-e-ancora-nazionale-huffington-post-21-ottobre-2025\/#breadcrumb\",\"itemListElement\":[{\"@type\":\"ListItem\",\"position\":1,\"name\":\"Home\",\"item\":\"https:\/\/blog.assiv.it\/\"},{\"@type\":\"ListItem\",\"position\":2,\"name\":\"\u00abLe nostre imprese sono globali, ma la nostra sicurezza privata \u00e8 ancora nazionale\u00bb \u2013 Huffington Post, 21 ottobre 2025\"}]},{\"@type\":\"WebSite\",\"@id\":\"https:\/\/blog.assiv.it\/#website\",\"url\":\"https:\/\/blog.assiv.it\/\",\"name\":\"Blog.Assiv\",\"description\":\"Associazione Italiana Vigilanza e Servizi di Sicurezza\",\"publisher\":{\"@id\":\"https:\/\/blog.assiv.it\/#organization\"},\"potentialAction\":[{\"@type\":\"SearchAction\",\"target\":{\"@type\":\"EntryPoint\",\"urlTemplate\":\"https:\/\/blog.assiv.it\/?s={search_term_string}\"},\"query-input\":{\"@type\":\"PropertyValueSpecification\",\"valueRequired\":true,\"valueName\":\"search_term_string\"}}],\"inLanguage\":\"it-IT\"},{\"@type\":\"Organization\",\"@id\":\"https:\/\/blog.assiv.it\/#organization\",\"name\":\"Blog.Assiv\",\"url\":\"https:\/\/blog.assiv.it\/\",\"logo\":{\"@type\":\"ImageObject\",\"inLanguage\":\"it-IT\",\"@id\":\"https:\/\/blog.assiv.it\/#\/schema\/logo\/image\/\",\"url\":\"https:\/\/blog.assiv.it\/wp-content\/uploads\/2024\/08\/blog_assiv_logg_color.png\",\"contentUrl\":\"https:\/\/blog.assiv.it\/wp-content\/uploads\/2024\/08\/blog_assiv_logg_color.png\",\"width\":400,\"height\":102,\"caption\":\"Blog.Assiv\"},\"image\":{\"@id\":\"https:\/\/blog.assiv.it\/#\/schema\/logo\/image\/\"},\"sameAs\":[\"https:\/\/www.facebook.com\/associazionevigilanza\/\",\"https:\/\/www.linkedin.com\/in\/ass-i-v-vigilanza-e-servizi-fiduciari-6923b6169\/\"]},{\"@type\":\"Person\",\"@id\":\"https:\/\/blog.assiv.it\/#\/schema\/person\/7dbd004a19146daf38a1a6146e6b8314\",\"name\":\"Maria Cristina Urbano\",\"image\":{\"@type\":\"ImageObject\",\"inLanguage\":\"it-IT\",\"@id\":\"https:\/\/blog.assiv.it\/#\/schema\/person\/image\/\",\"url\":\"https:\/\/secure.gravatar.com\/avatar\/d9a1b6d73068a28d833e93bdf94625f840498467ae923d8dfb2f2d4fa26c07b3?s=96&d=mm&r=g\",\"contentUrl\":\"https:\/\/secure.gravatar.com\/avatar\/d9a1b6d73068a28d833e93bdf94625f840498467ae923d8dfb2f2d4fa26c07b3?s=96&d=mm&r=g\",\"caption\":\"Maria Cristina Urbano\"},\"url\":\"https:\/\/blog.assiv.it\/index.php\/author\/maria-cristina-urbano\/\"}]}<\/script>\n<!-- \/ Yoast SEO plugin. -->","yoast_head_json":{"title":"\u00abLe nostre imprese sono globali, ma la nostra sicurezza privata \u00e8 ancora nazionale\u00bb \u2013 Huffington Post, 21 ottobre 2025","description":"\u00abLe nostre imprese sono globali, ma la nostra sicurezza privata \u00e8 ancora nazionale\u00bb \u2013 Huffington Post, 21 ottobre 2025","robots":{"index":"index","follow":"follow","max-snippet":"max-snippet:-1","max-image-preview":"max-image-preview:large","max-video-preview":"max-video-preview:-1"},"canonical":"https:\/\/blog.assiv.it\/index.php\/2025\/10\/21\/le-nostre-imprese-sono-globali-ma-la-nostra-sicurezza-privata-e-ancora-nazionale-huffington-post-21-ottobre-2025\/","og_locale":"it_IT","og_type":"article","og_title":"\u00abLe nostre imprese sono globali, ma la nostra sicurezza privata \u00e8 ancora nazionale\u00bb \u2013 Huffington Post, 21 ottobre 2025","og_description":"\u00abLe nostre imprese sono globali, ma la nostra sicurezza privata \u00e8 ancora nazionale\u00bb \u2013 Huffington Post, 21 ottobre 2025","og_url":"https:\/\/blog.assiv.it\/index.php\/2025\/10\/21\/le-nostre-imprese-sono-globali-ma-la-nostra-sicurezza-privata-e-ancora-nazionale-huffington-post-21-ottobre-2025\/","og_site_name":"Blog.Assiv","article_publisher":"https:\/\/www.facebook.com\/associazionevigilanza\/","article_published_time":"2025-10-21T15:18:13+00:00","article_modified_time":"2025-11-01T12:03:17+00:00","og_image":[{"width":1024,"height":683,"url":"https:\/\/blog.assiv.it\/wp-content\/uploads\/2025\/10\/Mappa-globale-e-sicurezza-digitale-1024x683.png","type":"image\/png"}],"author":"Maria Cristina Urbano","twitter_card":"summary_large_image","twitter_misc":{"Scritto da":"Maria Cristina Urbano","Tempo di lettura stimato":"5 minuti"},"schema":{"@context":"https:\/\/schema.org","@graph":[{"@type":"Article","@id":"https:\/\/blog.assiv.it\/index.php\/2025\/10\/21\/le-nostre-imprese-sono-globali-ma-la-nostra-sicurezza-privata-e-ancora-nazionale-huffington-post-21-ottobre-2025\/#article","isPartOf":{"@id":"https:\/\/blog.assiv.it\/index.php\/2025\/10\/21\/le-nostre-imprese-sono-globali-ma-la-nostra-sicurezza-privata-e-ancora-nazionale-huffington-post-21-ottobre-2025\/"},"author":{"name":"Maria Cristina Urbano","@id":"https:\/\/blog.assiv.it\/#\/schema\/person\/7dbd004a19146daf38a1a6146e6b8314"},"headline":"\u00abLe nostre imprese sono globali, ma la nostra sicurezza privata \u00e8 ancora nazionale\u00bb \u2013 Huffington Post, 21 ottobre 2025","datePublished":"2025-10-21T15:18:13+00:00","dateModified":"2025-11-01T12:03:17+00:00","mainEntityOfPage":{"@id":"https:\/\/blog.assiv.it\/index.php\/2025\/10\/21\/le-nostre-imprese-sono-globali-ma-la-nostra-sicurezza-privata-e-ancora-nazionale-huffington-post-21-ottobre-2025\/"},"wordCount":749,"publisher":{"@id":"https:\/\/blog.assiv.it\/#organization"},"image":{"@id":"https:\/\/blog.assiv.it\/index.php\/2025\/10\/21\/le-nostre-imprese-sono-globali-ma-la-nostra-sicurezza-privata-e-ancora-nazionale-huffington-post-21-ottobre-2025\/#primaryimage"},"thumbnailUrl":"https:\/\/blog.assiv.it\/wp-content\/uploads\/2025\/10\/Mappa-globale-e-sicurezza-digitale.png","keywords":["Ministero Interno","sicurezza","sicurezza estero","sicurezzaprivata","videosorveglianza","vigilanza","vigilanza privata","vigilanzaprivata"],"articleSection":["Policy"],"inLanguage":"it-IT"},{"@type":"WebPage","@id":"https:\/\/blog.assiv.it\/index.php\/2025\/10\/21\/le-nostre-imprese-sono-globali-ma-la-nostra-sicurezza-privata-e-ancora-nazionale-huffington-post-21-ottobre-2025\/","url":"https:\/\/blog.assiv.it\/index.php\/2025\/10\/21\/le-nostre-imprese-sono-globali-ma-la-nostra-sicurezza-privata-e-ancora-nazionale-huffington-post-21-ottobre-2025\/","name":"\u00abLe nostre imprese sono globali, ma la nostra sicurezza privata \u00e8 ancora nazionale\u00bb \u2013 Huffington Post, 21 ottobre 2025","isPartOf":{"@id":"https:\/\/blog.assiv.it\/#website"},"primaryImageOfPage":{"@id":"https:\/\/blog.assiv.it\/index.php\/2025\/10\/21\/le-nostre-imprese-sono-globali-ma-la-nostra-sicurezza-privata-e-ancora-nazionale-huffington-post-21-ottobre-2025\/#primaryimage"},"image":{"@id":"https:\/\/blog.assiv.it\/index.php\/2025\/10\/21\/le-nostre-imprese-sono-globali-ma-la-nostra-sicurezza-privata-e-ancora-nazionale-huffington-post-21-ottobre-2025\/#primaryimage"},"thumbnailUrl":"https:\/\/blog.assiv.it\/wp-content\/uploads\/2025\/10\/Mappa-globale-e-sicurezza-digitale.png","datePublished":"2025-10-21T15:18:13+00:00","dateModified":"2025-11-01T12:03:17+00:00","description":"\u00abLe nostre imprese sono globali, ma la nostra sicurezza privata \u00e8 ancora nazionale\u00bb \u2013 Huffington Post, 21 ottobre 2025","breadcrumb":{"@id":"https:\/\/blog.assiv.it\/index.php\/2025\/10\/21\/le-nostre-imprese-sono-globali-ma-la-nostra-sicurezza-privata-e-ancora-nazionale-huffington-post-21-ottobre-2025\/#breadcrumb"},"inLanguage":"it-IT","potentialAction":[{"@type":"ReadAction","target":["https:\/\/blog.assiv.it\/index.php\/2025\/10\/21\/le-nostre-imprese-sono-globali-ma-la-nostra-sicurezza-privata-e-ancora-nazionale-huffington-post-21-ottobre-2025\/"]}]},{"@type":"ImageObject","inLanguage":"it-IT","@id":"https:\/\/blog.assiv.it\/index.php\/2025\/10\/21\/le-nostre-imprese-sono-globali-ma-la-nostra-sicurezza-privata-e-ancora-nazionale-huffington-post-21-ottobre-2025\/#primaryimage","url":"https:\/\/blog.assiv.it\/wp-content\/uploads\/2025\/10\/Mappa-globale-e-sicurezza-digitale.png","contentUrl":"https:\/\/blog.assiv.it\/wp-content\/uploads\/2025\/10\/Mappa-globale-e-sicurezza-digitale.png","width":1536,"height":1024},{"@type":"BreadcrumbList","@id":"https:\/\/blog.assiv.it\/index.php\/2025\/10\/21\/le-nostre-imprese-sono-globali-ma-la-nostra-sicurezza-privata-e-ancora-nazionale-huffington-post-21-ottobre-2025\/#breadcrumb","itemListElement":[{"@type":"ListItem","position":1,"name":"Home","item":"https:\/\/blog.assiv.it\/"},{"@type":"ListItem","position":2,"name":"\u00abLe nostre imprese sono globali, ma la nostra sicurezza privata \u00e8 ancora nazionale\u00bb \u2013 Huffington Post, 21 ottobre 2025"}]},{"@type":"WebSite","@id":"https:\/\/blog.assiv.it\/#website","url":"https:\/\/blog.assiv.it\/","name":"Blog.Assiv","description":"Associazione Italiana Vigilanza e Servizi di Sicurezza","publisher":{"@id":"https:\/\/blog.assiv.it\/#organization"},"potentialAction":[{"@type":"SearchAction","target":{"@type":"EntryPoint","urlTemplate":"https:\/\/blog.assiv.it\/?s={search_term_string}"},"query-input":{"@type":"PropertyValueSpecification","valueRequired":true,"valueName":"search_term_string"}}],"inLanguage":"it-IT"},{"@type":"Organization","@id":"https:\/\/blog.assiv.it\/#organization","name":"Blog.Assiv","url":"https:\/\/blog.assiv.it\/","logo":{"@type":"ImageObject","inLanguage":"it-IT","@id":"https:\/\/blog.assiv.it\/#\/schema\/logo\/image\/","url":"https:\/\/blog.assiv.it\/wp-content\/uploads\/2024\/08\/blog_assiv_logg_color.png","contentUrl":"https:\/\/blog.assiv.it\/wp-content\/uploads\/2024\/08\/blog_assiv_logg_color.png","width":400,"height":102,"caption":"Blog.Assiv"},"image":{"@id":"https:\/\/blog.assiv.it\/#\/schema\/logo\/image\/"},"sameAs":["https:\/\/www.facebook.com\/associazionevigilanza\/","https:\/\/www.linkedin.com\/in\/ass-i-v-vigilanza-e-servizi-fiduciari-6923b6169\/"]},{"@type":"Person","@id":"https:\/\/blog.assiv.it\/#\/schema\/person\/7dbd004a19146daf38a1a6146e6b8314","name":"Maria Cristina Urbano","image":{"@type":"ImageObject","inLanguage":"it-IT","@id":"https:\/\/blog.assiv.it\/#\/schema\/person\/image\/","url":"https:\/\/secure.gravatar.com\/avatar\/d9a1b6d73068a28d833e93bdf94625f840498467ae923d8dfb2f2d4fa26c07b3?s=96&d=mm&r=g","contentUrl":"https:\/\/secure.gravatar.com\/avatar\/d9a1b6d73068a28d833e93bdf94625f840498467ae923d8dfb2f2d4fa26c07b3?s=96&d=mm&r=g","caption":"Maria Cristina Urbano"},"url":"https:\/\/blog.assiv.it\/index.php\/author\/maria-cristina-urbano\/"}]}},"amp_enabled":true,"_links":{"self":[{"href":"https:\/\/blog.assiv.it\/index.php\/wp-json\/wp\/v2\/posts\/21742","targetHints":{"allow":["GET"]}}],"collection":[{"href":"https:\/\/blog.assiv.it\/index.php\/wp-json\/wp\/v2\/posts"}],"about":[{"href":"https:\/\/blog.assiv.it\/index.php\/wp-json\/wp\/v2\/types\/post"}],"author":[{"embeddable":true,"href":"https:\/\/blog.assiv.it\/index.php\/wp-json\/wp\/v2\/users\/5"}],"replies":[{"embeddable":true,"href":"https:\/\/blog.assiv.it\/index.php\/wp-json\/wp\/v2\/comments?post=21742"}],"version-history":[{"count":1,"href":"https:\/\/blog.assiv.it\/index.php\/wp-json\/wp\/v2\/posts\/21742\/revisions"}],"predecessor-version":[{"id":21745,"href":"https:\/\/blog.assiv.it\/index.php\/wp-json\/wp\/v2\/posts\/21742\/revisions\/21745"}],"wp:featuredmedia":[{"embeddable":true,"href":"https:\/\/blog.assiv.it\/index.php\/wp-json\/wp\/v2\/media\/21744"}],"wp:attachment":[{"href":"https:\/\/blog.assiv.it\/index.php\/wp-json\/wp\/v2\/media?parent=21742"}],"wp:term":[{"taxonomy":"category","embeddable":true,"href":"https:\/\/blog.assiv.it\/index.php\/wp-json\/wp\/v2\/categories?post=21742"},{"taxonomy":"post_tag","embeddable":true,"href":"https:\/\/blog.assiv.it\/index.php\/wp-json\/wp\/v2\/tags?post=21742"}],"curies":[{"name":"wp","href":"https:\/\/api.w.org\/{rel}","templated":true}]}}