{"id":21859,"date":"2025-12-01T12:14:55","date_gmt":"2025-12-01T11:14:55","guid":{"rendered":"https:\/\/blog.assiv.it\/?p=21859"},"modified":"2025-12-01T12:14:58","modified_gmt":"2025-12-01T11:14:58","slug":"carpaneto-piacentino-piu-sicura-attivata-la-nuova-pattuglia-di-vigilanza-privata","status":"publish","type":"post","link":"https:\/\/blog.assiv.it\/index.php\/2025\/12\/01\/carpaneto-piacentino-piu-sicura-attivata-la-nuova-pattuglia-di-vigilanza-privata\/","title":{"rendered":"Carpaneto Piacentino pi\u00f9 sicura: attivata la nuova pattuglia di vigilanza privata"},"content":{"rendered":"\n<p>L\u2019attivazione di una pattuglia di vigilanza privata nel territorio di Carpaneto Piacentino significa che il Comune sta reagendo in modo concreto al problema della sicurezza: una presenza costante, anche in orari meno \u201ctradizionali\u201d, pu\u00f2 funzionare da deterrente contro furti, vandalismi o situazioni di degrado.<\/p>\n\n\n\n<p>In pi\u00f9, una vigilanza privata ben organizzata pu\u00f2 integrare, senza sostituire, il lavoro delle forze dell\u2019ordine: offrendo sorveglianza, rapidit\u00e0 d\u2019intervento, e un presidio del territorio pi\u00f9 capillare, soprattutto in momenti o zone dove le pattuglie pubbliche da sole non bastano.<\/p>\n\n\n\n<p>Questa iniziativa pu\u00f2 insomma dare un segnale forte, non solo di maggiore sicurezza reale, ma anche di maggiore tranquillit\u00e0 percepita.<\/p>\n\n\n\n<p>Fonte: <a href=\"https:\/\/www.piacenzasera.it\/2025\/11\/sicurezza-carpaneto-attiva-anche-la-vigilanza-privata-una-pattuglia-sul-territorio\/621846\/\">Piacenza Sera<\/a><\/p>\n","protected":false},"excerpt":{"rendered":"<p>L\u2019attivazione di una pattuglia di vigilanza privata nel territorio di Carpaneto Piacentino significa che il Comune sta reagendo in modo concreto al problema della sicurezza: una presenza costante, anche in orari meno \u201ctradizionali\u201d, pu\u00f2 funzionare da deterrente contro furti, vandalismi o situazioni di degrado. In pi\u00f9, una vigilanza privata ben organizzata pu\u00f2 integrare, senza sostituire,<\/p>\n","protected":false},"author":1,"featured_media":21860,"comment_status":"closed","ping_status":"closed","sticky":false,"template":"","format":"standard","meta":{"footnotes":""},"categories":[218],"tags":[1209,1200,1210,125],"class_list":{"0":"post-21859","1":"post","2":"type-post","3":"status-publish","4":"format-standard","5":"has-post-thumbnail","7":"category-sicurezza","8":"tag-comune","9":"tag-forze-dellordine","10":"tag-piacenza","11":"tag-vigilanza-privata"},"yoast_head":"<!-- This site is optimized with the Yoast SEO plugin v26.0 - https:\/\/yoast.com\/wordpress\/plugins\/seo\/ -->\n<title>Carpaneto Piacentino pi\u00f9 sicura: attivata la nuova pattuglia di vigilanza privata<\/title>\n<meta name=\"description\" content=\"Carpaneto Piacentino pi\u00f9 sicura: attivata la nuova pattuglia di vigilanza privata\" \/>\n<meta name=\"robots\" content=\"index, follow, max-snippet:-1, max-image-preview:large, max-video-preview:-1\" \/>\n<link rel=\"canonical\" href=\"https:\/\/blog.assiv.it\/index.php\/2025\/12\/01\/carpaneto-piacentino-piu-sicura-attivata-la-nuova-pattuglia-di-vigilanza-privata\/\" \/>\n<meta property=\"og:locale\" content=\"it_IT\" \/>\n<meta property=\"og:type\" content=\"article\" \/>\n<meta property=\"og:title\" content=\"Carpaneto Piacentino pi\u00f9 sicura: attivata la nuova pattuglia di vigilanza privata\" \/>\n<meta property=\"og:description\" content=\"Carpaneto Piacentino pi\u00f9 sicura: attivata la nuova pattuglia di vigilanza privata\" \/>\n<meta property=\"og:url\" content=\"https:\/\/blog.assiv.it\/index.php\/2025\/12\/01\/carpaneto-piacentino-piu-sicura-attivata-la-nuova-pattuglia-di-vigilanza-privata\/\" \/>\n<meta property=\"og:site_name\" content=\"Blog.Assiv\" \/>\n<meta property=\"article:publisher\" content=\"https:\/\/www.facebook.com\/associazionevigilanza\/\" \/>\n<meta property=\"article:published_time\" content=\"2025-12-01T11:14:55+00:00\" \/>\n<meta property=\"article:modified_time\" content=\"2025-12-01T11:14:58+00:00\" \/>\n<meta property=\"og:image\" content=\"https:\/\/blog.assiv.it\/wp-content\/uploads\/2025\/12\/metronotte-piacenza-184114.660x368.jpg\" \/>\n\t<meta property=\"og:image:width\" content=\"660\" \/>\n\t<meta property=\"og:image:height\" content=\"368\" \/>\n\t<meta property=\"og:image:type\" content=\"image\/jpeg\" \/>\n<meta name=\"author\" content=\"Segreteria\" \/>\n<meta name=\"twitter:card\" content=\"summary_large_image\" \/>\n<meta name=\"twitter:label1\" content=\"Scritto da\" \/>\n\t<meta name=\"twitter:data1\" content=\"Segreteria\" \/>\n\t<meta name=\"twitter:label2\" content=\"Tempo di lettura stimato\" \/>\n\t<meta name=\"twitter:data2\" content=\"1 minuto\" \/>\n<script type=\"application\/ld+json\" class=\"yoast-schema-graph\">{\"@context\":\"https:\/\/schema.org\",\"@graph\":[{\"@type\":\"Article\",\"@id\":\"https:\/\/blog.assiv.it\/index.php\/2025\/12\/01\/carpaneto-piacentino-piu-sicura-attivata-la-nuova-pattuglia-di-vigilanza-privata\/#article\",\"isPartOf\":{\"@id\":\"https:\/\/blog.assiv.it\/index.php\/2025\/12\/01\/carpaneto-piacentino-piu-sicura-attivata-la-nuova-pattuglia-di-vigilanza-privata\/\"},\"author\":{\"name\":\"Segreteria\",\"@id\":\"https:\/\/blog.assiv.it\/#\/schema\/person\/c427cf4ecce600b91f18f5661b5279ae\"},\"headline\":\"Carpaneto Piacentino pi\u00f9 sicura: attivata la nuova pattuglia di vigilanza privata\",\"datePublished\":\"2025-12-01T11:14:55+00:00\",\"dateModified\":\"2025-12-01T11:14:58+00:00\",\"mainEntityOfPage\":{\"@id\":\"https:\/\/blog.assiv.it\/index.php\/2025\/12\/01\/carpaneto-piacentino-piu-sicura-attivata-la-nuova-pattuglia-di-vigilanza-privata\/\"},\"wordCount\":121,\"publisher\":{\"@id\":\"https:\/\/blog.assiv.it\/#organization\"},\"image\":{\"@id\":\"https:\/\/blog.assiv.it\/index.php\/2025\/12\/01\/carpaneto-piacentino-piu-sicura-attivata-la-nuova-pattuglia-di-vigilanza-privata\/#primaryimage\"},\"thumbnailUrl\":\"https:\/\/blog.assiv.it\/wp-content\/uploads\/2025\/12\/metronotte-piacenza-184114.660x368.jpg\",\"keywords\":[\"Comune\",\"Forze dell\u2019Ordine\",\"Piacenza\",\"vigilanza privata\"],\"articleSection\":[\"Sicurezza\"],\"inLanguage\":\"it-IT\"},{\"@type\":\"WebPage\",\"@id\":\"https:\/\/blog.assiv.it\/index.php\/2025\/12\/01\/carpaneto-piacentino-piu-sicura-attivata-la-nuova-pattuglia-di-vigilanza-privata\/\",\"url\":\"https:\/\/blog.assiv.it\/index.php\/2025\/12\/01\/carpaneto-piacentino-piu-sicura-attivata-la-nuova-pattuglia-di-vigilanza-privata\/\",\"name\":\"Carpaneto Piacentino pi\u00f9 sicura: attivata la nuova pattuglia di vigilanza privata\",\"isPartOf\":{\"@id\":\"https:\/\/blog.assiv.it\/#website\"},\"primaryImageOfPage\":{\"@id\":\"https:\/\/blog.assiv.it\/index.php\/2025\/12\/01\/carpaneto-piacentino-piu-sicura-attivata-la-nuova-pattuglia-di-vigilanza-privata\/#primaryimage\"},\"image\":{\"@id\":\"https:\/\/blog.assiv.it\/index.php\/2025\/12\/01\/carpaneto-piacentino-piu-sicura-attivata-la-nuova-pattuglia-di-vigilanza-privata\/#primaryimage\"},\"thumbnailUrl\":\"https:\/\/blog.assiv.it\/wp-content\/uploads\/2025\/12\/metronotte-piacenza-184114.660x368.jpg\",\"datePublished\":\"2025-12-01T11:14:55+00:00\",\"dateModified\":\"2025-12-01T11:14:58+00:00\",\"description\":\"Carpaneto Piacentino pi\u00f9 sicura: attivata la nuova pattuglia di vigilanza privata\",\"breadcrumb\":{\"@id\":\"https:\/\/blog.assiv.it\/index.php\/2025\/12\/01\/carpaneto-piacentino-piu-sicura-attivata-la-nuova-pattuglia-di-vigilanza-privata\/#breadcrumb\"},\"inLanguage\":\"it-IT\",\"potentialAction\":[{\"@type\":\"ReadAction\",\"target\":[\"https:\/\/blog.assiv.it\/index.php\/2025\/12\/01\/carpaneto-piacentino-piu-sicura-attivata-la-nuova-pattuglia-di-vigilanza-privata\/\"]}]},{\"@type\":\"ImageObject\",\"inLanguage\":\"it-IT\",\"@id\":\"https:\/\/blog.assiv.it\/index.php\/2025\/12\/01\/carpaneto-piacentino-piu-sicura-attivata-la-nuova-pattuglia-di-vigilanza-privata\/#primaryimage\",\"url\":\"https:\/\/blog.assiv.it\/wp-content\/uploads\/2025\/12\/metronotte-piacenza-184114.660x368.jpg\",\"contentUrl\":\"https:\/\/blog.assiv.it\/wp-content\/uploads\/2025\/12\/metronotte-piacenza-184114.660x368.jpg\",\"width\":660,\"height\":368},{\"@type\":\"BreadcrumbList\",\"@id\":\"https:\/\/blog.assiv.it\/index.php\/2025\/12\/01\/carpaneto-piacentino-piu-sicura-attivata-la-nuova-pattuglia-di-vigilanza-privata\/#breadcrumb\",\"itemListElement\":[{\"@type\":\"ListItem\",\"position\":1,\"name\":\"Home\",\"item\":\"https:\/\/blog.assiv.it\/\"},{\"@type\":\"ListItem\",\"position\":2,\"name\":\"Carpaneto Piacentino pi\u00f9 sicura: attivata la nuova pattuglia di vigilanza privata\"}]},{\"@type\":\"WebSite\",\"@id\":\"https:\/\/blog.assiv.it\/#website\",\"url\":\"https:\/\/blog.assiv.it\/\",\"name\":\"Blog.Assiv\",\"description\":\"Associazione Italiana Vigilanza e Servizi di Sicurezza\",\"publisher\":{\"@id\":\"https:\/\/blog.assiv.it\/#organization\"},\"potentialAction\":[{\"@type\":\"SearchAction\",\"target\":{\"@type\":\"EntryPoint\",\"urlTemplate\":\"https:\/\/blog.assiv.it\/?s={search_term_string}\"},\"query-input\":{\"@type\":\"PropertyValueSpecification\",\"valueRequired\":true,\"valueName\":\"search_term_string\"}}],\"inLanguage\":\"it-IT\"},{\"@type\":\"Organization\",\"@id\":\"https:\/\/blog.assiv.it\/#organization\",\"name\":\"Blog.Assiv\",\"url\":\"https:\/\/blog.assiv.it\/\",\"logo\":{\"@type\":\"ImageObject\",\"inLanguage\":\"it-IT\",\"@id\":\"https:\/\/blog.assiv.it\/#\/schema\/logo\/image\/\",\"url\":\"https:\/\/blog.assiv.it\/wp-content\/uploads\/2024\/08\/blog_assiv_logg_color.png\",\"contentUrl\":\"https:\/\/blog.assiv.it\/wp-content\/uploads\/2024\/08\/blog_assiv_logg_color.png\",\"width\":400,\"height\":102,\"caption\":\"Blog.Assiv\"},\"image\":{\"@id\":\"https:\/\/blog.assiv.it\/#\/schema\/logo\/image\/\"},\"sameAs\":[\"https:\/\/www.facebook.com\/associazionevigilanza\/\",\"https:\/\/www.linkedin.com\/in\/ass-i-v-vigilanza-e-servizi-fiduciari-6923b6169\/\"]},{\"@type\":\"Person\",\"@id\":\"https:\/\/blog.assiv.it\/#\/schema\/person\/c427cf4ecce600b91f18f5661b5279ae\",\"name\":\"Segreteria\",\"image\":{\"@type\":\"ImageObject\",\"inLanguage\":\"it-IT\",\"@id\":\"https:\/\/blog.assiv.it\/#\/schema\/person\/image\/\",\"url\":\"https:\/\/secure.gravatar.com\/avatar\/42707b15e1ca506907427b74e26ae5487c3c144dd171737c72937a65b75d651c?s=96&d=mm&r=g\",\"contentUrl\":\"https:\/\/secure.gravatar.com\/avatar\/42707b15e1ca506907427b74e26ae5487c3c144dd171737c72937a65b75d651c?s=96&d=mm&r=g\",\"caption\":\"Segreteria\"},\"sameAs\":[\"http:\/\/taotypk.cluster023.hosting.ovh.net\"],\"url\":\"https:\/\/blog.assiv.it\/index.php\/author\/admin3238\/\"}]}<\/script>\n<!-- \/ Yoast SEO plugin. -->","yoast_head_json":{"title":"Carpaneto Piacentino pi\u00f9 sicura: attivata la nuova pattuglia di vigilanza privata","description":"Carpaneto Piacentino pi\u00f9 sicura: attivata la nuova pattuglia di vigilanza privata","robots":{"index":"index","follow":"follow","max-snippet":"max-snippet:-1","max-image-preview":"max-image-preview:large","max-video-preview":"max-video-preview:-1"},"canonical":"https:\/\/blog.assiv.it\/index.php\/2025\/12\/01\/carpaneto-piacentino-piu-sicura-attivata-la-nuova-pattuglia-di-vigilanza-privata\/","og_locale":"it_IT","og_type":"article","og_title":"Carpaneto Piacentino pi\u00f9 sicura: attivata la nuova pattuglia di vigilanza privata","og_description":"Carpaneto Piacentino pi\u00f9 sicura: attivata la nuova pattuglia di vigilanza privata","og_url":"https:\/\/blog.assiv.it\/index.php\/2025\/12\/01\/carpaneto-piacentino-piu-sicura-attivata-la-nuova-pattuglia-di-vigilanza-privata\/","og_site_name":"Blog.Assiv","article_publisher":"https:\/\/www.facebook.com\/associazionevigilanza\/","article_published_time":"2025-12-01T11:14:55+00:00","article_modified_time":"2025-12-01T11:14:58+00:00","og_image":[{"width":660,"height":368,"url":"https:\/\/blog.assiv.it\/wp-content\/uploads\/2025\/12\/metronotte-piacenza-184114.660x368.jpg","type":"image\/jpeg"}],"author":"Segreteria","twitter_card":"summary_large_image","twitter_misc":{"Scritto da":"Segreteria","Tempo di lettura stimato":"1 minuto"},"schema":{"@context":"https:\/\/schema.org","@graph":[{"@type":"Article","@id":"https:\/\/blog.assiv.it\/index.php\/2025\/12\/01\/carpaneto-piacentino-piu-sicura-attivata-la-nuova-pattuglia-di-vigilanza-privata\/#article","isPartOf":{"@id":"https:\/\/blog.assiv.it\/index.php\/2025\/12\/01\/carpaneto-piacentino-piu-sicura-attivata-la-nuova-pattuglia-di-vigilanza-privata\/"},"author":{"name":"Segreteria","@id":"https:\/\/blog.assiv.it\/#\/schema\/person\/c427cf4ecce600b91f18f5661b5279ae"},"headline":"Carpaneto Piacentino pi\u00f9 sicura: attivata la nuova pattuglia di vigilanza privata","datePublished":"2025-12-01T11:14:55+00:00","dateModified":"2025-12-01T11:14:58+00:00","mainEntityOfPage":{"@id":"https:\/\/blog.assiv.it\/index.php\/2025\/12\/01\/carpaneto-piacentino-piu-sicura-attivata-la-nuova-pattuglia-di-vigilanza-privata\/"},"wordCount":121,"publisher":{"@id":"https:\/\/blog.assiv.it\/#organization"},"image":{"@id":"https:\/\/blog.assiv.it\/index.php\/2025\/12\/01\/carpaneto-piacentino-piu-sicura-attivata-la-nuova-pattuglia-di-vigilanza-privata\/#primaryimage"},"thumbnailUrl":"https:\/\/blog.assiv.it\/wp-content\/uploads\/2025\/12\/metronotte-piacenza-184114.660x368.jpg","keywords":["Comune","Forze dell\u2019Ordine","Piacenza","vigilanza privata"],"articleSection":["Sicurezza"],"inLanguage":"it-IT"},{"@type":"WebPage","@id":"https:\/\/blog.assiv.it\/index.php\/2025\/12\/01\/carpaneto-piacentino-piu-sicura-attivata-la-nuova-pattuglia-di-vigilanza-privata\/","url":"https:\/\/blog.assiv.it\/index.php\/2025\/12\/01\/carpaneto-piacentino-piu-sicura-attivata-la-nuova-pattuglia-di-vigilanza-privata\/","name":"Carpaneto Piacentino pi\u00f9 sicura: attivata la nuova pattuglia di vigilanza privata","isPartOf":{"@id":"https:\/\/blog.assiv.it\/#website"},"primaryImageOfPage":{"@id":"https:\/\/blog.assiv.it\/index.php\/2025\/12\/01\/carpaneto-piacentino-piu-sicura-attivata-la-nuova-pattuglia-di-vigilanza-privata\/#primaryimage"},"image":{"@id":"https:\/\/blog.assiv.it\/index.php\/2025\/12\/01\/carpaneto-piacentino-piu-sicura-attivata-la-nuova-pattuglia-di-vigilanza-privata\/#primaryimage"},"thumbnailUrl":"https:\/\/blog.assiv.it\/wp-content\/uploads\/2025\/12\/metronotte-piacenza-184114.660x368.jpg","datePublished":"2025-12-01T11:14:55+00:00","dateModified":"2025-12-01T11:14:58+00:00","description":"Carpaneto Piacentino pi\u00f9 sicura: attivata la nuova pattuglia di vigilanza privata","breadcrumb":{"@id":"https:\/\/blog.assiv.it\/index.php\/2025\/12\/01\/carpaneto-piacentino-piu-sicura-attivata-la-nuova-pattuglia-di-vigilanza-privata\/#breadcrumb"},"inLanguage":"it-IT","potentialAction":[{"@type":"ReadAction","target":["https:\/\/blog.assiv.it\/index.php\/2025\/12\/01\/carpaneto-piacentino-piu-sicura-attivata-la-nuova-pattuglia-di-vigilanza-privata\/"]}]},{"@type":"ImageObject","inLanguage":"it-IT","@id":"https:\/\/blog.assiv.it\/index.php\/2025\/12\/01\/carpaneto-piacentino-piu-sicura-attivata-la-nuova-pattuglia-di-vigilanza-privata\/#primaryimage","url":"https:\/\/blog.assiv.it\/wp-content\/uploads\/2025\/12\/metronotte-piacenza-184114.660x368.jpg","contentUrl":"https:\/\/blog.assiv.it\/wp-content\/uploads\/2025\/12\/metronotte-piacenza-184114.660x368.jpg","width":660,"height":368},{"@type":"BreadcrumbList","@id":"https:\/\/blog.assiv.it\/index.php\/2025\/12\/01\/carpaneto-piacentino-piu-sicura-attivata-la-nuova-pattuglia-di-vigilanza-privata\/#breadcrumb","itemListElement":[{"@type":"ListItem","position":1,"name":"Home","item":"https:\/\/blog.assiv.it\/"},{"@type":"ListItem","position":2,"name":"Carpaneto Piacentino pi\u00f9 sicura: attivata la nuova pattuglia di vigilanza privata"}]},{"@type":"WebSite","@id":"https:\/\/blog.assiv.it\/#website","url":"https:\/\/blog.assiv.it\/","name":"Blog.Assiv","description":"Associazione Italiana Vigilanza e Servizi di Sicurezza","publisher":{"@id":"https:\/\/blog.assiv.it\/#organization"},"potentialAction":[{"@type":"SearchAction","target":{"@type":"EntryPoint","urlTemplate":"https:\/\/blog.assiv.it\/?s={search_term_string}"},"query-input":{"@type":"PropertyValueSpecification","valueRequired":true,"valueName":"search_term_string"}}],"inLanguage":"it-IT"},{"@type":"Organization","@id":"https:\/\/blog.assiv.it\/#organization","name":"Blog.Assiv","url":"https:\/\/blog.assiv.it\/","logo":{"@type":"ImageObject","inLanguage":"it-IT","@id":"https:\/\/blog.assiv.it\/#\/schema\/logo\/image\/","url":"https:\/\/blog.assiv.it\/wp-content\/uploads\/2024\/08\/blog_assiv_logg_color.png","contentUrl":"https:\/\/blog.assiv.it\/wp-content\/uploads\/2024\/08\/blog_assiv_logg_color.png","width":400,"height":102,"caption":"Blog.Assiv"},"image":{"@id":"https:\/\/blog.assiv.it\/#\/schema\/logo\/image\/"},"sameAs":["https:\/\/www.facebook.com\/associazionevigilanza\/","https:\/\/www.linkedin.com\/in\/ass-i-v-vigilanza-e-servizi-fiduciari-6923b6169\/"]},{"@type":"Person","@id":"https:\/\/blog.assiv.it\/#\/schema\/person\/c427cf4ecce600b91f18f5661b5279ae","name":"Segreteria","image":{"@type":"ImageObject","inLanguage":"it-IT","@id":"https:\/\/blog.assiv.it\/#\/schema\/person\/image\/","url":"https:\/\/secure.gravatar.com\/avatar\/42707b15e1ca506907427b74e26ae5487c3c144dd171737c72937a65b75d651c?s=96&d=mm&r=g","contentUrl":"https:\/\/secure.gravatar.com\/avatar\/42707b15e1ca506907427b74e26ae5487c3c144dd171737c72937a65b75d651c?s=96&d=mm&r=g","caption":"Segreteria"},"sameAs":["http:\/\/taotypk.cluster023.hosting.ovh.net"],"url":"https:\/\/blog.assiv.it\/index.php\/author\/admin3238\/"}]}},"amp_enabled":true,"_links":{"self":[{"href":"https:\/\/blog.assiv.it\/index.php\/wp-json\/wp\/v2\/posts\/21859","targetHints":{"allow":["GET"]}}],"collection":[{"href":"https:\/\/blog.assiv.it\/index.php\/wp-json\/wp\/v2\/posts"}],"about":[{"href":"https:\/\/blog.assiv.it\/index.php\/wp-json\/wp\/v2\/types\/post"}],"author":[{"embeddable":true,"href":"https:\/\/blog.assiv.it\/index.php\/wp-json\/wp\/v2\/users\/1"}],"replies":[{"embeddable":true,"href":"https:\/\/blog.assiv.it\/index.php\/wp-json\/wp\/v2\/comments?post=21859"}],"version-history":[{"count":1,"href":"https:\/\/blog.assiv.it\/index.php\/wp-json\/wp\/v2\/posts\/21859\/revisions"}],"predecessor-version":[{"id":21862,"href":"https:\/\/blog.assiv.it\/index.php\/wp-json\/wp\/v2\/posts\/21859\/revisions\/21862"}],"wp:featuredmedia":[{"embeddable":true,"href":"https:\/\/blog.assiv.it\/index.php\/wp-json\/wp\/v2\/media\/21860"}],"wp:attachment":[{"href":"https:\/\/blog.assiv.it\/index.php\/wp-json\/wp\/v2\/media?parent=21859"}],"wp:term":[{"taxonomy":"category","embeddable":true,"href":"https:\/\/blog.assiv.it\/index.php\/wp-json\/wp\/v2\/categories?post=21859"},{"taxonomy":"post_tag","embeddable":true,"href":"https:\/\/blog.assiv.it\/index.php\/wp-json\/wp\/v2\/tags?post=21859"}],"curies":[{"name":"wp","href":"https:\/\/api.w.org\/{rel}","templated":true}]}}