{"id":21864,"date":"2025-12-03T13:02:50","date_gmt":"2025-12-03T12:02:50","guid":{"rendered":"https:\/\/blog.assiv.it\/?p=21864"},"modified":"2025-12-03T13:03:37","modified_gmt":"2025-12-03T12:03:37","slug":"lesercito-silenzioso-delle-guardie-particolari-giurate-huffington-post","status":"publish","type":"post","link":"https:\/\/blog.assiv.it\/index.php\/2025\/12\/03\/lesercito-silenzioso-delle-guardie-particolari-giurate-huffington-post\/","title":{"rendered":"L&#8217;esercito silenzioso delle guardie particolari giurate (Huffington Post)"},"content":{"rendered":"\n<p>Quando si parla di sicurezza, il pensiero corre subito alle forze dell\u2019ordine. Ma in Italia esiste anche un altro presidio, meno visibile ma fondamentale: un \u201cesercito silenzioso\u201d di uomini e donne in divisa che ogni giorno, spesso nel buio della notte o nei momenti in cui gli altri riposano, vigila su beni, luoghi e infrastrutture del Paese. Sono le Guardie Particolari Giurate.<\/p>\n\n\n\n<p>Autorizzate dallo Stato tramite decreto prefettizio, le GPG svolgono compiti di vigilanza armata e protezione dei beni, pubblici e privati. Non hanno il compito di tutelare direttamente l\u2019incolumit\u00e0 delle persone &#8211; prerogativa delle forze di polizia &#8211; ma svolgono un ruolo decisivo nella prevenzione e nella deterrenza contro furti, danneggiamenti e reati contro il patrimonio. Ma certo non si pu\u00f2 affermare che nel proteggere tanti luoghi e infrastrutture pubbliche non svolgano indirettamente anche un ruolo a tutela delle tante persone che ne fruiscono quotidianamente.<\/p>\n\n\n\n<p>La loro professionalit\u00e0 nasce da una formazione rigorosa e da un aggiornamento continuo, che consente alle guardie giurate di essere un presidio solido e affidabile per aziende, istituzioni, infrastrutture critiche, grandi complessi e luoghi affollati. Una presenza costante, spesso in orari e situazioni in cui la presenza delle Forze dell&#8217;Ordine diviene meno capillare, contribuendo in tal modo a rafforzare nei cittadini una maggiore percezione di sicurezza.<\/p>\n\n\n\n<p>In un momento in cui la sicurezza, anche nella sua dimensione strategica e nazionale, \u00e8 tornata un tema centrale, domandarsi come valorizzare questo patrimonio professionale non \u00e8 affatto fuori luogo e tantomeno fuori tempo. Le GPG lavorano l\u00e0 dove servono continuit\u00e0, attenzione e prontezza: sorvegliano siti sensibili, proteggono patrimoni culturali ed economici, supportano &#8211; di fatto &#8211; la rete della sicurezza pubblica liberando risorse delle forze dell\u2019ordine per compiti pi\u00f9 propriamente istituzionali e delicati, in alcun modo demandabili agli operatori privati.<\/p>\n\n\n\n<p>Non sono dipendenti dello Stato, ma professionisti della vigilanza privata, eppure ricoprono responsabilit\u00e0 importanti come \u201cincaricati di pubblico servizio\u201d e, in alcuni casi, come \u201cagenti ausiliari di pubblica sicurezza\u201d. Nel momento del bisogno &#8211; durante emergenze, crisi, situazioni eccezionali &#8211; potrebbero diventare un vero moltiplicatore della capacit\u00e0 di protezione del Paese. Ricordiamo, sembra oramai passato un secolo, il ruolo fondamentale che svolsero nel garantire i servizi essenziali ai cittadini nel corso di quella emergenza nazionale e mondiale che fu la pandemia da Covid-19, sempre esposti in prima linea.<\/p>\n\n\n\n<p>Per questo \u00e8 giusto riconoscerne il ruolo. Non come \u201cvigilanti di serie B\u201d, ma come una componente reale, concreta e ormai indispensabile della sicurezza quotidiana. La, per certi versi romantica, immagine della guardia giurata che in bicicletta percorre di notte le strade cittadine \u00e8 da tempo sostituita da professionisti che operano con le pi\u00f9 avanzate tecnologie, supportati da centrali operative che nulla hanno da invidiare a quelle delle Forze dell&#8217;Ordine.<\/p>\n\n\n\n<p>E sarebbe un imperdonabile spreco di risorse professionali non valorizzare adeguatamente il settore, proprio mentre il governo &#8211; come ricordato di recente dal ministro Crosetto &#8211; punta a rafforzare la sicurezza del Paese anche sul fronte cyber. La protezione del digitale, infatti, non passa soltanto dai computer: richiede anche difesa fisica di data center, server, infrastrutture della PA, nodi di rete e cloud pubblici. Le GPG, se adeguatamente formate e certificate, potrebbero diventare un tassello essenziale di questa catena, garantendo continuit\u00e0 e protezione 24 ore su 24.<\/p>\n\n\n\n<p>Il punto \u00e8 semplice: le guardie particolari giurate non sostituiscono lo Stato. Lo affiancano. Lo rendono pi\u00f9 forte. Sono gi\u00e0 operative, gi\u00e0 formate, gi\u00e0 radicate sul territorio. Valorizzarle significa aumentare, da subito, la resilienza del \u201csistema Paese\u201d senza creare nuove strutture o moltiplicare costi.<\/p>\n\n\n\n<p>E soprattutto significa riconoscere il lavoro di chi, ogni giorno, \u00e8 pronto a fare la propria parte ancora una volta.<\/p>\n","protected":false},"excerpt":{"rendered":"<p>Quando si parla di sicurezza, il pensiero corre subito alle forze dell\u2019ordine. Ma in Italia esiste anche un altro presidio, meno visibile ma fondamentale: un \u201cesercito silenzioso\u201d di uomini e donne in divisa che ogni giorno, spesso nel buio della notte o nei momenti in cui gli altri riposano, vigila su beni, luoghi e infrastrutture<\/p>\n","protected":false},"author":5,"featured_media":21866,"comment_status":"closed","ping_status":"closed","sticky":false,"template":"","format":"standard","meta":{"footnotes":""},"categories":[217],"tags":[159,906,1214,1213,108,1215,1212,341,124,111,125],"class_list":{"0":"post-21864","1":"post","2":"type-post","3":"status-publish","4":"format-standard","5":"has-post-thumbnail","7":"category-policy","8":"tag-assiv","9":"tag-blog-assiv","10":"tag-difesa","11":"tag-esercito","12":"tag-guardie-giurate","13":"tag-ministero-della-difessa","14":"tag-ministero-difesa","15":"tag-ministero-interno","16":"tag-sicurezza","17":"tag-sicurezza-privata","18":"tag-vigilanza-privata"},"yoast_head":"<!-- This site is optimized with the Yoast SEO plugin v26.0 - https:\/\/yoast.com\/wordpress\/plugins\/seo\/ -->\n<title>L&#039;esercito silenzioso delle guardie particolari giurate (Huffington Post) - Blog.Assiv<\/title>\n<meta name=\"description\" content=\"L&#039;esercito silenzioso delle guardie particolari giurate (Huffington Post)\" \/>\n<meta name=\"robots\" content=\"index, follow, max-snippet:-1, max-image-preview:large, max-video-preview:-1\" \/>\n<link rel=\"canonical\" href=\"https:\/\/blog.assiv.it\/index.php\/2025\/12\/03\/lesercito-silenzioso-delle-guardie-particolari-giurate-huffington-post\/\" \/>\n<meta property=\"og:locale\" content=\"it_IT\" \/>\n<meta property=\"og:type\" content=\"article\" \/>\n<meta property=\"og:title\" content=\"L&#039;esercito silenzioso delle guardie particolari giurate (Huffington Post) - Blog.Assiv\" \/>\n<meta property=\"og:description\" content=\"L&#039;esercito silenzioso delle guardie particolari giurate (Huffington Post)\" \/>\n<meta property=\"og:url\" content=\"https:\/\/blog.assiv.it\/index.php\/2025\/12\/03\/lesercito-silenzioso-delle-guardie-particolari-giurate-huffington-post\/\" \/>\n<meta property=\"og:site_name\" content=\"Blog.Assiv\" \/>\n<meta property=\"article:publisher\" content=\"https:\/\/www.facebook.com\/associazionevigilanza\/\" \/>\n<meta property=\"article:published_time\" content=\"2025-12-03T12:02:50+00:00\" \/>\n<meta property=\"article:modified_time\" content=\"2025-12-03T12:03:37+00:00\" \/>\n<meta property=\"og:image\" content=\"https:\/\/blog.assiv.it\/wp-content\/uploads\/2025\/12\/081545008-4028be8d-246d-4b1c-9cf4-c48d32ad2101.webp\" \/>\n\t<meta property=\"og:image:width\" content=\"800\" \/>\n\t<meta property=\"og:image:height\" content=\"450\" \/>\n\t<meta property=\"og:image:type\" content=\"image\/webp\" \/>\n<meta name=\"author\" content=\"Maria Cristina Urbano\" \/>\n<meta name=\"twitter:card\" content=\"summary_large_image\" \/>\n<meta name=\"twitter:label1\" content=\"Scritto da\" \/>\n\t<meta name=\"twitter:data1\" content=\"Maria Cristina Urbano\" \/>\n\t<meta name=\"twitter:label2\" content=\"Tempo di lettura stimato\" \/>\n\t<meta name=\"twitter:data2\" content=\"4 minuti\" \/>\n<script type=\"application\/ld+json\" class=\"yoast-schema-graph\">{\"@context\":\"https:\/\/schema.org\",\"@graph\":[{\"@type\":\"Article\",\"@id\":\"https:\/\/blog.assiv.it\/index.php\/2025\/12\/03\/lesercito-silenzioso-delle-guardie-particolari-giurate-huffington-post\/#article\",\"isPartOf\":{\"@id\":\"https:\/\/blog.assiv.it\/index.php\/2025\/12\/03\/lesercito-silenzioso-delle-guardie-particolari-giurate-huffington-post\/\"},\"author\":{\"name\":\"Maria Cristina Urbano\",\"@id\":\"https:\/\/blog.assiv.it\/#\/schema\/person\/7dbd004a19146daf38a1a6146e6b8314\"},\"headline\":\"L&#8217;esercito silenzioso delle guardie particolari giurate (Huffington Post)\",\"datePublished\":\"2025-12-03T12:02:50+00:00\",\"dateModified\":\"2025-12-03T12:03:37+00:00\",\"mainEntityOfPage\":{\"@id\":\"https:\/\/blog.assiv.it\/index.php\/2025\/12\/03\/lesercito-silenzioso-delle-guardie-particolari-giurate-huffington-post\/\"},\"wordCount\":605,\"publisher\":{\"@id\":\"https:\/\/blog.assiv.it\/#organization\"},\"image\":{\"@id\":\"https:\/\/blog.assiv.it\/index.php\/2025\/12\/03\/lesercito-silenzioso-delle-guardie-particolari-giurate-huffington-post\/#primaryimage\"},\"thumbnailUrl\":\"https:\/\/blog.assiv.it\/wp-content\/uploads\/2025\/12\/081545008-4028be8d-246d-4b1c-9cf4-c48d32ad2101.webp\",\"keywords\":[\"ASSIV\",\"Blog ASSIV\",\"Difesa\",\"Esercito\",\"guardie giurate\",\"Ministero della Difessa\",\"Ministero Difesa\",\"Ministero Interno\",\"sicurezza\",\"Sicurezza privata\",\"vigilanza privata\"],\"articleSection\":[\"Policy\"],\"inLanguage\":\"it-IT\"},{\"@type\":\"WebPage\",\"@id\":\"https:\/\/blog.assiv.it\/index.php\/2025\/12\/03\/lesercito-silenzioso-delle-guardie-particolari-giurate-huffington-post\/\",\"url\":\"https:\/\/blog.assiv.it\/index.php\/2025\/12\/03\/lesercito-silenzioso-delle-guardie-particolari-giurate-huffington-post\/\",\"name\":\"L'esercito silenzioso delle guardie particolari giurate (Huffington Post) - Blog.Assiv\",\"isPartOf\":{\"@id\":\"https:\/\/blog.assiv.it\/#website\"},\"primaryImageOfPage\":{\"@id\":\"https:\/\/blog.assiv.it\/index.php\/2025\/12\/03\/lesercito-silenzioso-delle-guardie-particolari-giurate-huffington-post\/#primaryimage\"},\"image\":{\"@id\":\"https:\/\/blog.assiv.it\/index.php\/2025\/12\/03\/lesercito-silenzioso-delle-guardie-particolari-giurate-huffington-post\/#primaryimage\"},\"thumbnailUrl\":\"https:\/\/blog.assiv.it\/wp-content\/uploads\/2025\/12\/081545008-4028be8d-246d-4b1c-9cf4-c48d32ad2101.webp\",\"datePublished\":\"2025-12-03T12:02:50+00:00\",\"dateModified\":\"2025-12-03T12:03:37+00:00\",\"description\":\"L'esercito silenzioso delle guardie particolari giurate (Huffington Post)\",\"breadcrumb\":{\"@id\":\"https:\/\/blog.assiv.it\/index.php\/2025\/12\/03\/lesercito-silenzioso-delle-guardie-particolari-giurate-huffington-post\/#breadcrumb\"},\"inLanguage\":\"it-IT\",\"potentialAction\":[{\"@type\":\"ReadAction\",\"target\":[\"https:\/\/blog.assiv.it\/index.php\/2025\/12\/03\/lesercito-silenzioso-delle-guardie-particolari-giurate-huffington-post\/\"]}]},{\"@type\":\"ImageObject\",\"inLanguage\":\"it-IT\",\"@id\":\"https:\/\/blog.assiv.it\/index.php\/2025\/12\/03\/lesercito-silenzioso-delle-guardie-particolari-giurate-huffington-post\/#primaryimage\",\"url\":\"https:\/\/blog.assiv.it\/wp-content\/uploads\/2025\/12\/081545008-4028be8d-246d-4b1c-9cf4-c48d32ad2101.webp\",\"contentUrl\":\"https:\/\/blog.assiv.it\/wp-content\/uploads\/2025\/12\/081545008-4028be8d-246d-4b1c-9cf4-c48d32ad2101.webp\",\"width\":800,\"height\":450},{\"@type\":\"BreadcrumbList\",\"@id\":\"https:\/\/blog.assiv.it\/index.php\/2025\/12\/03\/lesercito-silenzioso-delle-guardie-particolari-giurate-huffington-post\/#breadcrumb\",\"itemListElement\":[{\"@type\":\"ListItem\",\"position\":1,\"name\":\"Home\",\"item\":\"https:\/\/blog.assiv.it\/\"},{\"@type\":\"ListItem\",\"position\":2,\"name\":\"L&#8217;esercito silenzioso delle guardie particolari giurate (Huffington Post)\"}]},{\"@type\":\"WebSite\",\"@id\":\"https:\/\/blog.assiv.it\/#website\",\"url\":\"https:\/\/blog.assiv.it\/\",\"name\":\"Blog.Assiv\",\"description\":\"Associazione Italiana Vigilanza e Servizi di Sicurezza\",\"publisher\":{\"@id\":\"https:\/\/blog.assiv.it\/#organization\"},\"potentialAction\":[{\"@type\":\"SearchAction\",\"target\":{\"@type\":\"EntryPoint\",\"urlTemplate\":\"https:\/\/blog.assiv.it\/?s={search_term_string}\"},\"query-input\":{\"@type\":\"PropertyValueSpecification\",\"valueRequired\":true,\"valueName\":\"search_term_string\"}}],\"inLanguage\":\"it-IT\"},{\"@type\":\"Organization\",\"@id\":\"https:\/\/blog.assiv.it\/#organization\",\"name\":\"Blog.Assiv\",\"url\":\"https:\/\/blog.assiv.it\/\",\"logo\":{\"@type\":\"ImageObject\",\"inLanguage\":\"it-IT\",\"@id\":\"https:\/\/blog.assiv.it\/#\/schema\/logo\/image\/\",\"url\":\"https:\/\/blog.assiv.it\/wp-content\/uploads\/2024\/08\/blog_assiv_logg_color.png\",\"contentUrl\":\"https:\/\/blog.assiv.it\/wp-content\/uploads\/2024\/08\/blog_assiv_logg_color.png\",\"width\":400,\"height\":102,\"caption\":\"Blog.Assiv\"},\"image\":{\"@id\":\"https:\/\/blog.assiv.it\/#\/schema\/logo\/image\/\"},\"sameAs\":[\"https:\/\/www.facebook.com\/associazionevigilanza\/\",\"https:\/\/www.linkedin.com\/in\/ass-i-v-vigilanza-e-servizi-fiduciari-6923b6169\/\"]},{\"@type\":\"Person\",\"@id\":\"https:\/\/blog.assiv.it\/#\/schema\/person\/7dbd004a19146daf38a1a6146e6b8314\",\"name\":\"Maria Cristina Urbano\",\"image\":{\"@type\":\"ImageObject\",\"inLanguage\":\"it-IT\",\"@id\":\"https:\/\/blog.assiv.it\/#\/schema\/person\/image\/\",\"url\":\"https:\/\/secure.gravatar.com\/avatar\/d9a1b6d73068a28d833e93bdf94625f840498467ae923d8dfb2f2d4fa26c07b3?s=96&d=mm&r=g\",\"contentUrl\":\"https:\/\/secure.gravatar.com\/avatar\/d9a1b6d73068a28d833e93bdf94625f840498467ae923d8dfb2f2d4fa26c07b3?s=96&d=mm&r=g\",\"caption\":\"Maria Cristina Urbano\"},\"url\":\"https:\/\/blog.assiv.it\/index.php\/author\/maria-cristina-urbano\/\"}]}<\/script>\n<!-- \/ Yoast SEO plugin. -->","yoast_head_json":{"title":"L'esercito silenzioso delle guardie particolari giurate (Huffington Post) - Blog.Assiv","description":"L'esercito silenzioso delle guardie particolari giurate (Huffington Post)","robots":{"index":"index","follow":"follow","max-snippet":"max-snippet:-1","max-image-preview":"max-image-preview:large","max-video-preview":"max-video-preview:-1"},"canonical":"https:\/\/blog.assiv.it\/index.php\/2025\/12\/03\/lesercito-silenzioso-delle-guardie-particolari-giurate-huffington-post\/","og_locale":"it_IT","og_type":"article","og_title":"L'esercito silenzioso delle guardie particolari giurate (Huffington Post) - Blog.Assiv","og_description":"L'esercito silenzioso delle guardie particolari giurate (Huffington Post)","og_url":"https:\/\/blog.assiv.it\/index.php\/2025\/12\/03\/lesercito-silenzioso-delle-guardie-particolari-giurate-huffington-post\/","og_site_name":"Blog.Assiv","article_publisher":"https:\/\/www.facebook.com\/associazionevigilanza\/","article_published_time":"2025-12-03T12:02:50+00:00","article_modified_time":"2025-12-03T12:03:37+00:00","og_image":[{"width":800,"height":450,"url":"https:\/\/blog.assiv.it\/wp-content\/uploads\/2025\/12\/081545008-4028be8d-246d-4b1c-9cf4-c48d32ad2101.webp","type":"image\/webp"}],"author":"Maria Cristina Urbano","twitter_card":"summary_large_image","twitter_misc":{"Scritto da":"Maria Cristina Urbano","Tempo di lettura stimato":"4 minuti"},"schema":{"@context":"https:\/\/schema.org","@graph":[{"@type":"Article","@id":"https:\/\/blog.assiv.it\/index.php\/2025\/12\/03\/lesercito-silenzioso-delle-guardie-particolari-giurate-huffington-post\/#article","isPartOf":{"@id":"https:\/\/blog.assiv.it\/index.php\/2025\/12\/03\/lesercito-silenzioso-delle-guardie-particolari-giurate-huffington-post\/"},"author":{"name":"Maria Cristina Urbano","@id":"https:\/\/blog.assiv.it\/#\/schema\/person\/7dbd004a19146daf38a1a6146e6b8314"},"headline":"L&#8217;esercito silenzioso delle guardie particolari giurate (Huffington Post)","datePublished":"2025-12-03T12:02:50+00:00","dateModified":"2025-12-03T12:03:37+00:00","mainEntityOfPage":{"@id":"https:\/\/blog.assiv.it\/index.php\/2025\/12\/03\/lesercito-silenzioso-delle-guardie-particolari-giurate-huffington-post\/"},"wordCount":605,"publisher":{"@id":"https:\/\/blog.assiv.it\/#organization"},"image":{"@id":"https:\/\/blog.assiv.it\/index.php\/2025\/12\/03\/lesercito-silenzioso-delle-guardie-particolari-giurate-huffington-post\/#primaryimage"},"thumbnailUrl":"https:\/\/blog.assiv.it\/wp-content\/uploads\/2025\/12\/081545008-4028be8d-246d-4b1c-9cf4-c48d32ad2101.webp","keywords":["ASSIV","Blog ASSIV","Difesa","Esercito","guardie giurate","Ministero della Difessa","Ministero Difesa","Ministero Interno","sicurezza","Sicurezza privata","vigilanza privata"],"articleSection":["Policy"],"inLanguage":"it-IT"},{"@type":"WebPage","@id":"https:\/\/blog.assiv.it\/index.php\/2025\/12\/03\/lesercito-silenzioso-delle-guardie-particolari-giurate-huffington-post\/","url":"https:\/\/blog.assiv.it\/index.php\/2025\/12\/03\/lesercito-silenzioso-delle-guardie-particolari-giurate-huffington-post\/","name":"L'esercito silenzioso delle guardie particolari giurate (Huffington Post) - Blog.Assiv","isPartOf":{"@id":"https:\/\/blog.assiv.it\/#website"},"primaryImageOfPage":{"@id":"https:\/\/blog.assiv.it\/index.php\/2025\/12\/03\/lesercito-silenzioso-delle-guardie-particolari-giurate-huffington-post\/#primaryimage"},"image":{"@id":"https:\/\/blog.assiv.it\/index.php\/2025\/12\/03\/lesercito-silenzioso-delle-guardie-particolari-giurate-huffington-post\/#primaryimage"},"thumbnailUrl":"https:\/\/blog.assiv.it\/wp-content\/uploads\/2025\/12\/081545008-4028be8d-246d-4b1c-9cf4-c48d32ad2101.webp","datePublished":"2025-12-03T12:02:50+00:00","dateModified":"2025-12-03T12:03:37+00:00","description":"L'esercito silenzioso delle guardie particolari giurate (Huffington Post)","breadcrumb":{"@id":"https:\/\/blog.assiv.it\/index.php\/2025\/12\/03\/lesercito-silenzioso-delle-guardie-particolari-giurate-huffington-post\/#breadcrumb"},"inLanguage":"it-IT","potentialAction":[{"@type":"ReadAction","target":["https:\/\/blog.assiv.it\/index.php\/2025\/12\/03\/lesercito-silenzioso-delle-guardie-particolari-giurate-huffington-post\/"]}]},{"@type":"ImageObject","inLanguage":"it-IT","@id":"https:\/\/blog.assiv.it\/index.php\/2025\/12\/03\/lesercito-silenzioso-delle-guardie-particolari-giurate-huffington-post\/#primaryimage","url":"https:\/\/blog.assiv.it\/wp-content\/uploads\/2025\/12\/081545008-4028be8d-246d-4b1c-9cf4-c48d32ad2101.webp","contentUrl":"https:\/\/blog.assiv.it\/wp-content\/uploads\/2025\/12\/081545008-4028be8d-246d-4b1c-9cf4-c48d32ad2101.webp","width":800,"height":450},{"@type":"BreadcrumbList","@id":"https:\/\/blog.assiv.it\/index.php\/2025\/12\/03\/lesercito-silenzioso-delle-guardie-particolari-giurate-huffington-post\/#breadcrumb","itemListElement":[{"@type":"ListItem","position":1,"name":"Home","item":"https:\/\/blog.assiv.it\/"},{"@type":"ListItem","position":2,"name":"L&#8217;esercito silenzioso delle guardie particolari giurate (Huffington Post)"}]},{"@type":"WebSite","@id":"https:\/\/blog.assiv.it\/#website","url":"https:\/\/blog.assiv.it\/","name":"Blog.Assiv","description":"Associazione Italiana Vigilanza e Servizi di Sicurezza","publisher":{"@id":"https:\/\/blog.assiv.it\/#organization"},"potentialAction":[{"@type":"SearchAction","target":{"@type":"EntryPoint","urlTemplate":"https:\/\/blog.assiv.it\/?s={search_term_string}"},"query-input":{"@type":"PropertyValueSpecification","valueRequired":true,"valueName":"search_term_string"}}],"inLanguage":"it-IT"},{"@type":"Organization","@id":"https:\/\/blog.assiv.it\/#organization","name":"Blog.Assiv","url":"https:\/\/blog.assiv.it\/","logo":{"@type":"ImageObject","inLanguage":"it-IT","@id":"https:\/\/blog.assiv.it\/#\/schema\/logo\/image\/","url":"https:\/\/blog.assiv.it\/wp-content\/uploads\/2024\/08\/blog_assiv_logg_color.png","contentUrl":"https:\/\/blog.assiv.it\/wp-content\/uploads\/2024\/08\/blog_assiv_logg_color.png","width":400,"height":102,"caption":"Blog.Assiv"},"image":{"@id":"https:\/\/blog.assiv.it\/#\/schema\/logo\/image\/"},"sameAs":["https:\/\/www.facebook.com\/associazionevigilanza\/","https:\/\/www.linkedin.com\/in\/ass-i-v-vigilanza-e-servizi-fiduciari-6923b6169\/"]},{"@type":"Person","@id":"https:\/\/blog.assiv.it\/#\/schema\/person\/7dbd004a19146daf38a1a6146e6b8314","name":"Maria Cristina Urbano","image":{"@type":"ImageObject","inLanguage":"it-IT","@id":"https:\/\/blog.assiv.it\/#\/schema\/person\/image\/","url":"https:\/\/secure.gravatar.com\/avatar\/d9a1b6d73068a28d833e93bdf94625f840498467ae923d8dfb2f2d4fa26c07b3?s=96&d=mm&r=g","contentUrl":"https:\/\/secure.gravatar.com\/avatar\/d9a1b6d73068a28d833e93bdf94625f840498467ae923d8dfb2f2d4fa26c07b3?s=96&d=mm&r=g","caption":"Maria Cristina Urbano"},"url":"https:\/\/blog.assiv.it\/index.php\/author\/maria-cristina-urbano\/"}]}},"amp_enabled":true,"_links":{"self":[{"href":"https:\/\/blog.assiv.it\/index.php\/wp-json\/wp\/v2\/posts\/21864","targetHints":{"allow":["GET"]}}],"collection":[{"href":"https:\/\/blog.assiv.it\/index.php\/wp-json\/wp\/v2\/posts"}],"about":[{"href":"https:\/\/blog.assiv.it\/index.php\/wp-json\/wp\/v2\/types\/post"}],"author":[{"embeddable":true,"href":"https:\/\/blog.assiv.it\/index.php\/wp-json\/wp\/v2\/users\/5"}],"replies":[{"embeddable":true,"href":"https:\/\/blog.assiv.it\/index.php\/wp-json\/wp\/v2\/comments?post=21864"}],"version-history":[{"count":1,"href":"https:\/\/blog.assiv.it\/index.php\/wp-json\/wp\/v2\/posts\/21864\/revisions"}],"predecessor-version":[{"id":21867,"href":"https:\/\/blog.assiv.it\/index.php\/wp-json\/wp\/v2\/posts\/21864\/revisions\/21867"}],"wp:featuredmedia":[{"embeddable":true,"href":"https:\/\/blog.assiv.it\/index.php\/wp-json\/wp\/v2\/media\/21866"}],"wp:attachment":[{"href":"https:\/\/blog.assiv.it\/index.php\/wp-json\/wp\/v2\/media?parent=21864"}],"wp:term":[{"taxonomy":"category","embeddable":true,"href":"https:\/\/blog.assiv.it\/index.php\/wp-json\/wp\/v2\/categories?post=21864"},{"taxonomy":"post_tag","embeddable":true,"href":"https:\/\/blog.assiv.it\/index.php\/wp-json\/wp\/v2\/tags?post=21864"}],"curies":[{"name":"wp","href":"https:\/\/api.w.org\/{rel}","templated":true}]}}