{"id":21882,"date":"2025-12-04T17:02:57","date_gmt":"2025-12-04T16:02:57","guid":{"rendered":"https:\/\/blog.assiv.it\/?p=21882"},"modified":"2025-12-05T15:16:19","modified_gmt":"2025-12-05T14:16:19","slug":"la-sicurezza-come-principio-generativo","status":"publish","type":"post","link":"https:\/\/blog.assiv.it\/index.php\/2025\/12\/04\/la-sicurezza-come-principio-generativo\/","title":{"rendered":"La sicurezza come principio generativo"},"content":{"rendered":"\n<p>di&nbsp;<a href=\"https:\/\/www.snewsonline.com\/author\/maria-cristina-urbano\/\">Maria Cristina Urbano<\/a>&nbsp;&#8211;&nbsp;4 Dicembre 2025<\/p>\n\n\n\n<figure class=\"wp-block-image\"><img decoding=\"async\" src=\"https:\/\/www.snewsonline.com\/wp-content\/uploads\/2025\/12\/Focus-ASSIV-dovere-di-protezione.jpg\" alt=\"Focus ASSIV - dovere di protezione\" title=\"Focus ASSIV \u2013 dovere di protezione\"\/><\/figure>\n\n\n\n<p>Il 20 ottobre, alla&nbsp;<strong>Camera dei Deputati<\/strong>, si \u00e8 tornato a parlare di&nbsp;<strong>dovere di protezione<\/strong>, un principio che, nella societ\u00e0 globale di oggi, non riguarda pi\u00f9 soltanto le istituzioni pubbliche, ma coinvolge direttamente anche le imprese, le organizzazioni e i professionisti che operano nel mondo.<\/p>\n\n\n\n<p>L\u2019occasione \u00e8 stata il convegno \u201c<strong><a href=\"https:\/\/www.snewsonline.com\/integrare-safety-security-processi-aziendali-legislazione-contrattazione-il-dovere-di-protezione-camera-dei-deputati\/\">Il Dovere di Protezione. Safety e Security: la tutela di lavoratori e aziende nei contesti di crisi<\/a><\/strong>\u201d, nel corso del quale ho voluto condividere alcune riflessioni su un tema cruciale e spesso trascurato: il&nbsp;<strong>ruolo che la sicurezza privata italiana pu\u00f2 e deve assumere nella protezione dei nostri lavoratori e dei nostri&nbsp;<em>assets<\/em>&nbsp;all\u2019estero<\/strong>.<\/p>\n\n\n\n<h2 class=\"wp-block-heading\" id=\"h-la-policrisi-e-la-necessita-di-un-nuovo-paradigma-della-sicurezza\"><strong>La policrisi e la necessit\u00e0 di un nuovo paradigma della sicurezza&nbsp;<\/strong><\/h2>\n\n\n\n<p>Viviamo in un\u2019epoca che i massimi esperti definiscono di&nbsp;<strong><em>policrisi<\/em><\/strong>: crisi che si sovrappongono e si alimentano a vicenda, tra conflitti geopolitici, emergenze climatiche, tensioni sociali, cyberattacchi, pandemie, crisi energetiche. \u00c8 un&nbsp;<strong>mosaico di rischi globali<\/strong>&nbsp;che, secondo l\u2019Ufficio delle Nazioni Unite per la Riduzione del Rischio di Disastri (UNDRR) e l\u2019Agenzia dell\u2019Unione Europea per la Sicurezza Informatica (ENISA), impone un approccio olistico e integrato alla sicurezza.<\/p>\n\n\n\n<p>E d\u2019altra parte, \u00e8 bene ricordare che la sicurezza \u00e8 uno dei diritti fondamentali dell\u2019uomo. \u201cOgni individuo ha diritto alla vita, alla libert\u00e0 ed alla sicurezza della propria persona\u201d: cos\u00ec recita la&nbsp;<strong>Dichiarazione Universale dei Diritti dell\u2019Uomo<\/strong>, all\u2019articolo 3.<\/p>\n\n\n\n<p>Nel corso del Convegno, noi relatori abbiamo voluto evidenziare proprio questo: la&nbsp;<strong>necessit\u00e0 di un nuovo paradigma della sicurezza<\/strong>, fondato sulla consapevolezza che ogni rischio \u00e8 interconnesso e che solo una visione condivisa, capace di unire Safety e Security, pu\u00f2 garantire una reale tutela delle persone, dei luoghi di lavoro e delle organizzazioni. La sicurezza, oggi, non pu\u00f2 pi\u00f9 essere intesa come somma di competenze separate, ma come un&nbsp;<strong>sistema organico che coinvolge istituzioni, imprese e cittadini in un comune dovere di protezione<\/strong>.<\/p>\n\n\n\n<h2 class=\"wp-block-heading\" id=\"h-il-duty-of-care-un-obbligo-concreto\"><strong>Il duty of care: un obbligo concreto<em>&nbsp;&nbsp;<\/em><\/strong><\/h2>\n\n\n\n<p>Il&nbsp;<strong><em>duty of care<\/em><\/strong>&nbsp;\u2014 il dovere di protezione \u2014 non \u00e8 pi\u00f9 un concetto astratto. \u00c8 un&nbsp;<strong>obbligo concreto<\/strong>, che chiama in causa ogni datore di lavoro e ogni organizzazione. Garantire la sicurezza fisica, psicologica e logistica di&nbsp;<strong>chi opera all\u2019estero<\/strong>&nbsp;significa riconoscere che il rischio \u00e8 sistemico e interdipendente: sanitario, geopolitico, climatico, digitale e sociale. Ogni impresa che si espande nel mondo deve sapere che la tutela dei propri lavoratori \u00e8 parte integrante della propria responsabilit\u00e0 giuridica, etica e reputazionale.<\/p>\n\n\n\n<p>I numeri, purtroppo, raccontano un\u2019Italia che paga un prezzo altissimo alla mancata prevenzione. Secondo i dati INAIL, nel nostro Paese si registrano ogni anno circa 510.000 infortuni sul lavoro, di cui 30.000 gravi o invalidanti e oltre 1.100 mortali. Il&nbsp;<strong>costo sociale complessivo supera il 3% del PIL<\/strong>, pari a circa 60 miliardi di euro l\u2019anno, con una proiezione decennale che sfiora 600 miliardi. E il 60% di questi eventi, stando ai dati ufficiali, \u00e8 considerato prevenibile. \u00c8 una cifra che da sola basterebbe a comprendere quanto la&nbsp;<strong>sicurezza non sia un costo, ma un investimento strategico.<\/strong><strong><\/strong><\/p>\n\n\n\n<h2 class=\"wp-block-heading\" id=\"h-il-vuoto-normativo-e-il-paradosso-italiano\"><strong>Il vuoto normativo e il paradosso italiano&nbsp;<\/strong><\/h2>\n\n\n\n<p>Le imprese italiane presenti stabilmente all\u2019estero sono oltre&nbsp;<strong>120.000<\/strong>, e le nostre multinazionali controllano quasi&nbsp;<strong>25.000 societ\u00e0<\/strong>&nbsp;in&nbsp;<strong>172 Paesi<\/strong>. L\u2019Italia economica \u00e8 radicata nell\u2019<strong>88%&nbsp;<\/strong>dei Paesi riconosciuti dalle Nazioni Unite, ma la&nbsp;<strong>protezione dei nostri lavoratori e dei nostri interessi all\u2019estero resta affidata quasi esclusivamente a soggetti stranieri<\/strong>. Non per mancanza di competenze, dal momento che il settore della sicurezza privata italiana \u00e8 tra i pi\u00f9 regolati e qualificati d\u2019Europa, bens\u00ec per un&nbsp;<strong>vuoto normativo<\/strong>&nbsp;che impedisce agli operatori nazionali di agire legittimamente oltre confine. \u00c8 un&nbsp;<strong>paradosso<\/strong>&nbsp;che impoverisce il sistema Paese: abbiamo professionisti formati, esperti di sicurezza fisica, logistica e tecnologica, eppure ne limitiamo l\u2019operativit\u00e0 proprio nel momento in cui il mondo chiede competenze e affidabilit\u00e0.<\/p>\n\n\n\n<p>In molti contesti geopolitici, le autorit\u00e0 locali non sono in grado di garantire standards di tutela adeguati. In questi casi, il sistema pubblico da solo non basta. Serve una collaborazione pi\u00f9 stretta tra&nbsp;<strong>pubblico e privato, una sicurezza partecipata, come la defin\u00ec il Prefetto Antonio Manganelli nel 2012<\/strong>: la sinergia tra istituzioni e imprese per costruire&nbsp;<strong>sicurezza collettiva e nazionale<\/strong>. Un approccio che oggi si traduce nella necessit\u00e0 di un quadro normativo chiaro, capace di valorizzare la professionalit\u00e0 e l\u2019affidabilit\u00e0 degli operatori italiani.<\/p>\n\n\n\n<p>Negli ultimi anni non sono mancati episodi che hanno mostrato quanto possa essere fragile la posizione dei nostri connazionali impegnati in contesti esteri complessi. I&nbsp;<strong>rapimenti<\/strong>&nbsp;e, in alcuni tragici casi, le&nbsp;<strong>uccisioni di tecnici, operatori e lavoratori italiani&nbsp;<\/strong>impegnati in progetti industriali o infrastrutturali in aree a rischio, come quelli avvenuti in Libia, Niger e Burkina Faso, hanno evidenziato la vulnerabilit\u00e0 dei nostri cittadini e delle nostre imprese nei&nbsp;<strong>teatri internazionali di crisi.<\/strong><\/p>\n\n\n\n<p>Questi episodi hanno reso evidente la&nbsp;<strong>necessit\u00e0 di una presenza strutturata di sicurezza nazionale e privata anche oltre i confini<\/strong>, capace di prevenire i rischi e di tutelare i lavoratori che operano in missioni civili o economiche all\u2019estero.<\/p>\n\n\n\n<figure class=\"wp-block-image\"><img decoding=\"async\" src=\"https:\/\/www.snewsonline.com\/wp-content\/uploads\/2025\/12\/Focus-ASSIV-dovere-di-protezione-2.jpg\" alt=\"\" class=\"wp-image-78923\"\/><\/figure>\n\n\n\n<h2 class=\"wp-block-heading\" id=\"h-il-caso-dei-maro-italiani\"><strong>Il caso dei mar\u00f2 italiani&nbsp;<\/strong><\/h2>\n\n\n\n<p>Emblematico fu poi il caso dei&nbsp;<strong>mar\u00f2 italiani<\/strong>, esploso nel 2012, che apr\u00ec un lungo dibattito sulla tutela degli operatori italiani impegnati in aree di rischio. Proprio in quegli anni, con il Decreto Legge 12 luglio 2011, n. 107 convertito in Legge 2 agosto 2011 n. 130, e con il decreto attuativo del&nbsp;<strong>28 dicembre 2012 n. 266<\/strong>, fu introdotta la possibilit\u00e0 di&nbsp;<strong>imbarcare guardie particolari giurate autorizzate su navi mercantili battenti bandiera italiana<\/strong>&nbsp;che attraversano acque internazionali a&nbsp;<strong>rischio pirateria<\/strong>. Da allora, questi professionisti della sicurezza hanno sostituito egregiamente la Marina Militare in molti contesti operativi, garantendo la protezione degli equipaggi e delle rotte commerciali italiane in modo efficace, legittimo e sostenibile. \u00c8 la&nbsp;<strong>dimostrazione&nbsp;<\/strong>che, con regole chiare e una cornice normativa adeguata, la collaborazione tra pubblico e privato pu\u00f2 produrre risultati eccellenti anche su&nbsp;<strong>scala internazionale<\/strong>.<\/p>\n\n\n\n<p>Una domanda sorge quindi spontanea.<\/p>\n\n\n\n<figure class=\"wp-block-image\"><img decoding=\"async\" src=\"https:\/\/www.snewsonline.com\/wp-content\/uploads\/2025\/12\/antipirateria_marittima-logo-blurrato.png\" alt=\"\" class=\"wp-image-78913\"\/><\/figure>\n\n\n\n<h2 class=\"wp-block-heading\" id=\"h-perche-non-replicare-quel-modello-anche-in-altri-ambiti\"><strong>Perch\u00e9 non replicare quel modello anche in altri ambiti?&nbsp;<\/strong><\/h2>\n\n\n\n<p>In Parlamento \u00e8 oggi incardinata una proposta di legge che punta proprio a consentire agli operatori italiani della sicurezza privata di operare all\u2019estero per proteggere imprese e lavoratori, obiettivo che&nbsp;<strong><a href=\"https:\/\/www.snewsonline.com\/aziende\/assiv\/\">ASSIV<\/a>&nbsp;sostiene convintamente<\/strong>. \u00c8 una misura di&nbsp;<strong>buon senso<\/strong>, che&nbsp;<strong>tratterrebbe in Italia valore economico e competenze, e al tempo stesso rafforzerebbe la sicurezza nazionale<\/strong>. Ma non basta una norma, anche se \u00e8 un primo passo:&nbsp;<strong>serve una visione strategica<\/strong>.&nbsp;<\/p>\n\n\n\n<h2 class=\"wp-block-heading\" id=\"h-una-nuova-cultura-della-sicurezza\"><strong>Una nuova cultura della sicurezza&nbsp;<\/strong><\/h2>\n\n\n\n<p>Occorre infatti&nbsp;<strong>modificare il TULPS<\/strong>&nbsp;per superare il vincolo territoriale, istituire una&nbsp;<strong>cabina di regia interministeriale tra Interno, Esteri, Difesa e Imprese<\/strong>, e prevedere incentivi fiscali e premialit\u00e0 per le aziende che adottano protocolli di sicurezza certificati. Tutto questo come base per una&nbsp;<strong>nuova cultura della sicurezza<\/strong>, fondata su governance unificata, interoperabilit\u00e0 tecnologica, formazione multidisciplinare e partenariato pubblico-privato. Inoltre, poich\u00e9 \u00e8 il datore di lavoro che risponde della sicurezza dei propri dipendenti, e della propria organizzazione, (vedi i doveri che derivano dalla norma&nbsp;<strong>NIS2<\/strong>), \u00e8 fondamentale per la riuscita di ogni operazione di prevenzione\/mitigazione del rischio che i professionisti della sicurezza, intesa in senso omni comprensivo, lavorino in staff con l\u2019alta direzione dell\u2019azienda.<\/p>\n\n\n\n<p>Come abbiamo visto, il tema della sicurezza \u00e8 centrale in ogni azienda, e dato l\u2019altissimo numero di imprese italiane che operano all\u2019estero,&nbsp;<strong>la sicurezza privata oltre confine rappresenta oggi una necessit\u00e0 concreta e strategica<\/strong>. E, se ben regolata, pu\u00f2 diventare uno dei pilastri della proiezione internazionale del nostro Paese, un vantaggio competitivo per il sistema produttivo e un segno di civilt\u00e0 per il mondo del lavoro.<\/p>\n\n\n\n<p>Come ricordava&nbsp;<strong>John F. Kennedy<\/strong>, \u201cla sicurezza non \u00e8 principalmente una questione di armi, ma di fiducia:&nbsp;<strong>fiducia<\/strong>&nbsp;nei valori, nelle persone e nelle istituzioni che li difendono\u201d. \u00c8 in questa fiducia che si radica il dovere di protezione, oggi volto moderno della responsabilit\u00e0 sociale d\u2019impresa.<\/p>\n\n\n\n<p><strong>La sicurezza non \u00e8 dunque un concetto difensivo, ma un principio generativo: produce stabilit\u00e0, attrae investimenti, crea lavoro e rafforza la credibilit\u00e0 del Paese.<\/strong><strong><\/strong><\/p>\n\n\n\n<p>Oggi abbiamo l\u2019occasione di costruire un&nbsp;<strong>modello italiano di sicurezza internazionale<\/strong>&nbsp;fondato su:<\/p>\n\n\n\n<ul class=\"wp-block-list\">\n<li>professionalit\u00e0,<\/li>\n\n\n\n<li>legalit\u00e0 e<\/li>\n\n\n\n<li>collaborazione istituzionale.<\/li>\n<\/ul>\n\n\n\n<p><strong>Un modello che renda pi\u00f9 sicure le nostre imprese, pi\u00f9 tutelati i nostri lavoratori e pi\u00f9 forte la reputazione dell\u2019Italia nel mondo.<\/strong><strong><\/strong><\/p>\n\n\n\n<figure class=\"wp-block-image\"><img decoding=\"async\" src=\"https:\/\/www.snewsonline.com\/wp-content\/uploads\/2025\/12\/bandiera-italiana-Focus-ASSIV-n.-82.png\" alt=\"\" class=\"wp-image-78916\"\/><\/figure>\n\n\n\n<p><em><a href=\"https:\/\/www.snewsonline.com\/sicurezza-come-principio-generativo\/\">Leggi l&#8217;articolo su S News<\/a><\/em><\/p>\n\n\n\n<p><\/p>\n","protected":false},"excerpt":{"rendered":"<p>di&nbsp;Maria Cristina Urbano&nbsp;&#8211;&nbsp;4 Dicembre 2025 Il 20 ottobre, alla&nbsp;Camera dei Deputati, si \u00e8 tornato a parlare di&nbsp;dovere di protezione, un principio che, nella societ\u00e0 globale di oggi, non riguarda pi\u00f9 soltanto le istituzioni pubbliche, ma coinvolge direttamente anche le imprese, le organizzazioni e i professionisti che operano nel mondo. L\u2019occasione \u00e8 stata il convegno \u201cIl<\/p>\n","protected":false},"author":5,"featured_media":21885,"comment_status":"closed","ping_status":"closed","sticky":false,"template":"","format":"standard","meta":{"footnotes":""},"categories":[217],"tags":[],"class_list":{"0":"post-21882","1":"post","2":"type-post","3":"status-publish","4":"format-standard","5":"has-post-thumbnail","7":"category-policy"},"yoast_head":"<!-- This site is optimized with the Yoast SEO plugin v26.0 - https:\/\/yoast.com\/wordpress\/plugins\/seo\/ -->\n<title>La sicurezza come principio generativo - Blog.Assiv<\/title>\n<meta name=\"description\" content=\"La sicurezza come principio generativo\" \/>\n<meta name=\"robots\" content=\"index, follow, max-snippet:-1, max-image-preview:large, max-video-preview:-1\" \/>\n<link rel=\"canonical\" href=\"https:\/\/blog.assiv.it\/index.php\/2025\/12\/04\/la-sicurezza-come-principio-generativo\/\" \/>\n<meta property=\"og:locale\" content=\"it_IT\" \/>\n<meta property=\"og:type\" content=\"article\" \/>\n<meta property=\"og:title\" content=\"La sicurezza come principio generativo - Blog.Assiv\" \/>\n<meta property=\"og:description\" content=\"La sicurezza come principio generativo\" \/>\n<meta property=\"og:url\" content=\"https:\/\/blog.assiv.it\/index.php\/2025\/12\/04\/la-sicurezza-come-principio-generativo\/\" \/>\n<meta property=\"og:site_name\" content=\"Blog.Assiv\" \/>\n<meta property=\"article:publisher\" content=\"https:\/\/www.facebook.com\/associazionevigilanza\/\" \/>\n<meta property=\"article:published_time\" content=\"2025-12-04T16:02:57+00:00\" \/>\n<meta property=\"article:modified_time\" content=\"2025-12-05T14:16:19+00:00\" \/>\n<meta property=\"og:image\" content=\"https:\/\/blog.assiv.it\/wp-content\/uploads\/2025\/12\/Focus-ASSIV-dovere-di-protezione.jpg\" \/>\n\t<meta property=\"og:image:width\" content=\"1035\" \/>\n\t<meta property=\"og:image:height\" content=\"600\" \/>\n\t<meta property=\"og:image:type\" content=\"image\/jpeg\" \/>\n<meta name=\"author\" content=\"Maria Cristina Urbano\" \/>\n<meta name=\"twitter:card\" content=\"summary_large_image\" \/>\n<meta name=\"twitter:label1\" content=\"Scritto da\" \/>\n\t<meta name=\"twitter:data1\" content=\"Maria Cristina Urbano\" \/>\n\t<meta name=\"twitter:label2\" content=\"Tempo di lettura stimato\" \/>\n\t<meta name=\"twitter:data2\" content=\"9 minuti\" \/>\n<script type=\"application\/ld+json\" class=\"yoast-schema-graph\">{\"@context\":\"https:\/\/schema.org\",\"@graph\":[{\"@type\":\"Article\",\"@id\":\"https:\/\/blog.assiv.it\/index.php\/2025\/12\/04\/la-sicurezza-come-principio-generativo\/#article\",\"isPartOf\":{\"@id\":\"https:\/\/blog.assiv.it\/index.php\/2025\/12\/04\/la-sicurezza-come-principio-generativo\/\"},\"author\":{\"name\":\"Maria Cristina Urbano\",\"@id\":\"https:\/\/blog.assiv.it\/#\/schema\/person\/7dbd004a19146daf38a1a6146e6b8314\"},\"headline\":\"La sicurezza come principio generativo\",\"datePublished\":\"2025-12-04T16:02:57+00:00\",\"dateModified\":\"2025-12-05T14:16:19+00:00\",\"mainEntityOfPage\":{\"@id\":\"https:\/\/blog.assiv.it\/index.php\/2025\/12\/04\/la-sicurezza-come-principio-generativo\/\"},\"wordCount\":1400,\"publisher\":{\"@id\":\"https:\/\/blog.assiv.it\/#organization\"},\"image\":{\"@id\":\"https:\/\/blog.assiv.it\/index.php\/2025\/12\/04\/la-sicurezza-come-principio-generativo\/#primaryimage\"},\"thumbnailUrl\":\"https:\/\/blog.assiv.it\/wp-content\/uploads\/2025\/12\/Focus-ASSIV-dovere-di-protezione.jpg\",\"articleSection\":[\"Policy\"],\"inLanguage\":\"it-IT\"},{\"@type\":\"WebPage\",\"@id\":\"https:\/\/blog.assiv.it\/index.php\/2025\/12\/04\/la-sicurezza-come-principio-generativo\/\",\"url\":\"https:\/\/blog.assiv.it\/index.php\/2025\/12\/04\/la-sicurezza-come-principio-generativo\/\",\"name\":\"La sicurezza come principio generativo - Blog.Assiv\",\"isPartOf\":{\"@id\":\"https:\/\/blog.assiv.it\/#website\"},\"primaryImageOfPage\":{\"@id\":\"https:\/\/blog.assiv.it\/index.php\/2025\/12\/04\/la-sicurezza-come-principio-generativo\/#primaryimage\"},\"image\":{\"@id\":\"https:\/\/blog.assiv.it\/index.php\/2025\/12\/04\/la-sicurezza-come-principio-generativo\/#primaryimage\"},\"thumbnailUrl\":\"https:\/\/blog.assiv.it\/wp-content\/uploads\/2025\/12\/Focus-ASSIV-dovere-di-protezione.jpg\",\"datePublished\":\"2025-12-04T16:02:57+00:00\",\"dateModified\":\"2025-12-05T14:16:19+00:00\",\"description\":\"La sicurezza come principio generativo\",\"breadcrumb\":{\"@id\":\"https:\/\/blog.assiv.it\/index.php\/2025\/12\/04\/la-sicurezza-come-principio-generativo\/#breadcrumb\"},\"inLanguage\":\"it-IT\",\"potentialAction\":[{\"@type\":\"ReadAction\",\"target\":[\"https:\/\/blog.assiv.it\/index.php\/2025\/12\/04\/la-sicurezza-come-principio-generativo\/\"]}]},{\"@type\":\"ImageObject\",\"inLanguage\":\"it-IT\",\"@id\":\"https:\/\/blog.assiv.it\/index.php\/2025\/12\/04\/la-sicurezza-come-principio-generativo\/#primaryimage\",\"url\":\"https:\/\/blog.assiv.it\/wp-content\/uploads\/2025\/12\/Focus-ASSIV-dovere-di-protezione.jpg\",\"contentUrl\":\"https:\/\/blog.assiv.it\/wp-content\/uploads\/2025\/12\/Focus-ASSIV-dovere-di-protezione.jpg\",\"width\":1035,\"height\":600},{\"@type\":\"BreadcrumbList\",\"@id\":\"https:\/\/blog.assiv.it\/index.php\/2025\/12\/04\/la-sicurezza-come-principio-generativo\/#breadcrumb\",\"itemListElement\":[{\"@type\":\"ListItem\",\"position\":1,\"name\":\"Home\",\"item\":\"https:\/\/blog.assiv.it\/\"},{\"@type\":\"ListItem\",\"position\":2,\"name\":\"La sicurezza come principio generativo\"}]},{\"@type\":\"WebSite\",\"@id\":\"https:\/\/blog.assiv.it\/#website\",\"url\":\"https:\/\/blog.assiv.it\/\",\"name\":\"Blog.Assiv\",\"description\":\"Associazione Italiana Vigilanza e Servizi di Sicurezza\",\"publisher\":{\"@id\":\"https:\/\/blog.assiv.it\/#organization\"},\"potentialAction\":[{\"@type\":\"SearchAction\",\"target\":{\"@type\":\"EntryPoint\",\"urlTemplate\":\"https:\/\/blog.assiv.it\/?s={search_term_string}\"},\"query-input\":{\"@type\":\"PropertyValueSpecification\",\"valueRequired\":true,\"valueName\":\"search_term_string\"}}],\"inLanguage\":\"it-IT\"},{\"@type\":\"Organization\",\"@id\":\"https:\/\/blog.assiv.it\/#organization\",\"name\":\"Blog.Assiv\",\"url\":\"https:\/\/blog.assiv.it\/\",\"logo\":{\"@type\":\"ImageObject\",\"inLanguage\":\"it-IT\",\"@id\":\"https:\/\/blog.assiv.it\/#\/schema\/logo\/image\/\",\"url\":\"https:\/\/blog.assiv.it\/wp-content\/uploads\/2024\/08\/blog_assiv_logg_color.png\",\"contentUrl\":\"https:\/\/blog.assiv.it\/wp-content\/uploads\/2024\/08\/blog_assiv_logg_color.png\",\"width\":400,\"height\":102,\"caption\":\"Blog.Assiv\"},\"image\":{\"@id\":\"https:\/\/blog.assiv.it\/#\/schema\/logo\/image\/\"},\"sameAs\":[\"https:\/\/www.facebook.com\/associazionevigilanza\/\",\"https:\/\/www.linkedin.com\/in\/ass-i-v-vigilanza-e-servizi-fiduciari-6923b6169\/\"]},{\"@type\":\"Person\",\"@id\":\"https:\/\/blog.assiv.it\/#\/schema\/person\/7dbd004a19146daf38a1a6146e6b8314\",\"name\":\"Maria Cristina Urbano\",\"image\":{\"@type\":\"ImageObject\",\"inLanguage\":\"it-IT\",\"@id\":\"https:\/\/blog.assiv.it\/#\/schema\/person\/image\/\",\"url\":\"https:\/\/secure.gravatar.com\/avatar\/d9a1b6d73068a28d833e93bdf94625f840498467ae923d8dfb2f2d4fa26c07b3?s=96&d=mm&r=g\",\"contentUrl\":\"https:\/\/secure.gravatar.com\/avatar\/d9a1b6d73068a28d833e93bdf94625f840498467ae923d8dfb2f2d4fa26c07b3?s=96&d=mm&r=g\",\"caption\":\"Maria Cristina Urbano\"},\"url\":\"https:\/\/blog.assiv.it\/index.php\/author\/maria-cristina-urbano\/\"}]}<\/script>\n<!-- \/ Yoast SEO plugin. -->","yoast_head_json":{"title":"La sicurezza come principio generativo - Blog.Assiv","description":"La sicurezza come principio generativo","robots":{"index":"index","follow":"follow","max-snippet":"max-snippet:-1","max-image-preview":"max-image-preview:large","max-video-preview":"max-video-preview:-1"},"canonical":"https:\/\/blog.assiv.it\/index.php\/2025\/12\/04\/la-sicurezza-come-principio-generativo\/","og_locale":"it_IT","og_type":"article","og_title":"La sicurezza come principio generativo - Blog.Assiv","og_description":"La sicurezza come principio generativo","og_url":"https:\/\/blog.assiv.it\/index.php\/2025\/12\/04\/la-sicurezza-come-principio-generativo\/","og_site_name":"Blog.Assiv","article_publisher":"https:\/\/www.facebook.com\/associazionevigilanza\/","article_published_time":"2025-12-04T16:02:57+00:00","article_modified_time":"2025-12-05T14:16:19+00:00","og_image":[{"width":1035,"height":600,"url":"https:\/\/blog.assiv.it\/wp-content\/uploads\/2025\/12\/Focus-ASSIV-dovere-di-protezione.jpg","type":"image\/jpeg"}],"author":"Maria Cristina Urbano","twitter_card":"summary_large_image","twitter_misc":{"Scritto da":"Maria Cristina Urbano","Tempo di lettura stimato":"9 minuti"},"schema":{"@context":"https:\/\/schema.org","@graph":[{"@type":"Article","@id":"https:\/\/blog.assiv.it\/index.php\/2025\/12\/04\/la-sicurezza-come-principio-generativo\/#article","isPartOf":{"@id":"https:\/\/blog.assiv.it\/index.php\/2025\/12\/04\/la-sicurezza-come-principio-generativo\/"},"author":{"name":"Maria Cristina Urbano","@id":"https:\/\/blog.assiv.it\/#\/schema\/person\/7dbd004a19146daf38a1a6146e6b8314"},"headline":"La sicurezza come principio generativo","datePublished":"2025-12-04T16:02:57+00:00","dateModified":"2025-12-05T14:16:19+00:00","mainEntityOfPage":{"@id":"https:\/\/blog.assiv.it\/index.php\/2025\/12\/04\/la-sicurezza-come-principio-generativo\/"},"wordCount":1400,"publisher":{"@id":"https:\/\/blog.assiv.it\/#organization"},"image":{"@id":"https:\/\/blog.assiv.it\/index.php\/2025\/12\/04\/la-sicurezza-come-principio-generativo\/#primaryimage"},"thumbnailUrl":"https:\/\/blog.assiv.it\/wp-content\/uploads\/2025\/12\/Focus-ASSIV-dovere-di-protezione.jpg","articleSection":["Policy"],"inLanguage":"it-IT"},{"@type":"WebPage","@id":"https:\/\/blog.assiv.it\/index.php\/2025\/12\/04\/la-sicurezza-come-principio-generativo\/","url":"https:\/\/blog.assiv.it\/index.php\/2025\/12\/04\/la-sicurezza-come-principio-generativo\/","name":"La sicurezza come principio generativo - Blog.Assiv","isPartOf":{"@id":"https:\/\/blog.assiv.it\/#website"},"primaryImageOfPage":{"@id":"https:\/\/blog.assiv.it\/index.php\/2025\/12\/04\/la-sicurezza-come-principio-generativo\/#primaryimage"},"image":{"@id":"https:\/\/blog.assiv.it\/index.php\/2025\/12\/04\/la-sicurezza-come-principio-generativo\/#primaryimage"},"thumbnailUrl":"https:\/\/blog.assiv.it\/wp-content\/uploads\/2025\/12\/Focus-ASSIV-dovere-di-protezione.jpg","datePublished":"2025-12-04T16:02:57+00:00","dateModified":"2025-12-05T14:16:19+00:00","description":"La sicurezza come principio generativo","breadcrumb":{"@id":"https:\/\/blog.assiv.it\/index.php\/2025\/12\/04\/la-sicurezza-come-principio-generativo\/#breadcrumb"},"inLanguage":"it-IT","potentialAction":[{"@type":"ReadAction","target":["https:\/\/blog.assiv.it\/index.php\/2025\/12\/04\/la-sicurezza-come-principio-generativo\/"]}]},{"@type":"ImageObject","inLanguage":"it-IT","@id":"https:\/\/blog.assiv.it\/index.php\/2025\/12\/04\/la-sicurezza-come-principio-generativo\/#primaryimage","url":"https:\/\/blog.assiv.it\/wp-content\/uploads\/2025\/12\/Focus-ASSIV-dovere-di-protezione.jpg","contentUrl":"https:\/\/blog.assiv.it\/wp-content\/uploads\/2025\/12\/Focus-ASSIV-dovere-di-protezione.jpg","width":1035,"height":600},{"@type":"BreadcrumbList","@id":"https:\/\/blog.assiv.it\/index.php\/2025\/12\/04\/la-sicurezza-come-principio-generativo\/#breadcrumb","itemListElement":[{"@type":"ListItem","position":1,"name":"Home","item":"https:\/\/blog.assiv.it\/"},{"@type":"ListItem","position":2,"name":"La sicurezza come principio generativo"}]},{"@type":"WebSite","@id":"https:\/\/blog.assiv.it\/#website","url":"https:\/\/blog.assiv.it\/","name":"Blog.Assiv","description":"Associazione Italiana Vigilanza e Servizi di Sicurezza","publisher":{"@id":"https:\/\/blog.assiv.it\/#organization"},"potentialAction":[{"@type":"SearchAction","target":{"@type":"EntryPoint","urlTemplate":"https:\/\/blog.assiv.it\/?s={search_term_string}"},"query-input":{"@type":"PropertyValueSpecification","valueRequired":true,"valueName":"search_term_string"}}],"inLanguage":"it-IT"},{"@type":"Organization","@id":"https:\/\/blog.assiv.it\/#organization","name":"Blog.Assiv","url":"https:\/\/blog.assiv.it\/","logo":{"@type":"ImageObject","inLanguage":"it-IT","@id":"https:\/\/blog.assiv.it\/#\/schema\/logo\/image\/","url":"https:\/\/blog.assiv.it\/wp-content\/uploads\/2024\/08\/blog_assiv_logg_color.png","contentUrl":"https:\/\/blog.assiv.it\/wp-content\/uploads\/2024\/08\/blog_assiv_logg_color.png","width":400,"height":102,"caption":"Blog.Assiv"},"image":{"@id":"https:\/\/blog.assiv.it\/#\/schema\/logo\/image\/"},"sameAs":["https:\/\/www.facebook.com\/associazionevigilanza\/","https:\/\/www.linkedin.com\/in\/ass-i-v-vigilanza-e-servizi-fiduciari-6923b6169\/"]},{"@type":"Person","@id":"https:\/\/blog.assiv.it\/#\/schema\/person\/7dbd004a19146daf38a1a6146e6b8314","name":"Maria Cristina Urbano","image":{"@type":"ImageObject","inLanguage":"it-IT","@id":"https:\/\/blog.assiv.it\/#\/schema\/person\/image\/","url":"https:\/\/secure.gravatar.com\/avatar\/d9a1b6d73068a28d833e93bdf94625f840498467ae923d8dfb2f2d4fa26c07b3?s=96&d=mm&r=g","contentUrl":"https:\/\/secure.gravatar.com\/avatar\/d9a1b6d73068a28d833e93bdf94625f840498467ae923d8dfb2f2d4fa26c07b3?s=96&d=mm&r=g","caption":"Maria Cristina Urbano"},"url":"https:\/\/blog.assiv.it\/index.php\/author\/maria-cristina-urbano\/"}]}},"amp_enabled":true,"_links":{"self":[{"href":"https:\/\/blog.assiv.it\/index.php\/wp-json\/wp\/v2\/posts\/21882","targetHints":{"allow":["GET"]}}],"collection":[{"href":"https:\/\/blog.assiv.it\/index.php\/wp-json\/wp\/v2\/posts"}],"about":[{"href":"https:\/\/blog.assiv.it\/index.php\/wp-json\/wp\/v2\/types\/post"}],"author":[{"embeddable":true,"href":"https:\/\/blog.assiv.it\/index.php\/wp-json\/wp\/v2\/users\/5"}],"replies":[{"embeddable":true,"href":"https:\/\/blog.assiv.it\/index.php\/wp-json\/wp\/v2\/comments?post=21882"}],"version-history":[{"count":1,"href":"https:\/\/blog.assiv.it\/index.php\/wp-json\/wp\/v2\/posts\/21882\/revisions"}],"predecessor-version":[{"id":21886,"href":"https:\/\/blog.assiv.it\/index.php\/wp-json\/wp\/v2\/posts\/21882\/revisions\/21886"}],"wp:featuredmedia":[{"embeddable":true,"href":"https:\/\/blog.assiv.it\/index.php\/wp-json\/wp\/v2\/media\/21885"}],"wp:attachment":[{"href":"https:\/\/blog.assiv.it\/index.php\/wp-json\/wp\/v2\/media?parent=21882"}],"wp:term":[{"taxonomy":"category","embeddable":true,"href":"https:\/\/blog.assiv.it\/index.php\/wp-json\/wp\/v2\/categories?post=21882"},{"taxonomy":"post_tag","embeddable":true,"href":"https:\/\/blog.assiv.it\/index.php\/wp-json\/wp\/v2\/tags?post=21882"}],"curies":[{"name":"wp","href":"https:\/\/api.w.org\/{rel}","templated":true}]}}