{"id":21890,"date":"2025-12-04T17:38:45","date_gmt":"2025-12-04T16:38:45","guid":{"rendered":"https:\/\/blog.assiv.it\/?p=21890"},"modified":"2025-12-04T17:38:48","modified_gmt":"2025-12-04T16:38:48","slug":"dalla-smart-city-alla-smart-nation-il-talk-assiv-su-roma-smart-city","status":"publish","type":"post","link":"https:\/\/blog.assiv.it\/index.php\/2025\/12\/04\/dalla-smart-city-alla-smart-nation-il-talk-assiv-su-roma-smart-city\/","title":{"rendered":"Dalla Smart City alla Smart Nation. Il Talk ASSIV su Roma Smart City"},"content":{"rendered":"\n<p>Dalla Smart City alla Smart Nation. Il Talk ASSIV su Roma Smart City<\/p>\n\n\n\n<p>di\u00a0<a href=\"https:\/\/www.snewsonline.com\/author\/bertolo\/\">Monica Bertolo<\/a>\u00a0&#8211;\u00a04 Dicembre 2025<\/p>\n\n\n\n<p>\u201c<strong>Roma Smart City: la citt\u00e0 intelligente per un modello di sicurezza integrata<\/strong>\u201d \u00e8 il titolo del talk show organizzato da&nbsp;<a href=\"https:\/\/www.snewsonline.com\/aziende\/assiv\/\"><strong>ASSIV<\/strong><\/a>, in collaborazione con&nbsp;<strong>S News<\/strong>, che si \u00e8 tenuto sul set televisivo della testata giornalistica a&nbsp;<strong><a href=\"https:\/\/www.snewsonline.com\/s-news-sicurezza-2025-8-talks-temi-piu-attuali-networking-valore\/\">Fiera Sicurezza 2025<\/a><\/strong>.<\/p>\n\n\n\n<p>Hanno partecipato al talk:<\/p>\n\n\n\n<ul class=\"wp-block-list\">\n<li><a href=\"https:\/\/www.snewsonline.com\/author\/maria-cristina-urbano\/\"><strong>Maria Cristina Urbano<\/strong><\/a><strong>,\u00a0<\/strong>Presidente ASSIV,<\/li>\n\n\n\n<li><strong>Leandro Aglieri,\u00a0<\/strong>Presidente della Consulta Roma Smart City Lab,<\/li>\n\n\n\n<li><strong>Giuseppe Mastromattei,\u00a0<\/strong>Delegato del Presidente della Consulta sul tema Criminalit\u00e0 Urbana e Sistemi di Sicurezza Integrati,<\/li>\n\n\n\n<li><strong>Antonio Del Greco,\u00a0<\/strong>Direttore Operativo Italpol Vigilanza spa.<\/li>\n<\/ul>\n\n\n\n<p>Moderati dalla scrivente&nbsp;<strong>Monica Bertolo<\/strong>, Direttore S News. &nbsp;<\/p>\n\n\n\n<h2 class=\"wp-block-heading\" id=\"h-perche-assiv-ha-deciso-di-approfondire-il-tema-della-smart-city-partendo-dal-caso-di-roma-smart-city\"><strong>Perch\u00e9 ASSIV ha deciso di approfondire il tema della Smart City, partendo dal caso di Roma Smart City?<\/strong><\/h2>\n\n\n\n<p>Le citt\u00e0 intelligenti rappresentano una delle&nbsp;<strong>sfide pi\u00f9 rilevanti<\/strong>&nbsp;per il&nbsp;<strong>futuro urbano<\/strong>, con l\u2019obiettivo di&nbsp;<strong>integrare infrastrutture digitali&nbsp;<\/strong>(si pensi al mondo IoT, alla videosorveglianza intelligente, all\u2019intelligenza artificiale), ai servizi innovativi e alla partecipazione civica per&nbsp;<strong>migliorare la qualit\u00e0 della vita<\/strong>.<strong><\/strong><\/p>\n\n\n\n<p>In questo contesto, il tema della&nbsp;<strong>sicurezza&nbsp;<\/strong>assume un&nbsp;<strong>ruolo cruciale,<\/strong>&nbsp;perch\u00e9 pi\u00f9 una struttura \u00e8 complessa per dare maggiori, pi\u00f9 ampi e migliori servizi, pi\u00f9 cresce la necessit\u00e0 che sia anche&nbsp;<strong>sicura, sotto tutti i profili<\/strong>.<\/p>\n\n\n\n<p>Considerata l\u2019importanza di tali temi&nbsp;<strong><a href=\"https:\/\/www.snewsonline.com\/tag\/assiv\/\">ASSIV<\/a><\/strong>&nbsp;ha deciso di aderire al progetto del&nbsp;<strong>Laboratorio Smart City di Roma Capitale<\/strong>.<\/p>\n\n\n\n<p>\u201cSi tratta di un&nbsp;<strong>grande progetto<\/strong>&nbsp;\u2013 sottolinea nel corso del talk la Presidente Urbano \u2013 e ASSIV ha ritenuto di partecipare con entusiasmo. \u00c8 stata integrata nella Consulta e quindi siamo&nbsp;<strong>pronti a dare il nostro contributo<\/strong>\u201d.<\/p>\n\n\n\n<h2 class=\"wp-block-heading\" id=\"h-ma-in-che-cosa-consiste-il-progetto-roma-smart-city-lab-nello-specifico\"><strong>Ma in che cosa consiste il progetto Roma Smart City Lab, nello specifico?<\/strong><\/h2>\n\n\n\n<p>A questa domanda, posta durante il talk, bene risponde il Presidente della Consulta&nbsp;<strong>Leandro Aglieri<\/strong>, che non solo specifica finalit\u00e0 e operativit\u00e0 del Laboratorio, ma spiega anche come il progetto, nato da Roma, stia assumendo sempre pi\u00f9 un&nbsp;<strong>respiro nazionale<\/strong>, passando cos\u00ec dal concetto di&nbsp;<strong>Smart City<\/strong>&nbsp;a quello di&nbsp;<strong>Smart Nation<\/strong>.<\/p>\n\n\n\n<p><strong>Mastromattei<\/strong>, in qualit\u00e0 di Delegato del Presidente della Consulta sul tema della&nbsp;<strong>Criminalit\u00e0 Urbana&nbsp;<\/strong>e&nbsp;<strong>Sistemi di Sicurezza Integrati<\/strong>, specifica qual \u00e8 il&nbsp;<strong>ruolo<\/strong>&nbsp;della&nbsp;<strong>Sicurezza Privata&nbsp;<\/strong>all\u2019interno di questo evoluto ed ambizioso progetto&nbsp;<strong>Roma Smart City<\/strong>, definendone anche il&nbsp;<strong>modello di governance<\/strong>.<\/p>\n\n\n\n<p><strong>Del Greco<\/strong>, andando sull\u2019operativit\u00e0<strong>, presenta delle testimonianze concrete&nbsp;<\/strong>che&nbsp;<strong>Italpol Vigilanza&nbsp;<\/strong>pu\u00f2 gi\u00e0 vantare sul campo, ad oggi, sul tema e delinea le&nbsp;<strong>azioni da intraprendere<\/strong>&nbsp;da parte della&nbsp;<strong>Sicurezza Privata<\/strong>, ponendo specifica attenzione alla centralit\u00e0 del&nbsp;<strong>fattore umano<\/strong>.<\/p>\n\n\n\n<p>In conclusione del talk, la Presidente&nbsp;<strong>Urbano<\/strong>&nbsp;evidenzia&nbsp;<strong>il ruolo di ASSIV<\/strong>&nbsp;all\u2019interno della Consulta Roma Smart City Lab e&nbsp;<strong>l\u2019apporto che gli Istituti di Vigilanza possono fornire&nbsp;<\/strong>oggi e in prospettiva a tale progetto.<\/p>\n\n\n\n<p>Gi\u00e0 due sono gli appuntamenti da segnalare sul progetto Roma Smart City: il primo quello del&nbsp;<strong>10 dicembre<\/strong>&nbsp;con un evento in&nbsp;<strong>Campidoglio<\/strong>&nbsp;e il secondo un grande convegno di&nbsp;<strong>Open Innovation<\/strong>&nbsp;in&nbsp;<strong>ottobre 2026<\/strong>&nbsp;<em>(ndr.<\/em>&nbsp;<em>indicazioni pi\u00f9 specifiche verranno comunicate il 10 dicembre in Campigoglio<\/em>).<\/p>\n\n\n\n<p>Questi, solo alcuni dei passaggi principali del talk show.<\/p>\n\n\n\n<p><strong>Buona visione!<\/strong><\/p>\n\n\n\n<figure class=\"wp-block-embed is-type-video is-provider-youtube wp-block-embed-youtube wp-embed-aspect-16-9 wp-has-aspect-ratio\"><div class=\"wp-block-embed__wrapper\">\n<iframe title=\"Dalla Smart City alla Smart Nation. Il Talk \u201cRoma Smart City per un modello di sicurezza integrata\u201d\" width=\"814\" height=\"458\" src=\"https:\/\/www.youtube.com\/embed\/sdctjR_IgCA?feature=oembed\" frameborder=\"0\" allow=\"accelerometer; autoplay; clipboard-write; encrypted-media; gyroscope; picture-in-picture; web-share\" referrerpolicy=\"strict-origin-when-cross-origin\" allowfullscreen><\/iframe>\n<\/div><\/figure>\n","protected":false},"excerpt":{"rendered":"<p>Dalla Smart City alla Smart Nation. Il Talk ASSIV su Roma Smart City di\u00a0Monica Bertolo\u00a0&#8211;\u00a04 Dicembre 2025 \u201cRoma Smart City: la citt\u00e0 intelligente per un modello di sicurezza integrata\u201d \u00e8 il titolo del talk show organizzato da&nbsp;ASSIV, in collaborazione con&nbsp;S News, che si \u00e8 tenuto sul set televisivo della testata giornalistica a&nbsp;Fiera Sicurezza 2025. Hanno<\/p>\n","protected":false},"author":1,"featured_media":21892,"comment_status":"closed","ping_status":"closed","sticky":false,"template":"","format":"standard","meta":{"footnotes":""},"categories":[716],"tags":[159,1240,213,931,125],"class_list":{"0":"post-21890","1":"post","2":"type-post","3":"status-publish","4":"format-standard","5":"has-post-thumbnail","7":"category-dal-mondo-di-assiv","8":"tag-assiv","9":"tag-roma-smart-city","10":"tag-s-news","11":"tag-sicurezza-2025","12":"tag-vigilanza-privata"},"yoast_head":"<!-- This site is optimized with the Yoast SEO plugin v26.0 - https:\/\/yoast.com\/wordpress\/plugins\/seo\/ -->\n<title>Dalla Smart City alla Smart Nation. Il Talk ASSIV su Roma Smart City<\/title>\n<meta name=\"description\" content=\"Dalla Smart City alla Smart Nation. Il Talk ASSIV su Roma Smart City\" \/>\n<meta name=\"robots\" content=\"index, follow, max-snippet:-1, max-image-preview:large, max-video-preview:-1\" \/>\n<link rel=\"canonical\" href=\"https:\/\/blog.assiv.it\/index.php\/2025\/12\/04\/dalla-smart-city-alla-smart-nation-il-talk-assiv-su-roma-smart-city\/\" \/>\n<meta property=\"og:locale\" content=\"it_IT\" \/>\n<meta property=\"og:type\" content=\"article\" \/>\n<meta property=\"og:title\" content=\"Dalla Smart City alla Smart Nation. Il Talk ASSIV su Roma Smart City\" \/>\n<meta property=\"og:description\" content=\"Dalla Smart City alla Smart Nation. Il Talk ASSIV su Roma Smart City\" \/>\n<meta property=\"og:url\" content=\"https:\/\/blog.assiv.it\/index.php\/2025\/12\/04\/dalla-smart-city-alla-smart-nation-il-talk-assiv-su-roma-smart-city\/\" \/>\n<meta property=\"og:site_name\" content=\"Blog.Assiv\" \/>\n<meta property=\"article:publisher\" content=\"https:\/\/www.facebook.com\/associazionevigilanza\/\" \/>\n<meta property=\"article:published_time\" content=\"2025-12-04T16:38:45+00:00\" \/>\n<meta property=\"article:modified_time\" content=\"2025-12-04T16:38:48+00:00\" \/>\n<meta property=\"og:image\" content=\"https:\/\/blog.assiv.it\/wp-content\/uploads\/2025\/12\/Roma-Smart-City-Sicurezza-2025.jpg\" \/>\n\t<meta property=\"og:image:width\" content=\"1035\" \/>\n\t<meta property=\"og:image:height\" content=\"600\" \/>\n\t<meta property=\"og:image:type\" content=\"image\/jpeg\" \/>\n<meta name=\"author\" content=\"Segreteria\" \/>\n<meta name=\"twitter:card\" content=\"summary_large_image\" \/>\n<meta name=\"twitter:label1\" content=\"Scritto da\" \/>\n\t<meta name=\"twitter:data1\" content=\"Segreteria\" \/>\n\t<meta name=\"twitter:label2\" content=\"Tempo di lettura stimato\" \/>\n\t<meta name=\"twitter:data2\" content=\"3 minuti\" \/>\n<script type=\"application\/ld+json\" class=\"yoast-schema-graph\">{\"@context\":\"https:\/\/schema.org\",\"@graph\":[{\"@type\":\"Article\",\"@id\":\"https:\/\/blog.assiv.it\/index.php\/2025\/12\/04\/dalla-smart-city-alla-smart-nation-il-talk-assiv-su-roma-smart-city\/#article\",\"isPartOf\":{\"@id\":\"https:\/\/blog.assiv.it\/index.php\/2025\/12\/04\/dalla-smart-city-alla-smart-nation-il-talk-assiv-su-roma-smart-city\/\"},\"author\":{\"name\":\"Segreteria\",\"@id\":\"https:\/\/blog.assiv.it\/#\/schema\/person\/c427cf4ecce600b91f18f5661b5279ae\"},\"headline\":\"Dalla Smart City alla Smart Nation. Il Talk ASSIV su Roma Smart City\",\"datePublished\":\"2025-12-04T16:38:45+00:00\",\"dateModified\":\"2025-12-04T16:38:48+00:00\",\"mainEntityOfPage\":{\"@id\":\"https:\/\/blog.assiv.it\/index.php\/2025\/12\/04\/dalla-smart-city-alla-smart-nation-il-talk-assiv-su-roma-smart-city\/\"},\"wordCount\":573,\"publisher\":{\"@id\":\"https:\/\/blog.assiv.it\/#organization\"},\"image\":{\"@id\":\"https:\/\/blog.assiv.it\/index.php\/2025\/12\/04\/dalla-smart-city-alla-smart-nation-il-talk-assiv-su-roma-smart-city\/#primaryimage\"},\"thumbnailUrl\":\"https:\/\/blog.assiv.it\/wp-content\/uploads\/2025\/12\/Roma-Smart-City-Sicurezza-2025.jpg\",\"keywords\":[\"ASSIV\",\"Roma Smart City\",\"S News\",\"Sicurezza 2025\",\"vigilanza privata\"],\"articleSection\":[\"Dal Mondo di ASSIV\"],\"inLanguage\":\"it-IT\"},{\"@type\":\"WebPage\",\"@id\":\"https:\/\/blog.assiv.it\/index.php\/2025\/12\/04\/dalla-smart-city-alla-smart-nation-il-talk-assiv-su-roma-smart-city\/\",\"url\":\"https:\/\/blog.assiv.it\/index.php\/2025\/12\/04\/dalla-smart-city-alla-smart-nation-il-talk-assiv-su-roma-smart-city\/\",\"name\":\"Dalla Smart City alla Smart Nation. Il Talk ASSIV su Roma Smart City\",\"isPartOf\":{\"@id\":\"https:\/\/blog.assiv.it\/#website\"},\"primaryImageOfPage\":{\"@id\":\"https:\/\/blog.assiv.it\/index.php\/2025\/12\/04\/dalla-smart-city-alla-smart-nation-il-talk-assiv-su-roma-smart-city\/#primaryimage\"},\"image\":{\"@id\":\"https:\/\/blog.assiv.it\/index.php\/2025\/12\/04\/dalla-smart-city-alla-smart-nation-il-talk-assiv-su-roma-smart-city\/#primaryimage\"},\"thumbnailUrl\":\"https:\/\/blog.assiv.it\/wp-content\/uploads\/2025\/12\/Roma-Smart-City-Sicurezza-2025.jpg\",\"datePublished\":\"2025-12-04T16:38:45+00:00\",\"dateModified\":\"2025-12-04T16:38:48+00:00\",\"description\":\"Dalla Smart City alla Smart Nation. Il Talk ASSIV su Roma Smart City\",\"breadcrumb\":{\"@id\":\"https:\/\/blog.assiv.it\/index.php\/2025\/12\/04\/dalla-smart-city-alla-smart-nation-il-talk-assiv-su-roma-smart-city\/#breadcrumb\"},\"inLanguage\":\"it-IT\",\"potentialAction\":[{\"@type\":\"ReadAction\",\"target\":[\"https:\/\/blog.assiv.it\/index.php\/2025\/12\/04\/dalla-smart-city-alla-smart-nation-il-talk-assiv-su-roma-smart-city\/\"]}]},{\"@type\":\"ImageObject\",\"inLanguage\":\"it-IT\",\"@id\":\"https:\/\/blog.assiv.it\/index.php\/2025\/12\/04\/dalla-smart-city-alla-smart-nation-il-talk-assiv-su-roma-smart-city\/#primaryimage\",\"url\":\"https:\/\/blog.assiv.it\/wp-content\/uploads\/2025\/12\/Roma-Smart-City-Sicurezza-2025.jpg\",\"contentUrl\":\"https:\/\/blog.assiv.it\/wp-content\/uploads\/2025\/12\/Roma-Smart-City-Sicurezza-2025.jpg\",\"width\":1035,\"height\":600},{\"@type\":\"BreadcrumbList\",\"@id\":\"https:\/\/blog.assiv.it\/index.php\/2025\/12\/04\/dalla-smart-city-alla-smart-nation-il-talk-assiv-su-roma-smart-city\/#breadcrumb\",\"itemListElement\":[{\"@type\":\"ListItem\",\"position\":1,\"name\":\"Home\",\"item\":\"https:\/\/blog.assiv.it\/\"},{\"@type\":\"ListItem\",\"position\":2,\"name\":\"Dalla Smart City alla Smart Nation. Il Talk ASSIV su Roma Smart City\"}]},{\"@type\":\"WebSite\",\"@id\":\"https:\/\/blog.assiv.it\/#website\",\"url\":\"https:\/\/blog.assiv.it\/\",\"name\":\"Blog.Assiv\",\"description\":\"Associazione Italiana Vigilanza e Servizi di Sicurezza\",\"publisher\":{\"@id\":\"https:\/\/blog.assiv.it\/#organization\"},\"potentialAction\":[{\"@type\":\"SearchAction\",\"target\":{\"@type\":\"EntryPoint\",\"urlTemplate\":\"https:\/\/blog.assiv.it\/?s={search_term_string}\"},\"query-input\":{\"@type\":\"PropertyValueSpecification\",\"valueRequired\":true,\"valueName\":\"search_term_string\"}}],\"inLanguage\":\"it-IT\"},{\"@type\":\"Organization\",\"@id\":\"https:\/\/blog.assiv.it\/#organization\",\"name\":\"Blog.Assiv\",\"url\":\"https:\/\/blog.assiv.it\/\",\"logo\":{\"@type\":\"ImageObject\",\"inLanguage\":\"it-IT\",\"@id\":\"https:\/\/blog.assiv.it\/#\/schema\/logo\/image\/\",\"url\":\"https:\/\/blog.assiv.it\/wp-content\/uploads\/2024\/08\/blog_assiv_logg_color.png\",\"contentUrl\":\"https:\/\/blog.assiv.it\/wp-content\/uploads\/2024\/08\/blog_assiv_logg_color.png\",\"width\":400,\"height\":102,\"caption\":\"Blog.Assiv\"},\"image\":{\"@id\":\"https:\/\/blog.assiv.it\/#\/schema\/logo\/image\/\"},\"sameAs\":[\"https:\/\/www.facebook.com\/associazionevigilanza\/\",\"https:\/\/www.linkedin.com\/in\/ass-i-v-vigilanza-e-servizi-fiduciari-6923b6169\/\"]},{\"@type\":\"Person\",\"@id\":\"https:\/\/blog.assiv.it\/#\/schema\/person\/c427cf4ecce600b91f18f5661b5279ae\",\"name\":\"Segreteria\",\"image\":{\"@type\":\"ImageObject\",\"inLanguage\":\"it-IT\",\"@id\":\"https:\/\/blog.assiv.it\/#\/schema\/person\/image\/\",\"url\":\"https:\/\/secure.gravatar.com\/avatar\/42707b15e1ca506907427b74e26ae5487c3c144dd171737c72937a65b75d651c?s=96&d=mm&r=g\",\"contentUrl\":\"https:\/\/secure.gravatar.com\/avatar\/42707b15e1ca506907427b74e26ae5487c3c144dd171737c72937a65b75d651c?s=96&d=mm&r=g\",\"caption\":\"Segreteria\"},\"sameAs\":[\"http:\/\/taotypk.cluster023.hosting.ovh.net\"],\"url\":\"https:\/\/blog.assiv.it\/index.php\/author\/admin3238\/\"}]}<\/script>\n<!-- \/ Yoast SEO plugin. -->","yoast_head_json":{"title":"Dalla Smart City alla Smart Nation. Il Talk ASSIV su Roma Smart City","description":"Dalla Smart City alla Smart Nation. Il Talk ASSIV su Roma Smart City","robots":{"index":"index","follow":"follow","max-snippet":"max-snippet:-1","max-image-preview":"max-image-preview:large","max-video-preview":"max-video-preview:-1"},"canonical":"https:\/\/blog.assiv.it\/index.php\/2025\/12\/04\/dalla-smart-city-alla-smart-nation-il-talk-assiv-su-roma-smart-city\/","og_locale":"it_IT","og_type":"article","og_title":"Dalla Smart City alla Smart Nation. Il Talk ASSIV su Roma Smart City","og_description":"Dalla Smart City alla Smart Nation. Il Talk ASSIV su Roma Smart City","og_url":"https:\/\/blog.assiv.it\/index.php\/2025\/12\/04\/dalla-smart-city-alla-smart-nation-il-talk-assiv-su-roma-smart-city\/","og_site_name":"Blog.Assiv","article_publisher":"https:\/\/www.facebook.com\/associazionevigilanza\/","article_published_time":"2025-12-04T16:38:45+00:00","article_modified_time":"2025-12-04T16:38:48+00:00","og_image":[{"width":1035,"height":600,"url":"https:\/\/blog.assiv.it\/wp-content\/uploads\/2025\/12\/Roma-Smart-City-Sicurezza-2025.jpg","type":"image\/jpeg"}],"author":"Segreteria","twitter_card":"summary_large_image","twitter_misc":{"Scritto da":"Segreteria","Tempo di lettura stimato":"3 minuti"},"schema":{"@context":"https:\/\/schema.org","@graph":[{"@type":"Article","@id":"https:\/\/blog.assiv.it\/index.php\/2025\/12\/04\/dalla-smart-city-alla-smart-nation-il-talk-assiv-su-roma-smart-city\/#article","isPartOf":{"@id":"https:\/\/blog.assiv.it\/index.php\/2025\/12\/04\/dalla-smart-city-alla-smart-nation-il-talk-assiv-su-roma-smart-city\/"},"author":{"name":"Segreteria","@id":"https:\/\/blog.assiv.it\/#\/schema\/person\/c427cf4ecce600b91f18f5661b5279ae"},"headline":"Dalla Smart City alla Smart Nation. Il Talk ASSIV su Roma Smart City","datePublished":"2025-12-04T16:38:45+00:00","dateModified":"2025-12-04T16:38:48+00:00","mainEntityOfPage":{"@id":"https:\/\/blog.assiv.it\/index.php\/2025\/12\/04\/dalla-smart-city-alla-smart-nation-il-talk-assiv-su-roma-smart-city\/"},"wordCount":573,"publisher":{"@id":"https:\/\/blog.assiv.it\/#organization"},"image":{"@id":"https:\/\/blog.assiv.it\/index.php\/2025\/12\/04\/dalla-smart-city-alla-smart-nation-il-talk-assiv-su-roma-smart-city\/#primaryimage"},"thumbnailUrl":"https:\/\/blog.assiv.it\/wp-content\/uploads\/2025\/12\/Roma-Smart-City-Sicurezza-2025.jpg","keywords":["ASSIV","Roma Smart City","S News","Sicurezza 2025","vigilanza privata"],"articleSection":["Dal Mondo di ASSIV"],"inLanguage":"it-IT"},{"@type":"WebPage","@id":"https:\/\/blog.assiv.it\/index.php\/2025\/12\/04\/dalla-smart-city-alla-smart-nation-il-talk-assiv-su-roma-smart-city\/","url":"https:\/\/blog.assiv.it\/index.php\/2025\/12\/04\/dalla-smart-city-alla-smart-nation-il-talk-assiv-su-roma-smart-city\/","name":"Dalla Smart City alla Smart Nation. Il Talk ASSIV su Roma Smart City","isPartOf":{"@id":"https:\/\/blog.assiv.it\/#website"},"primaryImageOfPage":{"@id":"https:\/\/blog.assiv.it\/index.php\/2025\/12\/04\/dalla-smart-city-alla-smart-nation-il-talk-assiv-su-roma-smart-city\/#primaryimage"},"image":{"@id":"https:\/\/blog.assiv.it\/index.php\/2025\/12\/04\/dalla-smart-city-alla-smart-nation-il-talk-assiv-su-roma-smart-city\/#primaryimage"},"thumbnailUrl":"https:\/\/blog.assiv.it\/wp-content\/uploads\/2025\/12\/Roma-Smart-City-Sicurezza-2025.jpg","datePublished":"2025-12-04T16:38:45+00:00","dateModified":"2025-12-04T16:38:48+00:00","description":"Dalla Smart City alla Smart Nation. Il Talk ASSIV su Roma Smart City","breadcrumb":{"@id":"https:\/\/blog.assiv.it\/index.php\/2025\/12\/04\/dalla-smart-city-alla-smart-nation-il-talk-assiv-su-roma-smart-city\/#breadcrumb"},"inLanguage":"it-IT","potentialAction":[{"@type":"ReadAction","target":["https:\/\/blog.assiv.it\/index.php\/2025\/12\/04\/dalla-smart-city-alla-smart-nation-il-talk-assiv-su-roma-smart-city\/"]}]},{"@type":"ImageObject","inLanguage":"it-IT","@id":"https:\/\/blog.assiv.it\/index.php\/2025\/12\/04\/dalla-smart-city-alla-smart-nation-il-talk-assiv-su-roma-smart-city\/#primaryimage","url":"https:\/\/blog.assiv.it\/wp-content\/uploads\/2025\/12\/Roma-Smart-City-Sicurezza-2025.jpg","contentUrl":"https:\/\/blog.assiv.it\/wp-content\/uploads\/2025\/12\/Roma-Smart-City-Sicurezza-2025.jpg","width":1035,"height":600},{"@type":"BreadcrumbList","@id":"https:\/\/blog.assiv.it\/index.php\/2025\/12\/04\/dalla-smart-city-alla-smart-nation-il-talk-assiv-su-roma-smart-city\/#breadcrumb","itemListElement":[{"@type":"ListItem","position":1,"name":"Home","item":"https:\/\/blog.assiv.it\/"},{"@type":"ListItem","position":2,"name":"Dalla Smart City alla Smart Nation. Il Talk ASSIV su Roma Smart City"}]},{"@type":"WebSite","@id":"https:\/\/blog.assiv.it\/#website","url":"https:\/\/blog.assiv.it\/","name":"Blog.Assiv","description":"Associazione Italiana Vigilanza e Servizi di Sicurezza","publisher":{"@id":"https:\/\/blog.assiv.it\/#organization"},"potentialAction":[{"@type":"SearchAction","target":{"@type":"EntryPoint","urlTemplate":"https:\/\/blog.assiv.it\/?s={search_term_string}"},"query-input":{"@type":"PropertyValueSpecification","valueRequired":true,"valueName":"search_term_string"}}],"inLanguage":"it-IT"},{"@type":"Organization","@id":"https:\/\/blog.assiv.it\/#organization","name":"Blog.Assiv","url":"https:\/\/blog.assiv.it\/","logo":{"@type":"ImageObject","inLanguage":"it-IT","@id":"https:\/\/blog.assiv.it\/#\/schema\/logo\/image\/","url":"https:\/\/blog.assiv.it\/wp-content\/uploads\/2024\/08\/blog_assiv_logg_color.png","contentUrl":"https:\/\/blog.assiv.it\/wp-content\/uploads\/2024\/08\/blog_assiv_logg_color.png","width":400,"height":102,"caption":"Blog.Assiv"},"image":{"@id":"https:\/\/blog.assiv.it\/#\/schema\/logo\/image\/"},"sameAs":["https:\/\/www.facebook.com\/associazionevigilanza\/","https:\/\/www.linkedin.com\/in\/ass-i-v-vigilanza-e-servizi-fiduciari-6923b6169\/"]},{"@type":"Person","@id":"https:\/\/blog.assiv.it\/#\/schema\/person\/c427cf4ecce600b91f18f5661b5279ae","name":"Segreteria","image":{"@type":"ImageObject","inLanguage":"it-IT","@id":"https:\/\/blog.assiv.it\/#\/schema\/person\/image\/","url":"https:\/\/secure.gravatar.com\/avatar\/42707b15e1ca506907427b74e26ae5487c3c144dd171737c72937a65b75d651c?s=96&d=mm&r=g","contentUrl":"https:\/\/secure.gravatar.com\/avatar\/42707b15e1ca506907427b74e26ae5487c3c144dd171737c72937a65b75d651c?s=96&d=mm&r=g","caption":"Segreteria"},"sameAs":["http:\/\/taotypk.cluster023.hosting.ovh.net"],"url":"https:\/\/blog.assiv.it\/index.php\/author\/admin3238\/"}]}},"amp_enabled":true,"_links":{"self":[{"href":"https:\/\/blog.assiv.it\/index.php\/wp-json\/wp\/v2\/posts\/21890","targetHints":{"allow":["GET"]}}],"collection":[{"href":"https:\/\/blog.assiv.it\/index.php\/wp-json\/wp\/v2\/posts"}],"about":[{"href":"https:\/\/blog.assiv.it\/index.php\/wp-json\/wp\/v2\/types\/post"}],"author":[{"embeddable":true,"href":"https:\/\/blog.assiv.it\/index.php\/wp-json\/wp\/v2\/users\/1"}],"replies":[{"embeddable":true,"href":"https:\/\/blog.assiv.it\/index.php\/wp-json\/wp\/v2\/comments?post=21890"}],"version-history":[{"count":1,"href":"https:\/\/blog.assiv.it\/index.php\/wp-json\/wp\/v2\/posts\/21890\/revisions"}],"predecessor-version":[{"id":21893,"href":"https:\/\/blog.assiv.it\/index.php\/wp-json\/wp\/v2\/posts\/21890\/revisions\/21893"}],"wp:featuredmedia":[{"embeddable":true,"href":"https:\/\/blog.assiv.it\/index.php\/wp-json\/wp\/v2\/media\/21892"}],"wp:attachment":[{"href":"https:\/\/blog.assiv.it\/index.php\/wp-json\/wp\/v2\/media?parent=21890"}],"wp:term":[{"taxonomy":"category","embeddable":true,"href":"https:\/\/blog.assiv.it\/index.php\/wp-json\/wp\/v2\/categories?post=21890"},{"taxonomy":"post_tag","embeddable":true,"href":"https:\/\/blog.assiv.it\/index.php\/wp-json\/wp\/v2\/tags?post=21890"}],"curies":[{"name":"wp","href":"https:\/\/api.w.org\/{rel}","templated":true}]}}