{"id":22010,"date":"2026-01-21T10:46:27","date_gmt":"2026-01-21T09:46:27","guid":{"rendered":"https:\/\/blog.assiv.it\/?p=22010"},"modified":"2026-01-21T10:46:31","modified_gmt":"2026-01-21T09:46:31","slug":"barletta-andria-trani-controlli-rafforzati-su-locali-e-movida","status":"publish","type":"post","link":"https:\/\/blog.assiv.it\/index.php\/2026\/01\/21\/barletta-andria-trani-controlli-rafforzati-su-locali-e-movida\/","title":{"rendered":"Barletta Andria Trani, controlli rafforzati su locali e movida"},"content":{"rendered":"\n<p><em>Definite in prefettura le linee operative per intensificare la vigilanza sul territorio provinciale<\/em><\/p>\n\n\n\n<p>Rafforzare la sicurezza pubblica e prevenire situazioni di rischio nei luoghi di aggregazione e negli esercizi pubblici. Sono questi gli obiettivi al centro dell\u2019azione di controllo avviata su tutto il territorio della provincia di Barletta Andria Trani.<\/p>\n\n\n\n<p>Le linee di indirizzo sono state definite nel corso di una riunione tecnica di coordinamento presieduta dal prefetto, Flavia Anania, alla presenza dei vertici provinciali delle Forze dell\u2019ordine.<\/p>\n\n\n\n<p>Durante l\u2019incontro \u00e8 stato effettuato un approfondito punto della situazione: l\u2019attenzione \u00e8 stata concentrata in particolare sulle fasce orarie serali e notturne e sui contesti caratterizzati da un significativo afflusso di persone. Sulla base delle indicazioni emerse sono stati disposti controlli capillari sul territorio, secondo un modello operativo coordinato e integrato.<\/p>\n\n\n\n<p>L\u2019azione \u00e8 finalizzata a garantire il pieno rispetto delle norme in materia di ordine e sicurezza, vigilanza dei luoghi aperti al pubblico e tutela della quiete e dell\u2019incolumit\u00e0 delle persone, con particolare riguardo ai profili organizzativi e alle eventuali problematiche connesse allo svolgimento di eventi.<\/p>\n\n\n\n<p>\u00ab\u00c8 in campo una vera e propria squadra Stato, impegnata come sempre in prima linea, in modo coordinato e costante, per garantire l\u2019ordine e la sicurezza pubblica senza trascurare alcun profilo di attenzione. L\u2019obiettivo \u00e8 assicurare un equilibrato bilanciamento tra l\u2019attrattivit\u00e0 e la vitalit\u00e0 dei luoghi di aggregazione, che rappresentano una componente importante della vita sociale ed economica del territorio, e il rigoroso rispetto delle condizioni di legalit\u00e0, affinch\u00e9 sia sempre garantita la sicurezza di chi vi partecipa e, pi\u00f9 in generale, dell\u2019intera collettivit\u00e0\u00bb, ha dichiarato il prefetto.<\/p>\n\n\n\n<p>Fonte: <a href=\"http:\/\/interno.gov.it\">Ministero dell&#8217;Interno<\/a><\/p>\n\n\n\n<p><\/p>\n","protected":false},"excerpt":{"rendered":"<p>Definite in prefettura le linee operative per intensificare la vigilanza sul territorio provinciale Rafforzare la sicurezza pubblica e prevenire situazioni di rischio nei luoghi di aggregazione e negli esercizi pubblici. Sono questi gli obiettivi al centro dell\u2019azione di controllo avviata su tutto il territorio della provincia di Barletta Andria Trani. Le linee di indirizzo sono<\/p>\n","protected":false},"author":2,"featured_media":22011,"comment_status":"closed","ping_status":"closed","sticky":false,"template":"","format":"standard","meta":{"footnotes":""},"categories":[218],"tags":[1463,1462,1461,1467,1466,1460,345,1465,1464,1459,705],"class_list":{"0":"post-22010","1":"post","2":"type-post","3":"status-publish","4":"format-standard","5":"has-post-thumbnail","7":"category-sicurezza","8":"tag-controlli-forze-dellordine","9":"tag-controlli-notturni","10":"tag-esercizi-pubblici","11":"tag-eventi-pubblici","12":"tag-legalita","13":"tag-luoghi-di-aggregazione","14":"tag-ordine-pubblico","15":"tag-prefettura","16":"tag-prevenzione-rischi","17":"tag-provincia-bat","18":"tag-sicurezza-pubblica"},"yoast_head":"<!-- This site is optimized with the Yoast SEO plugin v26.0 - https:\/\/yoast.com\/wordpress\/plugins\/seo\/ -->\n<title>Barletta Andria Trani, controlli rafforzati su locali e movida - Blog.Assiv<\/title>\n<meta name=\"description\" content=\"Rafforzati i controlli su tutto il territorio della provincia di Barletta Andria Trani per garantire sicurezza, legalit\u00e0 e prevenzione dei rischi nei luoghi di aggregazione e negli esercizi pubblici.\" \/>\n<meta name=\"robots\" content=\"index, follow, max-snippet:-1, max-image-preview:large, max-video-preview:-1\" \/>\n<link rel=\"canonical\" href=\"https:\/\/blog.assiv.it\/index.php\/2026\/01\/21\/barletta-andria-trani-controlli-rafforzati-su-locali-e-movida\/\" \/>\n<meta property=\"og:locale\" content=\"it_IT\" \/>\n<meta property=\"og:type\" content=\"article\" \/>\n<meta property=\"og:title\" content=\"Barletta Andria Trani, controlli rafforzati su locali e movida - Blog.Assiv\" \/>\n<meta property=\"og:description\" content=\"Rafforzati i controlli su tutto il territorio della provincia di Barletta Andria Trani per garantire sicurezza, legalit\u00e0 e prevenzione dei rischi nei luoghi di aggregazione e negli esercizi pubblici.\" \/>\n<meta property=\"og:url\" content=\"https:\/\/blog.assiv.it\/index.php\/2026\/01\/21\/barletta-andria-trani-controlli-rafforzati-su-locali-e-movida\/\" \/>\n<meta property=\"og:site_name\" content=\"Blog.Assiv\" \/>\n<meta property=\"article:publisher\" content=\"https:\/\/www.facebook.com\/associazionevigilanza\/\" \/>\n<meta property=\"article:published_time\" content=\"2026-01-21T09:46:27+00:00\" \/>\n<meta property=\"article:modified_time\" content=\"2026-01-21T09:46:31+00:00\" \/>\n<meta property=\"og:image\" content=\"https:\/\/blog.assiv.it\/wp-content\/uploads\/2026\/01\/BAT.jpg\" \/>\n\t<meta property=\"og:image:width\" content=\"885\" \/>\n\t<meta property=\"og:image:height\" content=\"400\" \/>\n\t<meta property=\"og:image:type\" content=\"image\/jpeg\" \/>\n<meta name=\"author\" content=\"Alina Corradini\" \/>\n<meta name=\"twitter:card\" content=\"summary_large_image\" \/>\n<meta name=\"twitter:label1\" content=\"Scritto da\" \/>\n\t<meta name=\"twitter:data1\" content=\"Alina Corradini\" \/>\n\t<meta name=\"twitter:label2\" content=\"Tempo di lettura stimato\" \/>\n\t<meta name=\"twitter:data2\" content=\"2 minuti\" \/>\n<script type=\"application\/ld+json\" class=\"yoast-schema-graph\">{\"@context\":\"https:\/\/schema.org\",\"@graph\":[{\"@type\":\"Article\",\"@id\":\"https:\/\/blog.assiv.it\/index.php\/2026\/01\/21\/barletta-andria-trani-controlli-rafforzati-su-locali-e-movida\/#article\",\"isPartOf\":{\"@id\":\"https:\/\/blog.assiv.it\/index.php\/2026\/01\/21\/barletta-andria-trani-controlli-rafforzati-su-locali-e-movida\/\"},\"author\":{\"name\":\"Alina Corradini\",\"@id\":\"https:\/\/blog.assiv.it\/#\/schema\/person\/e67e6bfe974265213521b17bcb72f56c\"},\"headline\":\"Barletta Andria Trani, controlli rafforzati su locali e movida\",\"datePublished\":\"2026-01-21T09:46:27+00:00\",\"dateModified\":\"2026-01-21T09:46:31+00:00\",\"mainEntityOfPage\":{\"@id\":\"https:\/\/blog.assiv.it\/index.php\/2026\/01\/21\/barletta-andria-trani-controlli-rafforzati-su-locali-e-movida\/\"},\"wordCount\":279,\"publisher\":{\"@id\":\"https:\/\/blog.assiv.it\/#organization\"},\"image\":{\"@id\":\"https:\/\/blog.assiv.it\/index.php\/2026\/01\/21\/barletta-andria-trani-controlli-rafforzati-su-locali-e-movida\/#primaryimage\"},\"thumbnailUrl\":\"https:\/\/blog.assiv.it\/wp-content\/uploads\/2026\/01\/BAT.jpg\",\"keywords\":[\"controlli forze dell\u2019ordine\",\"controlli notturni\",\"esercizi pubblici\",\"eventi pubblici\",\"legalit\u00e0\",\"luoghi di aggregazione\",\"ordine pubblico\",\"prefettura\",\"prevenzione rischi\",\"provincia BAT\",\"sicurezza pubblica\"],\"articleSection\":[\"Sicurezza\"],\"inLanguage\":\"it-IT\"},{\"@type\":\"WebPage\",\"@id\":\"https:\/\/blog.assiv.it\/index.php\/2026\/01\/21\/barletta-andria-trani-controlli-rafforzati-su-locali-e-movida\/\",\"url\":\"https:\/\/blog.assiv.it\/index.php\/2026\/01\/21\/barletta-andria-trani-controlli-rafforzati-su-locali-e-movida\/\",\"name\":\"Barletta Andria Trani, controlli rafforzati su locali e movida - Blog.Assiv\",\"isPartOf\":{\"@id\":\"https:\/\/blog.assiv.it\/#website\"},\"primaryImageOfPage\":{\"@id\":\"https:\/\/blog.assiv.it\/index.php\/2026\/01\/21\/barletta-andria-trani-controlli-rafforzati-su-locali-e-movida\/#primaryimage\"},\"image\":{\"@id\":\"https:\/\/blog.assiv.it\/index.php\/2026\/01\/21\/barletta-andria-trani-controlli-rafforzati-su-locali-e-movida\/#primaryimage\"},\"thumbnailUrl\":\"https:\/\/blog.assiv.it\/wp-content\/uploads\/2026\/01\/BAT.jpg\",\"datePublished\":\"2026-01-21T09:46:27+00:00\",\"dateModified\":\"2026-01-21T09:46:31+00:00\",\"description\":\"Rafforzati i controlli su tutto il territorio della provincia di Barletta Andria Trani per garantire sicurezza, legalit\u00e0 e prevenzione dei rischi nei luoghi di aggregazione e negli esercizi pubblici.\",\"breadcrumb\":{\"@id\":\"https:\/\/blog.assiv.it\/index.php\/2026\/01\/21\/barletta-andria-trani-controlli-rafforzati-su-locali-e-movida\/#breadcrumb\"},\"inLanguage\":\"it-IT\",\"potentialAction\":[{\"@type\":\"ReadAction\",\"target\":[\"https:\/\/blog.assiv.it\/index.php\/2026\/01\/21\/barletta-andria-trani-controlli-rafforzati-su-locali-e-movida\/\"]}]},{\"@type\":\"ImageObject\",\"inLanguage\":\"it-IT\",\"@id\":\"https:\/\/blog.assiv.it\/index.php\/2026\/01\/21\/barletta-andria-trani-controlli-rafforzati-su-locali-e-movida\/#primaryimage\",\"url\":\"https:\/\/blog.assiv.it\/wp-content\/uploads\/2026\/01\/BAT.jpg\",\"contentUrl\":\"https:\/\/blog.assiv.it\/wp-content\/uploads\/2026\/01\/BAT.jpg\",\"width\":885,\"height\":400},{\"@type\":\"BreadcrumbList\",\"@id\":\"https:\/\/blog.assiv.it\/index.php\/2026\/01\/21\/barletta-andria-trani-controlli-rafforzati-su-locali-e-movida\/#breadcrumb\",\"itemListElement\":[{\"@type\":\"ListItem\",\"position\":1,\"name\":\"Home\",\"item\":\"https:\/\/blog.assiv.it\/\"},{\"@type\":\"ListItem\",\"position\":2,\"name\":\"Barletta Andria Trani, controlli rafforzati su locali e movida\"}]},{\"@type\":\"WebSite\",\"@id\":\"https:\/\/blog.assiv.it\/#website\",\"url\":\"https:\/\/blog.assiv.it\/\",\"name\":\"Blog.Assiv\",\"description\":\"Associazione Italiana Vigilanza e Servizi di Sicurezza\",\"publisher\":{\"@id\":\"https:\/\/blog.assiv.it\/#organization\"},\"potentialAction\":[{\"@type\":\"SearchAction\",\"target\":{\"@type\":\"EntryPoint\",\"urlTemplate\":\"https:\/\/blog.assiv.it\/?s={search_term_string}\"},\"query-input\":{\"@type\":\"PropertyValueSpecification\",\"valueRequired\":true,\"valueName\":\"search_term_string\"}}],\"inLanguage\":\"it-IT\"},{\"@type\":\"Organization\",\"@id\":\"https:\/\/blog.assiv.it\/#organization\",\"name\":\"Blog.Assiv\",\"url\":\"https:\/\/blog.assiv.it\/\",\"logo\":{\"@type\":\"ImageObject\",\"inLanguage\":\"it-IT\",\"@id\":\"https:\/\/blog.assiv.it\/#\/schema\/logo\/image\/\",\"url\":\"https:\/\/blog.assiv.it\/wp-content\/uploads\/2024\/08\/blog_assiv_logg_color.png\",\"contentUrl\":\"https:\/\/blog.assiv.it\/wp-content\/uploads\/2024\/08\/blog_assiv_logg_color.png\",\"width\":400,\"height\":102,\"caption\":\"Blog.Assiv\"},\"image\":{\"@id\":\"https:\/\/blog.assiv.it\/#\/schema\/logo\/image\/\"},\"sameAs\":[\"https:\/\/www.facebook.com\/associazionevigilanza\/\",\"https:\/\/www.linkedin.com\/in\/ass-i-v-vigilanza-e-servizi-fiduciari-6923b6169\/\"]},{\"@type\":\"Person\",\"@id\":\"https:\/\/blog.assiv.it\/#\/schema\/person\/e67e6bfe974265213521b17bcb72f56c\",\"name\":\"Alina Corradini\",\"image\":{\"@type\":\"ImageObject\",\"inLanguage\":\"it-IT\",\"@id\":\"https:\/\/blog.assiv.it\/#\/schema\/person\/image\/\",\"url\":\"https:\/\/secure.gravatar.com\/avatar\/4132aee8f9bd4bdecdebca6030c86e8da29e7fce98ad2ff7f1dcb17155c4ea90?s=96&d=mm&r=g\",\"contentUrl\":\"https:\/\/secure.gravatar.com\/avatar\/4132aee8f9bd4bdecdebca6030c86e8da29e7fce98ad2ff7f1dcb17155c4ea90?s=96&d=mm&r=g\",\"caption\":\"Alina Corradini\"},\"url\":\"https:\/\/blog.assiv.it\/index.php\/author\/alina-corradini\/\"}]}<\/script>\n<!-- \/ Yoast SEO plugin. -->","yoast_head_json":{"title":"Barletta Andria Trani, controlli rafforzati su locali e movida - Blog.Assiv","description":"Rafforzati i controlli su tutto il territorio della provincia di Barletta Andria Trani per garantire sicurezza, legalit\u00e0 e prevenzione dei rischi nei luoghi di aggregazione e negli esercizi pubblici.","robots":{"index":"index","follow":"follow","max-snippet":"max-snippet:-1","max-image-preview":"max-image-preview:large","max-video-preview":"max-video-preview:-1"},"canonical":"https:\/\/blog.assiv.it\/index.php\/2026\/01\/21\/barletta-andria-trani-controlli-rafforzati-su-locali-e-movida\/","og_locale":"it_IT","og_type":"article","og_title":"Barletta Andria Trani, controlli rafforzati su locali e movida - Blog.Assiv","og_description":"Rafforzati i controlli su tutto il territorio della provincia di Barletta Andria Trani per garantire sicurezza, legalit\u00e0 e prevenzione dei rischi nei luoghi di aggregazione e negli esercizi pubblici.","og_url":"https:\/\/blog.assiv.it\/index.php\/2026\/01\/21\/barletta-andria-trani-controlli-rafforzati-su-locali-e-movida\/","og_site_name":"Blog.Assiv","article_publisher":"https:\/\/www.facebook.com\/associazionevigilanza\/","article_published_time":"2026-01-21T09:46:27+00:00","article_modified_time":"2026-01-21T09:46:31+00:00","og_image":[{"width":885,"height":400,"url":"https:\/\/blog.assiv.it\/wp-content\/uploads\/2026\/01\/BAT.jpg","type":"image\/jpeg"}],"author":"Alina Corradini","twitter_card":"summary_large_image","twitter_misc":{"Scritto da":"Alina Corradini","Tempo di lettura stimato":"2 minuti"},"schema":{"@context":"https:\/\/schema.org","@graph":[{"@type":"Article","@id":"https:\/\/blog.assiv.it\/index.php\/2026\/01\/21\/barletta-andria-trani-controlli-rafforzati-su-locali-e-movida\/#article","isPartOf":{"@id":"https:\/\/blog.assiv.it\/index.php\/2026\/01\/21\/barletta-andria-trani-controlli-rafforzati-su-locali-e-movida\/"},"author":{"name":"Alina Corradini","@id":"https:\/\/blog.assiv.it\/#\/schema\/person\/e67e6bfe974265213521b17bcb72f56c"},"headline":"Barletta Andria Trani, controlli rafforzati su locali e movida","datePublished":"2026-01-21T09:46:27+00:00","dateModified":"2026-01-21T09:46:31+00:00","mainEntityOfPage":{"@id":"https:\/\/blog.assiv.it\/index.php\/2026\/01\/21\/barletta-andria-trani-controlli-rafforzati-su-locali-e-movida\/"},"wordCount":279,"publisher":{"@id":"https:\/\/blog.assiv.it\/#organization"},"image":{"@id":"https:\/\/blog.assiv.it\/index.php\/2026\/01\/21\/barletta-andria-trani-controlli-rafforzati-su-locali-e-movida\/#primaryimage"},"thumbnailUrl":"https:\/\/blog.assiv.it\/wp-content\/uploads\/2026\/01\/BAT.jpg","keywords":["controlli forze dell\u2019ordine","controlli notturni","esercizi pubblici","eventi pubblici","legalit\u00e0","luoghi di aggregazione","ordine pubblico","prefettura","prevenzione rischi","provincia BAT","sicurezza pubblica"],"articleSection":["Sicurezza"],"inLanguage":"it-IT"},{"@type":"WebPage","@id":"https:\/\/blog.assiv.it\/index.php\/2026\/01\/21\/barletta-andria-trani-controlli-rafforzati-su-locali-e-movida\/","url":"https:\/\/blog.assiv.it\/index.php\/2026\/01\/21\/barletta-andria-trani-controlli-rafforzati-su-locali-e-movida\/","name":"Barletta Andria Trani, controlli rafforzati su locali e movida - Blog.Assiv","isPartOf":{"@id":"https:\/\/blog.assiv.it\/#website"},"primaryImageOfPage":{"@id":"https:\/\/blog.assiv.it\/index.php\/2026\/01\/21\/barletta-andria-trani-controlli-rafforzati-su-locali-e-movida\/#primaryimage"},"image":{"@id":"https:\/\/blog.assiv.it\/index.php\/2026\/01\/21\/barletta-andria-trani-controlli-rafforzati-su-locali-e-movida\/#primaryimage"},"thumbnailUrl":"https:\/\/blog.assiv.it\/wp-content\/uploads\/2026\/01\/BAT.jpg","datePublished":"2026-01-21T09:46:27+00:00","dateModified":"2026-01-21T09:46:31+00:00","description":"Rafforzati i controlli su tutto il territorio della provincia di Barletta Andria Trani per garantire sicurezza, legalit\u00e0 e prevenzione dei rischi nei luoghi di aggregazione e negli esercizi pubblici.","breadcrumb":{"@id":"https:\/\/blog.assiv.it\/index.php\/2026\/01\/21\/barletta-andria-trani-controlli-rafforzati-su-locali-e-movida\/#breadcrumb"},"inLanguage":"it-IT","potentialAction":[{"@type":"ReadAction","target":["https:\/\/blog.assiv.it\/index.php\/2026\/01\/21\/barletta-andria-trani-controlli-rafforzati-su-locali-e-movida\/"]}]},{"@type":"ImageObject","inLanguage":"it-IT","@id":"https:\/\/blog.assiv.it\/index.php\/2026\/01\/21\/barletta-andria-trani-controlli-rafforzati-su-locali-e-movida\/#primaryimage","url":"https:\/\/blog.assiv.it\/wp-content\/uploads\/2026\/01\/BAT.jpg","contentUrl":"https:\/\/blog.assiv.it\/wp-content\/uploads\/2026\/01\/BAT.jpg","width":885,"height":400},{"@type":"BreadcrumbList","@id":"https:\/\/blog.assiv.it\/index.php\/2026\/01\/21\/barletta-andria-trani-controlli-rafforzati-su-locali-e-movida\/#breadcrumb","itemListElement":[{"@type":"ListItem","position":1,"name":"Home","item":"https:\/\/blog.assiv.it\/"},{"@type":"ListItem","position":2,"name":"Barletta Andria Trani, controlli rafforzati su locali e movida"}]},{"@type":"WebSite","@id":"https:\/\/blog.assiv.it\/#website","url":"https:\/\/blog.assiv.it\/","name":"Blog.Assiv","description":"Associazione Italiana Vigilanza e Servizi di Sicurezza","publisher":{"@id":"https:\/\/blog.assiv.it\/#organization"},"potentialAction":[{"@type":"SearchAction","target":{"@type":"EntryPoint","urlTemplate":"https:\/\/blog.assiv.it\/?s={search_term_string}"},"query-input":{"@type":"PropertyValueSpecification","valueRequired":true,"valueName":"search_term_string"}}],"inLanguage":"it-IT"},{"@type":"Organization","@id":"https:\/\/blog.assiv.it\/#organization","name":"Blog.Assiv","url":"https:\/\/blog.assiv.it\/","logo":{"@type":"ImageObject","inLanguage":"it-IT","@id":"https:\/\/blog.assiv.it\/#\/schema\/logo\/image\/","url":"https:\/\/blog.assiv.it\/wp-content\/uploads\/2024\/08\/blog_assiv_logg_color.png","contentUrl":"https:\/\/blog.assiv.it\/wp-content\/uploads\/2024\/08\/blog_assiv_logg_color.png","width":400,"height":102,"caption":"Blog.Assiv"},"image":{"@id":"https:\/\/blog.assiv.it\/#\/schema\/logo\/image\/"},"sameAs":["https:\/\/www.facebook.com\/associazionevigilanza\/","https:\/\/www.linkedin.com\/in\/ass-i-v-vigilanza-e-servizi-fiduciari-6923b6169\/"]},{"@type":"Person","@id":"https:\/\/blog.assiv.it\/#\/schema\/person\/e67e6bfe974265213521b17bcb72f56c","name":"Alina Corradini","image":{"@type":"ImageObject","inLanguage":"it-IT","@id":"https:\/\/blog.assiv.it\/#\/schema\/person\/image\/","url":"https:\/\/secure.gravatar.com\/avatar\/4132aee8f9bd4bdecdebca6030c86e8da29e7fce98ad2ff7f1dcb17155c4ea90?s=96&d=mm&r=g","contentUrl":"https:\/\/secure.gravatar.com\/avatar\/4132aee8f9bd4bdecdebca6030c86e8da29e7fce98ad2ff7f1dcb17155c4ea90?s=96&d=mm&r=g","caption":"Alina Corradini"},"url":"https:\/\/blog.assiv.it\/index.php\/author\/alina-corradini\/"}]}},"amp_enabled":true,"_links":{"self":[{"href":"https:\/\/blog.assiv.it\/index.php\/wp-json\/wp\/v2\/posts\/22010","targetHints":{"allow":["GET"]}}],"collection":[{"href":"https:\/\/blog.assiv.it\/index.php\/wp-json\/wp\/v2\/posts"}],"about":[{"href":"https:\/\/blog.assiv.it\/index.php\/wp-json\/wp\/v2\/types\/post"}],"author":[{"embeddable":true,"href":"https:\/\/blog.assiv.it\/index.php\/wp-json\/wp\/v2\/users\/2"}],"replies":[{"embeddable":true,"href":"https:\/\/blog.assiv.it\/index.php\/wp-json\/wp\/v2\/comments?post=22010"}],"version-history":[{"count":1,"href":"https:\/\/blog.assiv.it\/index.php\/wp-json\/wp\/v2\/posts\/22010\/revisions"}],"predecessor-version":[{"id":22013,"href":"https:\/\/blog.assiv.it\/index.php\/wp-json\/wp\/v2\/posts\/22010\/revisions\/22013"}],"wp:featuredmedia":[{"embeddable":true,"href":"https:\/\/blog.assiv.it\/index.php\/wp-json\/wp\/v2\/media\/22011"}],"wp:attachment":[{"href":"https:\/\/blog.assiv.it\/index.php\/wp-json\/wp\/v2\/media?parent=22010"}],"wp:term":[{"taxonomy":"category","embeddable":true,"href":"https:\/\/blog.assiv.it\/index.php\/wp-json\/wp\/v2\/categories?post=22010"},{"taxonomy":"post_tag","embeddable":true,"href":"https:\/\/blog.assiv.it\/index.php\/wp-json\/wp\/v2\/tags?post=22010"}],"curies":[{"name":"wp","href":"https:\/\/api.w.org\/{rel}","templated":true}]}}