{"id":22020,"date":"2026-01-26T16:15:36","date_gmt":"2026-01-26T15:15:36","guid":{"rendered":"https:\/\/blog.assiv.it\/?p=22020"},"modified":"2026-02-01T10:03:45","modified_gmt":"2026-02-01T09:03:45","slug":"sicurezza-reale-e-sicurezza-percepita-viaggiano-insieme-huffington-post","status":"publish","type":"post","link":"https:\/\/blog.assiv.it\/index.php\/2026\/01\/26\/sicurezza-reale-e-sicurezza-percepita-viaggiano-insieme-huffington-post\/","title":{"rendered":"Sicurezza reale e sicurezza percepita viaggiano insieme (Huffington Post)"},"content":{"rendered":"\n<p><em>La proposta di legge C. 2740 prova a intervenire su diversi punti critici, ripristinando la procedibilit\u00e0 d\u2019ufficio, rafforzando i piani di prevenzione coordinati dalle prefetture, semplificando le modalit\u00e0 di denuncia e introducendo strumenti di monitoraggio e finanziamento dedicati<\/em><\/p>\n\n\n\n<p>La sicurezza urbana \u00e8 tornata con forza al centro del dibattito pubblico. La&nbsp;<a href=\"https:\/\/www.camera.it\/leg19\/126?leg=19&amp;idDocumento=2740&amp;ancora=\">proposta di legge C. 2740<\/a>, a prima firma dell\u2019onorevole Marianna Ricciardi, affronta in modo esplicito il tema dei furti con destrezza nelle aree a maggiore afflusso di persone, uno dei fenomeni che pi\u00f9 incidono sulla percezione quotidiana di insicurezza nelle grandi citt\u00e0 italiane.<\/p>\n\n\n\n<p>La sicurezza urbana \u00e8 tornata con forza al centro del dibattito pubblico. La&nbsp;<a href=\"https:\/\/www.camera.it\/leg19\/126?leg=19&amp;idDocumento=2740&amp;ancora=\">proposta di legge C. 2740<\/a>, a prima firma dell\u2019onorevole Marianna Ricciardi, affronta in modo esplicito il tema dei furti con destrezza nelle aree a maggiore afflusso di persone, uno dei fenomeni che pi\u00f9 incidono sulla percezione quotidiana di insicurezza nelle grandi citt\u00e0 italiane.<\/p>\n\n\n\n<p>I dati confermano che non si tratta di un allarme infondato. Il&nbsp;<a href=\"https:\/\/www.censis.it\/rapporto\/rapporto-2025\/\">59\u00b0 Rapporto Censis<\/a>&nbsp;restituisce un quadro chiaro e preoccupante, descrivendo citt\u00e0 sempre pi\u00f9 fragili e cittadini che si sentono meno protetti: oltre il 73% dei residenti nei grandi centri urbani dichiara di essere stato almeno una volta vittima o testimone di un episodio percepito come pericoloso. Non si tratta soltanto di furti e borseggi: il Censis segnala una diffusione significativa di rapine, aggressioni, risse, molestie e violenze, fenomeni che contribuiscono a deteriorare la qualit\u00e0 della vita e la fiducia nello spazio pubblico. In questo scenario, i furti con destrezza rappresentano una componente rilevante ma non esclusiva di un fenomeno pi\u00f9 ampio. Roma e Milano rappresentano esempi emblematici: agli elevati numeri dei borseggi si affiancano dati preoccupanti su rapine in strada ed episodi di violenza, soprattutto nei luoghi pi\u00f9 frequentati, nei nodi di trasporto e nelle aree a vocazione turistica. Anche quando le statistiche registrano lievi flessioni, la percezione di insicurezza resta elevata. \u00c8 il segnale di un problema che non pu\u00f2 essere letto solo in termini numerici, ma che chiama in causa l\u2019efficacia delle regole e la capacit\u00e0 dello Stato di presidiare concretamente il territorio.<\/p>\n\n\n\n<p>In questo quadro, il regime giuridico vigente ha mostrato limiti evidenti. La procedibilit\u00e0 a querela per il furto con destrezza ha spesso reso difficile intervenire con tempestivit\u00e0 ed efficacia, soprattutto quando le vittime sono turisti o persone non residenti, che raramente riescono a sporgere denuncia immediata. In molte realt\u00e0 urbane questo ha alimentato una pericolosa percezione di impunit\u00e0, favorendo fenomeni seriali e organizzati.<\/p>\n\n\n\n<p>La proposta di legge C. 2740 prova a intervenire su questi punti critici, ripristinando la procedibilit\u00e0 d\u2019ufficio, rafforzando i piani di prevenzione coordinati dalle prefetture, semplificando le modalit\u00e0 di denuncia e introducendo strumenti di monitoraggio e finanziamento dedicati. Un impianto che riconosce una verit\u00e0 spesso trascurata: la sicurezza urbana non \u00e8 solo repressione, ma anche organizzazione, coordinamento e chiarezza normativa.<\/p>\n\n\n\n<p>\u00c8 in questa logica che si inserisce l\u2019intervento sull\u2019articolo 9, relativo allo status giuridico delle guardie giurate. Parliamo di professionisti che, ogni giorno, operano per la tutela di beni pubblici e privati e che dal 2008 rivestono la qualifica di incaricati di pubblico servizio. La proposta non stravolge l\u2019assetto esistente, ma lo rende pi\u00f9 chiaro ed efficace: quando le guardie giurate operano presso enti pubblici o su richiesta dell\u2019autorit\u00e0 di pubblica sicurezza per attivit\u00e0 di accertamento o repressione dei reati sui beni affidati, viene riconosciuta la qualifica di pubblici ufficiali e il ruolo di agenti ausiliari di pubblica sicurezza.<\/p>\n\n\n\n<p>Non \u00e8 una rivoluzione, ma un chiarimento necessario. L\u2019articolo 139 del TULPS e una giurisprudenza consolidata gi\u00e0 prevedono e riconoscono queste funzioni. Adesso per\u00f2 la previsione normativa intende definire in maniera chiara lo status giuridico della Guardia che si trovi nelle situazioni descritte, consentendo, con questo, una migliore elaborazione di quei piani strutturali per la repressione dei furti con destrezza che il Prefetto dovrebbe adottare nelle aree sensibili del territorio.<\/p>\n\n\n\n<p>Come ASSIV, valutiamo positivamente il ritorno a una visione organica della sicurezza urbana. Le criticit\u00e0 emerse negli ultimi anni e le difficolt\u00e0 segnalate quotidianamente dagli operatori dimostrano che sicurezza reale e sicurezza percepita viaggiano insieme e dipendono anche dalla credibilit\u00e0 delle norme e dalla loro concreta applicazione. La vigilanza privata, inserita in un quadro regolatorio rigoroso e gi\u00e0 oggi essenziale per la protezione di infrastrutture, trasporti e luoghi pubblici e privati, pu\u00f2 e deve essere parte della risposta al crimine predatorio.<\/p>\n\n\n\n<p>Per queste ragioni, ASSIV segue con attenzione l\u2019iter parlamentare della proposta di legge C. 2740 e conferma la piena disponibilit\u00e0 a partecipare a ogni sede di confronto, audizione o tavolo tecnico che Parlamento e Governo vorranno attivare. La sicurezza \u00e8 un bene comune e, come tale, va costruita insieme.<\/p>\n\n\n\n<p><a href=\"https:\/\/www.huffingtonpost.it\/blog\/2026\/01\/26\/news\/la_sicurezza_urbana_e_organizzazione_coordinamento_e_chiarezza_normativa-21048891\/\">Leggi l\u2019articolo sull\u2019Huffington Post<\/a><\/p>\n\n\n\n<p><a href=\"https:\/\/www.huffingtonpost.it\/autori\/maria_cristina_urbano\/\">Segui il blog di Maria Cristina Urbano<\/a><\/p>\n","protected":false},"excerpt":{"rendered":"<p>La proposta di legge C. 2740 prova a intervenire su diversi punti critici, ripristinando la procedibilit\u00e0 d\u2019ufficio, rafforzando i piani di prevenzione coordinati dalle prefetture, semplificando le modalit\u00e0 di denuncia e introducendo strumenti di monitoraggio e finanziamento dedicati La sicurezza urbana \u00e8 tornata con forza al centro del dibattito pubblico. La&nbsp;proposta di legge C. 2740,<\/p>\n","protected":false},"author":5,"featured_media":22021,"comment_status":"closed","ping_status":"closed","sticky":false,"template":"","format":"standard","meta":{"footnotes":""},"categories":[217],"tags":[1498,159,1487,1490,1488,1495,1200,1489,108,1493,1491,1494,1486,354,1492,1500,1496,1499,1497,1484,1485,112,125],"class_list":{"0":"post-22020","1":"post","2":"type-post","3":"status-publish","4":"format-standard","5":"has-post-thumbnail","7":"category-policy","8":"tag-agente-ausiliario-di-pubblica-sicurezza","9":"tag-assiv","10":"tag-borseggi","11":"tag-chiarezza-normativa","12":"tag-coordinamento","13":"tag-finanziamento","14":"tag-forze-dellordine","15":"tag-furto-con-destrezza","16":"tag-guardie-giurate","17":"tag-monitoraggio","18":"tag-organizzazione","19":"tag-piani-di-sicurezza","20":"tag-prefetture","21":"tag-prevenzione","22":"tag-procedibilita-dufficio","23":"tag-proposta-di-legge-c-2740","24":"tag-protocolli-sicurezza-urbana","25":"tag-pubblico-ufficiale","26":"tag-querela","27":"tag-sicurezza-percepita","28":"tag-sicurezza-reale","29":"tag-sicurezza-urbana","30":"tag-vigilanza-privata"},"yoast_head":"<!-- This site is optimized with the Yoast SEO plugin v26.0 - https:\/\/yoast.com\/wordpress\/plugins\/seo\/ -->\n<title>Sicurezza reale e sicurezza percepita viaggiano insieme (Huffington Post)<\/title>\n<meta name=\"description\" content=\"Sicurezza reale e sicurezza percepita viaggiano insieme (Huffington Post)\" \/>\n<meta name=\"robots\" content=\"index, follow, max-snippet:-1, max-image-preview:large, max-video-preview:-1\" \/>\n<link rel=\"canonical\" href=\"https:\/\/blog.assiv.it\/index.php\/2026\/01\/26\/sicurezza-reale-e-sicurezza-percepita-viaggiano-insieme-huffington-post\/\" \/>\n<meta property=\"og:locale\" content=\"it_IT\" \/>\n<meta property=\"og:type\" content=\"article\" \/>\n<meta property=\"og:title\" content=\"Sicurezza reale e sicurezza percepita viaggiano insieme (Huffington Post)\" \/>\n<meta property=\"og:description\" content=\"Sicurezza reale e sicurezza percepita viaggiano insieme (Huffington Post)\" \/>\n<meta property=\"og:url\" content=\"https:\/\/blog.assiv.it\/index.php\/2026\/01\/26\/sicurezza-reale-e-sicurezza-percepita-viaggiano-insieme-huffington-post\/\" \/>\n<meta property=\"og:site_name\" content=\"Blog.Assiv\" \/>\n<meta property=\"article:publisher\" content=\"https:\/\/www.facebook.com\/associazionevigilanza\/\" \/>\n<meta property=\"article:published_time\" content=\"2026-01-26T15:15:36+00:00\" \/>\n<meta property=\"article:modified_time\" content=\"2026-02-01T09:03:45+00:00\" \/>\n<meta property=\"og:image\" content=\"https:\/\/blog.assiv.it\/wp-content\/uploads\/2026\/01\/Huff.webp\" \/>\n\t<meta property=\"og:image:width\" content=\"801\" \/>\n\t<meta property=\"og:image:height\" content=\"450\" \/>\n\t<meta property=\"og:image:type\" content=\"image\/webp\" \/>\n<meta name=\"author\" content=\"Maria Cristina Urbano\" \/>\n<meta name=\"twitter:card\" content=\"summary_large_image\" \/>\n<meta name=\"twitter:label1\" content=\"Scritto da\" \/>\n\t<meta name=\"twitter:data1\" content=\"Maria Cristina Urbano\" \/>\n\t<meta name=\"twitter:label2\" content=\"Tempo di lettura stimato\" \/>\n\t<meta name=\"twitter:data2\" content=\"5 minuti\" \/>\n<script type=\"application\/ld+json\" class=\"yoast-schema-graph\">{\"@context\":\"https:\/\/schema.org\",\"@graph\":[{\"@type\":\"Article\",\"@id\":\"https:\/\/blog.assiv.it\/index.php\/2026\/01\/26\/sicurezza-reale-e-sicurezza-percepita-viaggiano-insieme-huffington-post\/#article\",\"isPartOf\":{\"@id\":\"https:\/\/blog.assiv.it\/index.php\/2026\/01\/26\/sicurezza-reale-e-sicurezza-percepita-viaggiano-insieme-huffington-post\/\"},\"author\":{\"name\":\"Maria Cristina Urbano\",\"@id\":\"https:\/\/blog.assiv.it\/#\/schema\/person\/7dbd004a19146daf38a1a6146e6b8314\"},\"headline\":\"Sicurezza reale e sicurezza percepita viaggiano insieme (Huffington Post)\",\"datePublished\":\"2026-01-26T15:15:36+00:00\",\"dateModified\":\"2026-02-01T09:03:45+00:00\",\"mainEntityOfPage\":{\"@id\":\"https:\/\/blog.assiv.it\/index.php\/2026\/01\/26\/sicurezza-reale-e-sicurezza-percepita-viaggiano-insieme-huffington-post\/\"},\"wordCount\":789,\"publisher\":{\"@id\":\"https:\/\/blog.assiv.it\/#organization\"},\"image\":{\"@id\":\"https:\/\/blog.assiv.it\/index.php\/2026\/01\/26\/sicurezza-reale-e-sicurezza-percepita-viaggiano-insieme-huffington-post\/#primaryimage\"},\"thumbnailUrl\":\"https:\/\/blog.assiv.it\/wp-content\/uploads\/2026\/01\/Huff.webp\",\"keywords\":[\"agente ausiliario di pubblica sicurezza\",\"ASSIV\",\"borseggi\",\"chiarezza normativa\",\"coordinamento\",\"finanziamento\",\"Forze dell\u2019Ordine\",\"furto con destrezza\",\"guardie giurate\",\"monitoraggio\",\"organizzazione\",\"piani di sicurezza\",\"prefetture\",\"prevenzione\",\"procedibilit\u00e0 d\u2019ufficio\",\"proposta di legge C.2740\",\"protocolli sicurezza urbana\",\"pubblico ufficiale\",\"querela\",\"sicurezza percepita\",\"sicurezza reale\",\"sicurezza urbana\",\"vigilanza privata\"],\"articleSection\":[\"Policy\"],\"inLanguage\":\"it-IT\"},{\"@type\":\"WebPage\",\"@id\":\"https:\/\/blog.assiv.it\/index.php\/2026\/01\/26\/sicurezza-reale-e-sicurezza-percepita-viaggiano-insieme-huffington-post\/\",\"url\":\"https:\/\/blog.assiv.it\/index.php\/2026\/01\/26\/sicurezza-reale-e-sicurezza-percepita-viaggiano-insieme-huffington-post\/\",\"name\":\"Sicurezza reale e sicurezza percepita viaggiano insieme (Huffington Post)\",\"isPartOf\":{\"@id\":\"https:\/\/blog.assiv.it\/#website\"},\"primaryImageOfPage\":{\"@id\":\"https:\/\/blog.assiv.it\/index.php\/2026\/01\/26\/sicurezza-reale-e-sicurezza-percepita-viaggiano-insieme-huffington-post\/#primaryimage\"},\"image\":{\"@id\":\"https:\/\/blog.assiv.it\/index.php\/2026\/01\/26\/sicurezza-reale-e-sicurezza-percepita-viaggiano-insieme-huffington-post\/#primaryimage\"},\"thumbnailUrl\":\"https:\/\/blog.assiv.it\/wp-content\/uploads\/2026\/01\/Huff.webp\",\"datePublished\":\"2026-01-26T15:15:36+00:00\",\"dateModified\":\"2026-02-01T09:03:45+00:00\",\"description\":\"Sicurezza reale e sicurezza percepita viaggiano insieme (Huffington Post)\",\"breadcrumb\":{\"@id\":\"https:\/\/blog.assiv.it\/index.php\/2026\/01\/26\/sicurezza-reale-e-sicurezza-percepita-viaggiano-insieme-huffington-post\/#breadcrumb\"},\"inLanguage\":\"it-IT\",\"potentialAction\":[{\"@type\":\"ReadAction\",\"target\":[\"https:\/\/blog.assiv.it\/index.php\/2026\/01\/26\/sicurezza-reale-e-sicurezza-percepita-viaggiano-insieme-huffington-post\/\"]}]},{\"@type\":\"ImageObject\",\"inLanguage\":\"it-IT\",\"@id\":\"https:\/\/blog.assiv.it\/index.php\/2026\/01\/26\/sicurezza-reale-e-sicurezza-percepita-viaggiano-insieme-huffington-post\/#primaryimage\",\"url\":\"https:\/\/blog.assiv.it\/wp-content\/uploads\/2026\/01\/Huff.webp\",\"contentUrl\":\"https:\/\/blog.assiv.it\/wp-content\/uploads\/2026\/01\/Huff.webp\",\"width\":801,\"height\":450},{\"@type\":\"BreadcrumbList\",\"@id\":\"https:\/\/blog.assiv.it\/index.php\/2026\/01\/26\/sicurezza-reale-e-sicurezza-percepita-viaggiano-insieme-huffington-post\/#breadcrumb\",\"itemListElement\":[{\"@type\":\"ListItem\",\"position\":1,\"name\":\"Home\",\"item\":\"https:\/\/blog.assiv.it\/\"},{\"@type\":\"ListItem\",\"position\":2,\"name\":\"Sicurezza reale e sicurezza percepita viaggiano insieme (Huffington Post)\"}]},{\"@type\":\"WebSite\",\"@id\":\"https:\/\/blog.assiv.it\/#website\",\"url\":\"https:\/\/blog.assiv.it\/\",\"name\":\"Blog.Assiv\",\"description\":\"Associazione Italiana Vigilanza e Servizi di Sicurezza\",\"publisher\":{\"@id\":\"https:\/\/blog.assiv.it\/#organization\"},\"potentialAction\":[{\"@type\":\"SearchAction\",\"target\":{\"@type\":\"EntryPoint\",\"urlTemplate\":\"https:\/\/blog.assiv.it\/?s={search_term_string}\"},\"query-input\":{\"@type\":\"PropertyValueSpecification\",\"valueRequired\":true,\"valueName\":\"search_term_string\"}}],\"inLanguage\":\"it-IT\"},{\"@type\":\"Organization\",\"@id\":\"https:\/\/blog.assiv.it\/#organization\",\"name\":\"Blog.Assiv\",\"url\":\"https:\/\/blog.assiv.it\/\",\"logo\":{\"@type\":\"ImageObject\",\"inLanguage\":\"it-IT\",\"@id\":\"https:\/\/blog.assiv.it\/#\/schema\/logo\/image\/\",\"url\":\"https:\/\/blog.assiv.it\/wp-content\/uploads\/2024\/08\/blog_assiv_logg_color.png\",\"contentUrl\":\"https:\/\/blog.assiv.it\/wp-content\/uploads\/2024\/08\/blog_assiv_logg_color.png\",\"width\":400,\"height\":102,\"caption\":\"Blog.Assiv\"},\"image\":{\"@id\":\"https:\/\/blog.assiv.it\/#\/schema\/logo\/image\/\"},\"sameAs\":[\"https:\/\/www.facebook.com\/associazionevigilanza\/\",\"https:\/\/www.linkedin.com\/in\/ass-i-v-vigilanza-e-servizi-fiduciari-6923b6169\/\"]},{\"@type\":\"Person\",\"@id\":\"https:\/\/blog.assiv.it\/#\/schema\/person\/7dbd004a19146daf38a1a6146e6b8314\",\"name\":\"Maria Cristina Urbano\",\"image\":{\"@type\":\"ImageObject\",\"inLanguage\":\"it-IT\",\"@id\":\"https:\/\/blog.assiv.it\/#\/schema\/person\/image\/\",\"url\":\"https:\/\/secure.gravatar.com\/avatar\/d9a1b6d73068a28d833e93bdf94625f840498467ae923d8dfb2f2d4fa26c07b3?s=96&d=mm&r=g\",\"contentUrl\":\"https:\/\/secure.gravatar.com\/avatar\/d9a1b6d73068a28d833e93bdf94625f840498467ae923d8dfb2f2d4fa26c07b3?s=96&d=mm&r=g\",\"caption\":\"Maria Cristina Urbano\"},\"url\":\"https:\/\/blog.assiv.it\/index.php\/author\/maria-cristina-urbano\/\"}]}<\/script>\n<!-- \/ Yoast SEO plugin. -->","yoast_head_json":{"title":"Sicurezza reale e sicurezza percepita viaggiano insieme (Huffington Post)","description":"Sicurezza reale e sicurezza percepita viaggiano insieme (Huffington Post)","robots":{"index":"index","follow":"follow","max-snippet":"max-snippet:-1","max-image-preview":"max-image-preview:large","max-video-preview":"max-video-preview:-1"},"canonical":"https:\/\/blog.assiv.it\/index.php\/2026\/01\/26\/sicurezza-reale-e-sicurezza-percepita-viaggiano-insieme-huffington-post\/","og_locale":"it_IT","og_type":"article","og_title":"Sicurezza reale e sicurezza percepita viaggiano insieme (Huffington Post)","og_description":"Sicurezza reale e sicurezza percepita viaggiano insieme (Huffington Post)","og_url":"https:\/\/blog.assiv.it\/index.php\/2026\/01\/26\/sicurezza-reale-e-sicurezza-percepita-viaggiano-insieme-huffington-post\/","og_site_name":"Blog.Assiv","article_publisher":"https:\/\/www.facebook.com\/associazionevigilanza\/","article_published_time":"2026-01-26T15:15:36+00:00","article_modified_time":"2026-02-01T09:03:45+00:00","og_image":[{"width":801,"height":450,"url":"https:\/\/blog.assiv.it\/wp-content\/uploads\/2026\/01\/Huff.webp","type":"image\/webp"}],"author":"Maria Cristina Urbano","twitter_card":"summary_large_image","twitter_misc":{"Scritto da":"Maria Cristina Urbano","Tempo di lettura stimato":"5 minuti"},"schema":{"@context":"https:\/\/schema.org","@graph":[{"@type":"Article","@id":"https:\/\/blog.assiv.it\/index.php\/2026\/01\/26\/sicurezza-reale-e-sicurezza-percepita-viaggiano-insieme-huffington-post\/#article","isPartOf":{"@id":"https:\/\/blog.assiv.it\/index.php\/2026\/01\/26\/sicurezza-reale-e-sicurezza-percepita-viaggiano-insieme-huffington-post\/"},"author":{"name":"Maria Cristina Urbano","@id":"https:\/\/blog.assiv.it\/#\/schema\/person\/7dbd004a19146daf38a1a6146e6b8314"},"headline":"Sicurezza reale e sicurezza percepita viaggiano insieme (Huffington Post)","datePublished":"2026-01-26T15:15:36+00:00","dateModified":"2026-02-01T09:03:45+00:00","mainEntityOfPage":{"@id":"https:\/\/blog.assiv.it\/index.php\/2026\/01\/26\/sicurezza-reale-e-sicurezza-percepita-viaggiano-insieme-huffington-post\/"},"wordCount":789,"publisher":{"@id":"https:\/\/blog.assiv.it\/#organization"},"image":{"@id":"https:\/\/blog.assiv.it\/index.php\/2026\/01\/26\/sicurezza-reale-e-sicurezza-percepita-viaggiano-insieme-huffington-post\/#primaryimage"},"thumbnailUrl":"https:\/\/blog.assiv.it\/wp-content\/uploads\/2026\/01\/Huff.webp","keywords":["agente ausiliario di pubblica sicurezza","ASSIV","borseggi","chiarezza normativa","coordinamento","finanziamento","Forze dell\u2019Ordine","furto con destrezza","guardie giurate","monitoraggio","organizzazione","piani di sicurezza","prefetture","prevenzione","procedibilit\u00e0 d\u2019ufficio","proposta di legge C.2740","protocolli sicurezza urbana","pubblico ufficiale","querela","sicurezza percepita","sicurezza reale","sicurezza urbana","vigilanza privata"],"articleSection":["Policy"],"inLanguage":"it-IT"},{"@type":"WebPage","@id":"https:\/\/blog.assiv.it\/index.php\/2026\/01\/26\/sicurezza-reale-e-sicurezza-percepita-viaggiano-insieme-huffington-post\/","url":"https:\/\/blog.assiv.it\/index.php\/2026\/01\/26\/sicurezza-reale-e-sicurezza-percepita-viaggiano-insieme-huffington-post\/","name":"Sicurezza reale e sicurezza percepita viaggiano insieme (Huffington Post)","isPartOf":{"@id":"https:\/\/blog.assiv.it\/#website"},"primaryImageOfPage":{"@id":"https:\/\/blog.assiv.it\/index.php\/2026\/01\/26\/sicurezza-reale-e-sicurezza-percepita-viaggiano-insieme-huffington-post\/#primaryimage"},"image":{"@id":"https:\/\/blog.assiv.it\/index.php\/2026\/01\/26\/sicurezza-reale-e-sicurezza-percepita-viaggiano-insieme-huffington-post\/#primaryimage"},"thumbnailUrl":"https:\/\/blog.assiv.it\/wp-content\/uploads\/2026\/01\/Huff.webp","datePublished":"2026-01-26T15:15:36+00:00","dateModified":"2026-02-01T09:03:45+00:00","description":"Sicurezza reale e sicurezza percepita viaggiano insieme (Huffington Post)","breadcrumb":{"@id":"https:\/\/blog.assiv.it\/index.php\/2026\/01\/26\/sicurezza-reale-e-sicurezza-percepita-viaggiano-insieme-huffington-post\/#breadcrumb"},"inLanguage":"it-IT","potentialAction":[{"@type":"ReadAction","target":["https:\/\/blog.assiv.it\/index.php\/2026\/01\/26\/sicurezza-reale-e-sicurezza-percepita-viaggiano-insieme-huffington-post\/"]}]},{"@type":"ImageObject","inLanguage":"it-IT","@id":"https:\/\/blog.assiv.it\/index.php\/2026\/01\/26\/sicurezza-reale-e-sicurezza-percepita-viaggiano-insieme-huffington-post\/#primaryimage","url":"https:\/\/blog.assiv.it\/wp-content\/uploads\/2026\/01\/Huff.webp","contentUrl":"https:\/\/blog.assiv.it\/wp-content\/uploads\/2026\/01\/Huff.webp","width":801,"height":450},{"@type":"BreadcrumbList","@id":"https:\/\/blog.assiv.it\/index.php\/2026\/01\/26\/sicurezza-reale-e-sicurezza-percepita-viaggiano-insieme-huffington-post\/#breadcrumb","itemListElement":[{"@type":"ListItem","position":1,"name":"Home","item":"https:\/\/blog.assiv.it\/"},{"@type":"ListItem","position":2,"name":"Sicurezza reale e sicurezza percepita viaggiano insieme (Huffington Post)"}]},{"@type":"WebSite","@id":"https:\/\/blog.assiv.it\/#website","url":"https:\/\/blog.assiv.it\/","name":"Blog.Assiv","description":"Associazione Italiana Vigilanza e Servizi di Sicurezza","publisher":{"@id":"https:\/\/blog.assiv.it\/#organization"},"potentialAction":[{"@type":"SearchAction","target":{"@type":"EntryPoint","urlTemplate":"https:\/\/blog.assiv.it\/?s={search_term_string}"},"query-input":{"@type":"PropertyValueSpecification","valueRequired":true,"valueName":"search_term_string"}}],"inLanguage":"it-IT"},{"@type":"Organization","@id":"https:\/\/blog.assiv.it\/#organization","name":"Blog.Assiv","url":"https:\/\/blog.assiv.it\/","logo":{"@type":"ImageObject","inLanguage":"it-IT","@id":"https:\/\/blog.assiv.it\/#\/schema\/logo\/image\/","url":"https:\/\/blog.assiv.it\/wp-content\/uploads\/2024\/08\/blog_assiv_logg_color.png","contentUrl":"https:\/\/blog.assiv.it\/wp-content\/uploads\/2024\/08\/blog_assiv_logg_color.png","width":400,"height":102,"caption":"Blog.Assiv"},"image":{"@id":"https:\/\/blog.assiv.it\/#\/schema\/logo\/image\/"},"sameAs":["https:\/\/www.facebook.com\/associazionevigilanza\/","https:\/\/www.linkedin.com\/in\/ass-i-v-vigilanza-e-servizi-fiduciari-6923b6169\/"]},{"@type":"Person","@id":"https:\/\/blog.assiv.it\/#\/schema\/person\/7dbd004a19146daf38a1a6146e6b8314","name":"Maria Cristina Urbano","image":{"@type":"ImageObject","inLanguage":"it-IT","@id":"https:\/\/blog.assiv.it\/#\/schema\/person\/image\/","url":"https:\/\/secure.gravatar.com\/avatar\/d9a1b6d73068a28d833e93bdf94625f840498467ae923d8dfb2f2d4fa26c07b3?s=96&d=mm&r=g","contentUrl":"https:\/\/secure.gravatar.com\/avatar\/d9a1b6d73068a28d833e93bdf94625f840498467ae923d8dfb2f2d4fa26c07b3?s=96&d=mm&r=g","caption":"Maria Cristina Urbano"},"url":"https:\/\/blog.assiv.it\/index.php\/author\/maria-cristina-urbano\/"}]}},"amp_enabled":true,"_links":{"self":[{"href":"https:\/\/blog.assiv.it\/index.php\/wp-json\/wp\/v2\/posts\/22020","targetHints":{"allow":["GET"]}}],"collection":[{"href":"https:\/\/blog.assiv.it\/index.php\/wp-json\/wp\/v2\/posts"}],"about":[{"href":"https:\/\/blog.assiv.it\/index.php\/wp-json\/wp\/v2\/types\/post"}],"author":[{"embeddable":true,"href":"https:\/\/blog.assiv.it\/index.php\/wp-json\/wp\/v2\/users\/5"}],"replies":[{"embeddable":true,"href":"https:\/\/blog.assiv.it\/index.php\/wp-json\/wp\/v2\/comments?post=22020"}],"version-history":[{"count":1,"href":"https:\/\/blog.assiv.it\/index.php\/wp-json\/wp\/v2\/posts\/22020\/revisions"}],"predecessor-version":[{"id":22023,"href":"https:\/\/blog.assiv.it\/index.php\/wp-json\/wp\/v2\/posts\/22020\/revisions\/22023"}],"wp:featuredmedia":[{"embeddable":true,"href":"https:\/\/blog.assiv.it\/index.php\/wp-json\/wp\/v2\/media\/22021"}],"wp:attachment":[{"href":"https:\/\/blog.assiv.it\/index.php\/wp-json\/wp\/v2\/media?parent=22020"}],"wp:term":[{"taxonomy":"category","embeddable":true,"href":"https:\/\/blog.assiv.it\/index.php\/wp-json\/wp\/v2\/categories?post=22020"},{"taxonomy":"post_tag","embeddable":true,"href":"https:\/\/blog.assiv.it\/index.php\/wp-json\/wp\/v2\/tags?post=22020"}],"curies":[{"name":"wp","href":"https:\/\/api.w.org\/{rel}","templated":true}]}}