{"id":22161,"date":"2026-03-10T14:33:20","date_gmt":"2026-03-10T13:33:20","guid":{"rendered":"https:\/\/blog.assiv.it\/?p=22161"},"modified":"2026-03-10T16:49:07","modified_gmt":"2026-03-10T15:49:07","slug":"furti-nelle-ville-a-corato-confronto-tra-istituzioni-e-vigilanza-privata","status":"publish","type":"post","link":"https:\/\/blog.assiv.it\/index.php\/2026\/03\/10\/furti-nelle-ville-a-corato-confronto-tra-istituzioni-e-vigilanza-privata\/","title":{"rendered":"Furti nelle ville a Corato: confronto tra istituzioni e vigilanza privata"},"content":{"rendered":"\n<p>Il Comune di Corato ha promosso un incontro con Polizia Locale e istituti di vigilanza privata per affrontare il fenomeno dei furti nelle ville dell\u2019agro.<\/p>\n\n\n\n<p>Nel corso del confronto \u00e8 stata ribadita l\u2019importanza della collaborazione tra istituzioni e operatori della sicurezza privata per rafforzare le attivit\u00e0 di prevenzione e controllo del territorio. \u00c8 emersa in particolare la necessit\u00e0 di valorizzare il contributo della vigilanza privata nel sistema integrato di sicurezza, anche attraverso un maggiore coordinamento con le forze di polizia.<\/p>\n\n\n\n<p>L\u2019amministrazione comunale ha annunciato l\u2019intenzione di valutare ulteriori misure organizzative per migliorare la tutela delle aree residenziali pi\u00f9 esposte al rischio di furti.<\/p>\n\n\n\n<p>Fonte: <a href=\"https:\/\/ilquartopotere.it\/news\/cronaca\/furti-ville-corato-incontro-comune-polizia-locale-vigilanza\/?utm_source=chatgpt.com\">Il Quarto Potere \u2013 \u201cAllarme furti nelle ville a Corato: incontro tra Comune, Polizia Locale e istituti di vigilanza\u201d<\/a><\/p>\n\n\n\n<p><\/p>\n","protected":false},"excerpt":{"rendered":"<p>Il Comune di Corato ha promosso un incontro con Polizia Locale e istituti di vigilanza privata per affrontare il fenomeno dei furti nelle ville dell\u2019agro. Nel corso del confronto \u00e8 stata ribadita l\u2019importanza della collaborazione tra istituzioni e operatori della sicurezza privata per rafforzare le attivit\u00e0 di prevenzione e controllo del territorio. \u00c8 emersa in<\/p>\n","protected":false},"author":7,"featured_media":22163,"comment_status":"closed","ping_status":"closed","sticky":false,"template":"","format":"standard","meta":{"footnotes":""},"categories":[218],"tags":[1449,1721,1719,1081,1717,1718,1720,1406,112,125],"class_list":{"0":"post-22161","1":"post","2":"type-post","3":"status-publish","4":"format-standard","5":"has-post-thumbnail","7":"category-sicurezza","8":"tag-collaborazione-pubblico-privato","9":"tag-corato","10":"tag-furti-in-abitazione","11":"tag-istituti-di-vigilanza","12":"tag-polizia-locale","13":"tag-prevenzione-dei-furti","14":"tag-sicurezza-del-territorio","15":"tag-sicurezza-sussidiaria","16":"tag-sicurezza-urbana","17":"tag-vigilanza-privata"},"yoast_head":"<!-- This site is optimized with the Yoast SEO plugin v26.0 - https:\/\/yoast.com\/wordpress\/plugins\/seo\/ -->\n<title>Furti nelle ville a Corato: confronto tra istituzioni e vigilanza privata - Blog.Assiv<\/title>\n<meta name=\"description\" content=\"Furti nelle ville a Corato: confronto tra istituzioni e vigilanza privata\" \/>\n<meta name=\"robots\" content=\"index, follow, max-snippet:-1, max-image-preview:large, max-video-preview:-1\" \/>\n<link rel=\"canonical\" href=\"https:\/\/blog.assiv.it\/index.php\/2026\/03\/10\/furti-nelle-ville-a-corato-confronto-tra-istituzioni-e-vigilanza-privata\/\" \/>\n<meta property=\"og:locale\" content=\"it_IT\" \/>\n<meta property=\"og:type\" content=\"article\" \/>\n<meta property=\"og:title\" content=\"Furti nelle ville a Corato: confronto tra istituzioni e vigilanza privata - Blog.Assiv\" \/>\n<meta property=\"og:description\" content=\"Furti nelle ville a Corato: confronto tra istituzioni e vigilanza privata\" \/>\n<meta property=\"og:url\" content=\"https:\/\/blog.assiv.it\/index.php\/2026\/03\/10\/furti-nelle-ville-a-corato-confronto-tra-istituzioni-e-vigilanza-privata\/\" \/>\n<meta property=\"og:site_name\" content=\"Blog.Assiv\" \/>\n<meta property=\"article:publisher\" content=\"https:\/\/www.facebook.com\/associazionevigilanza\/\" \/>\n<meta property=\"article:published_time\" content=\"2026-03-10T13:33:20+00:00\" \/>\n<meta property=\"article:modified_time\" content=\"2026-03-10T15:49:07+00:00\" \/>\n<meta property=\"og:image\" content=\"https:\/\/blog.assiv.it\/wp-content\/uploads\/2026\/03\/Incontro-sulla-sicurezza-residenziale-1024x683.png\" \/>\n\t<meta property=\"og:image:width\" content=\"1024\" \/>\n\t<meta property=\"og:image:height\" content=\"683\" \/>\n\t<meta property=\"og:image:type\" content=\"image\/png\" \/>\n<meta name=\"author\" content=\"Redazione ASSIV\" \/>\n<meta name=\"twitter:card\" content=\"summary_large_image\" \/>\n<meta name=\"twitter:label1\" content=\"Scritto da\" \/>\n\t<meta name=\"twitter:data1\" content=\"Redazione ASSIV\" \/>\n\t<meta name=\"twitter:label2\" content=\"Tempo di lettura stimato\" \/>\n\t<meta name=\"twitter:data2\" content=\"1 minuto\" \/>\n<script type=\"application\/ld+json\" class=\"yoast-schema-graph\">{\"@context\":\"https:\/\/schema.org\",\"@graph\":[{\"@type\":\"Article\",\"@id\":\"https:\/\/blog.assiv.it\/index.php\/2026\/03\/10\/furti-nelle-ville-a-corato-confronto-tra-istituzioni-e-vigilanza-privata\/#article\",\"isPartOf\":{\"@id\":\"https:\/\/blog.assiv.it\/index.php\/2026\/03\/10\/furti-nelle-ville-a-corato-confronto-tra-istituzioni-e-vigilanza-privata\/\"},\"author\":{\"name\":\"Redazione ASSIV\",\"@id\":\"https:\/\/blog.assiv.it\/#\/schema\/person\/78289a51cbc84b11170f64ad6e34b5fe\"},\"headline\":\"Furti nelle ville a Corato: confronto tra istituzioni e vigilanza privata\",\"datePublished\":\"2026-03-10T13:33:20+00:00\",\"dateModified\":\"2026-03-10T15:49:07+00:00\",\"mainEntityOfPage\":{\"@id\":\"https:\/\/blog.assiv.it\/index.php\/2026\/03\/10\/furti-nelle-ville-a-corato-confronto-tra-istituzioni-e-vigilanza-privata\/\"},\"wordCount\":135,\"publisher\":{\"@id\":\"https:\/\/blog.assiv.it\/#organization\"},\"image\":{\"@id\":\"https:\/\/blog.assiv.it\/index.php\/2026\/03\/10\/furti-nelle-ville-a-corato-confronto-tra-istituzioni-e-vigilanza-privata\/#primaryimage\"},\"thumbnailUrl\":\"https:\/\/blog.assiv.it\/wp-content\/uploads\/2026\/03\/Incontro-sulla-sicurezza-residenziale.png\",\"keywords\":[\"collaborazione pubblico-privato\",\"Corato\",\"furti in abitazione\",\"istituti di vigilanza\",\"polizia locale\",\"prevenzione dei furti\",\"sicurezza del territorio\",\"sicurezza sussidiaria\",\"sicurezza urbana\",\"vigilanza privata\"],\"articleSection\":[\"Sicurezza\"],\"inLanguage\":\"it-IT\"},{\"@type\":\"WebPage\",\"@id\":\"https:\/\/blog.assiv.it\/index.php\/2026\/03\/10\/furti-nelle-ville-a-corato-confronto-tra-istituzioni-e-vigilanza-privata\/\",\"url\":\"https:\/\/blog.assiv.it\/index.php\/2026\/03\/10\/furti-nelle-ville-a-corato-confronto-tra-istituzioni-e-vigilanza-privata\/\",\"name\":\"Furti nelle ville a Corato: confronto tra istituzioni e vigilanza privata - Blog.Assiv\",\"isPartOf\":{\"@id\":\"https:\/\/blog.assiv.it\/#website\"},\"primaryImageOfPage\":{\"@id\":\"https:\/\/blog.assiv.it\/index.php\/2026\/03\/10\/furti-nelle-ville-a-corato-confronto-tra-istituzioni-e-vigilanza-privata\/#primaryimage\"},\"image\":{\"@id\":\"https:\/\/blog.assiv.it\/index.php\/2026\/03\/10\/furti-nelle-ville-a-corato-confronto-tra-istituzioni-e-vigilanza-privata\/#primaryimage\"},\"thumbnailUrl\":\"https:\/\/blog.assiv.it\/wp-content\/uploads\/2026\/03\/Incontro-sulla-sicurezza-residenziale.png\",\"datePublished\":\"2026-03-10T13:33:20+00:00\",\"dateModified\":\"2026-03-10T15:49:07+00:00\",\"description\":\"Furti nelle ville a Corato: confronto tra istituzioni e vigilanza privata\",\"breadcrumb\":{\"@id\":\"https:\/\/blog.assiv.it\/index.php\/2026\/03\/10\/furti-nelle-ville-a-corato-confronto-tra-istituzioni-e-vigilanza-privata\/#breadcrumb\"},\"inLanguage\":\"it-IT\",\"potentialAction\":[{\"@type\":\"ReadAction\",\"target\":[\"https:\/\/blog.assiv.it\/index.php\/2026\/03\/10\/furti-nelle-ville-a-corato-confronto-tra-istituzioni-e-vigilanza-privata\/\"]}]},{\"@type\":\"ImageObject\",\"inLanguage\":\"it-IT\",\"@id\":\"https:\/\/blog.assiv.it\/index.php\/2026\/03\/10\/furti-nelle-ville-a-corato-confronto-tra-istituzioni-e-vigilanza-privata\/#primaryimage\",\"url\":\"https:\/\/blog.assiv.it\/wp-content\/uploads\/2026\/03\/Incontro-sulla-sicurezza-residenziale.png\",\"contentUrl\":\"https:\/\/blog.assiv.it\/wp-content\/uploads\/2026\/03\/Incontro-sulla-sicurezza-residenziale.png\",\"width\":1536,\"height\":1024},{\"@type\":\"BreadcrumbList\",\"@id\":\"https:\/\/blog.assiv.it\/index.php\/2026\/03\/10\/furti-nelle-ville-a-corato-confronto-tra-istituzioni-e-vigilanza-privata\/#breadcrumb\",\"itemListElement\":[{\"@type\":\"ListItem\",\"position\":1,\"name\":\"Home\",\"item\":\"https:\/\/blog.assiv.it\/\"},{\"@type\":\"ListItem\",\"position\":2,\"name\":\"Furti nelle ville a Corato: confronto tra istituzioni e vigilanza privata\"}]},{\"@type\":\"WebSite\",\"@id\":\"https:\/\/blog.assiv.it\/#website\",\"url\":\"https:\/\/blog.assiv.it\/\",\"name\":\"Blog.Assiv\",\"description\":\"Associazione Italiana Vigilanza e Servizi di Sicurezza\",\"publisher\":{\"@id\":\"https:\/\/blog.assiv.it\/#organization\"},\"potentialAction\":[{\"@type\":\"SearchAction\",\"target\":{\"@type\":\"EntryPoint\",\"urlTemplate\":\"https:\/\/blog.assiv.it\/?s={search_term_string}\"},\"query-input\":{\"@type\":\"PropertyValueSpecification\",\"valueRequired\":true,\"valueName\":\"search_term_string\"}}],\"inLanguage\":\"it-IT\"},{\"@type\":\"Organization\",\"@id\":\"https:\/\/blog.assiv.it\/#organization\",\"name\":\"Blog.Assiv\",\"url\":\"https:\/\/blog.assiv.it\/\",\"logo\":{\"@type\":\"ImageObject\",\"inLanguage\":\"it-IT\",\"@id\":\"https:\/\/blog.assiv.it\/#\/schema\/logo\/image\/\",\"url\":\"https:\/\/blog.assiv.it\/wp-content\/uploads\/2024\/08\/blog_assiv_logg_color.png\",\"contentUrl\":\"https:\/\/blog.assiv.it\/wp-content\/uploads\/2024\/08\/blog_assiv_logg_color.png\",\"width\":400,\"height\":102,\"caption\":\"Blog.Assiv\"},\"image\":{\"@id\":\"https:\/\/blog.assiv.it\/#\/schema\/logo\/image\/\"},\"sameAs\":[\"https:\/\/www.facebook.com\/associazionevigilanza\/\",\"https:\/\/www.linkedin.com\/in\/ass-i-v-vigilanza-e-servizi-fiduciari-6923b6169\/\"]},{\"@type\":\"Person\",\"@id\":\"https:\/\/blog.assiv.it\/#\/schema\/person\/78289a51cbc84b11170f64ad6e34b5fe\",\"name\":\"Redazione ASSIV\",\"image\":{\"@type\":\"ImageObject\",\"inLanguage\":\"it-IT\",\"@id\":\"https:\/\/blog.assiv.it\/#\/schema\/person\/image\/\",\"url\":\"https:\/\/secure.gravatar.com\/avatar\/39035aadacf95168ab5a18a86dfb3ae5d4bd7946b544c1d048a6b0dc7dd93991?s=96&d=mm&r=g\",\"contentUrl\":\"https:\/\/secure.gravatar.com\/avatar\/39035aadacf95168ab5a18a86dfb3ae5d4bd7946b544c1d048a6b0dc7dd93991?s=96&d=mm&r=g\",\"caption\":\"Redazione ASSIV\"},\"url\":\"https:\/\/blog.assiv.it\/index.php\/author\/redazione-assiv\/\"}]}<\/script>\n<!-- \/ Yoast SEO plugin. -->","yoast_head_json":{"title":"Furti nelle ville a Corato: confronto tra istituzioni e vigilanza privata - Blog.Assiv","description":"Furti nelle ville a Corato: confronto tra istituzioni e vigilanza privata","robots":{"index":"index","follow":"follow","max-snippet":"max-snippet:-1","max-image-preview":"max-image-preview:large","max-video-preview":"max-video-preview:-1"},"canonical":"https:\/\/blog.assiv.it\/index.php\/2026\/03\/10\/furti-nelle-ville-a-corato-confronto-tra-istituzioni-e-vigilanza-privata\/","og_locale":"it_IT","og_type":"article","og_title":"Furti nelle ville a Corato: confronto tra istituzioni e vigilanza privata - Blog.Assiv","og_description":"Furti nelle ville a Corato: confronto tra istituzioni e vigilanza privata","og_url":"https:\/\/blog.assiv.it\/index.php\/2026\/03\/10\/furti-nelle-ville-a-corato-confronto-tra-istituzioni-e-vigilanza-privata\/","og_site_name":"Blog.Assiv","article_publisher":"https:\/\/www.facebook.com\/associazionevigilanza\/","article_published_time":"2026-03-10T13:33:20+00:00","article_modified_time":"2026-03-10T15:49:07+00:00","og_image":[{"width":1024,"height":683,"url":"https:\/\/blog.assiv.it\/wp-content\/uploads\/2026\/03\/Incontro-sulla-sicurezza-residenziale-1024x683.png","type":"image\/png"}],"author":"Redazione ASSIV","twitter_card":"summary_large_image","twitter_misc":{"Scritto da":"Redazione ASSIV","Tempo di lettura stimato":"1 minuto"},"schema":{"@context":"https:\/\/schema.org","@graph":[{"@type":"Article","@id":"https:\/\/blog.assiv.it\/index.php\/2026\/03\/10\/furti-nelle-ville-a-corato-confronto-tra-istituzioni-e-vigilanza-privata\/#article","isPartOf":{"@id":"https:\/\/blog.assiv.it\/index.php\/2026\/03\/10\/furti-nelle-ville-a-corato-confronto-tra-istituzioni-e-vigilanza-privata\/"},"author":{"name":"Redazione ASSIV","@id":"https:\/\/blog.assiv.it\/#\/schema\/person\/78289a51cbc84b11170f64ad6e34b5fe"},"headline":"Furti nelle ville a Corato: confronto tra istituzioni e vigilanza privata","datePublished":"2026-03-10T13:33:20+00:00","dateModified":"2026-03-10T15:49:07+00:00","mainEntityOfPage":{"@id":"https:\/\/blog.assiv.it\/index.php\/2026\/03\/10\/furti-nelle-ville-a-corato-confronto-tra-istituzioni-e-vigilanza-privata\/"},"wordCount":135,"publisher":{"@id":"https:\/\/blog.assiv.it\/#organization"},"image":{"@id":"https:\/\/blog.assiv.it\/index.php\/2026\/03\/10\/furti-nelle-ville-a-corato-confronto-tra-istituzioni-e-vigilanza-privata\/#primaryimage"},"thumbnailUrl":"https:\/\/blog.assiv.it\/wp-content\/uploads\/2026\/03\/Incontro-sulla-sicurezza-residenziale.png","keywords":["collaborazione pubblico-privato","Corato","furti in abitazione","istituti di vigilanza","polizia locale","prevenzione dei furti","sicurezza del territorio","sicurezza sussidiaria","sicurezza urbana","vigilanza privata"],"articleSection":["Sicurezza"],"inLanguage":"it-IT"},{"@type":"WebPage","@id":"https:\/\/blog.assiv.it\/index.php\/2026\/03\/10\/furti-nelle-ville-a-corato-confronto-tra-istituzioni-e-vigilanza-privata\/","url":"https:\/\/blog.assiv.it\/index.php\/2026\/03\/10\/furti-nelle-ville-a-corato-confronto-tra-istituzioni-e-vigilanza-privata\/","name":"Furti nelle ville a Corato: confronto tra istituzioni e vigilanza privata - Blog.Assiv","isPartOf":{"@id":"https:\/\/blog.assiv.it\/#website"},"primaryImageOfPage":{"@id":"https:\/\/blog.assiv.it\/index.php\/2026\/03\/10\/furti-nelle-ville-a-corato-confronto-tra-istituzioni-e-vigilanza-privata\/#primaryimage"},"image":{"@id":"https:\/\/blog.assiv.it\/index.php\/2026\/03\/10\/furti-nelle-ville-a-corato-confronto-tra-istituzioni-e-vigilanza-privata\/#primaryimage"},"thumbnailUrl":"https:\/\/blog.assiv.it\/wp-content\/uploads\/2026\/03\/Incontro-sulla-sicurezza-residenziale.png","datePublished":"2026-03-10T13:33:20+00:00","dateModified":"2026-03-10T15:49:07+00:00","description":"Furti nelle ville a Corato: confronto tra istituzioni e vigilanza privata","breadcrumb":{"@id":"https:\/\/blog.assiv.it\/index.php\/2026\/03\/10\/furti-nelle-ville-a-corato-confronto-tra-istituzioni-e-vigilanza-privata\/#breadcrumb"},"inLanguage":"it-IT","potentialAction":[{"@type":"ReadAction","target":["https:\/\/blog.assiv.it\/index.php\/2026\/03\/10\/furti-nelle-ville-a-corato-confronto-tra-istituzioni-e-vigilanza-privata\/"]}]},{"@type":"ImageObject","inLanguage":"it-IT","@id":"https:\/\/blog.assiv.it\/index.php\/2026\/03\/10\/furti-nelle-ville-a-corato-confronto-tra-istituzioni-e-vigilanza-privata\/#primaryimage","url":"https:\/\/blog.assiv.it\/wp-content\/uploads\/2026\/03\/Incontro-sulla-sicurezza-residenziale.png","contentUrl":"https:\/\/blog.assiv.it\/wp-content\/uploads\/2026\/03\/Incontro-sulla-sicurezza-residenziale.png","width":1536,"height":1024},{"@type":"BreadcrumbList","@id":"https:\/\/blog.assiv.it\/index.php\/2026\/03\/10\/furti-nelle-ville-a-corato-confronto-tra-istituzioni-e-vigilanza-privata\/#breadcrumb","itemListElement":[{"@type":"ListItem","position":1,"name":"Home","item":"https:\/\/blog.assiv.it\/"},{"@type":"ListItem","position":2,"name":"Furti nelle ville a Corato: confronto tra istituzioni e vigilanza privata"}]},{"@type":"WebSite","@id":"https:\/\/blog.assiv.it\/#website","url":"https:\/\/blog.assiv.it\/","name":"Blog.Assiv","description":"Associazione Italiana Vigilanza e Servizi di Sicurezza","publisher":{"@id":"https:\/\/blog.assiv.it\/#organization"},"potentialAction":[{"@type":"SearchAction","target":{"@type":"EntryPoint","urlTemplate":"https:\/\/blog.assiv.it\/?s={search_term_string}"},"query-input":{"@type":"PropertyValueSpecification","valueRequired":true,"valueName":"search_term_string"}}],"inLanguage":"it-IT"},{"@type":"Organization","@id":"https:\/\/blog.assiv.it\/#organization","name":"Blog.Assiv","url":"https:\/\/blog.assiv.it\/","logo":{"@type":"ImageObject","inLanguage":"it-IT","@id":"https:\/\/blog.assiv.it\/#\/schema\/logo\/image\/","url":"https:\/\/blog.assiv.it\/wp-content\/uploads\/2024\/08\/blog_assiv_logg_color.png","contentUrl":"https:\/\/blog.assiv.it\/wp-content\/uploads\/2024\/08\/blog_assiv_logg_color.png","width":400,"height":102,"caption":"Blog.Assiv"},"image":{"@id":"https:\/\/blog.assiv.it\/#\/schema\/logo\/image\/"},"sameAs":["https:\/\/www.facebook.com\/associazionevigilanza\/","https:\/\/www.linkedin.com\/in\/ass-i-v-vigilanza-e-servizi-fiduciari-6923b6169\/"]},{"@type":"Person","@id":"https:\/\/blog.assiv.it\/#\/schema\/person\/78289a51cbc84b11170f64ad6e34b5fe","name":"Redazione ASSIV","image":{"@type":"ImageObject","inLanguage":"it-IT","@id":"https:\/\/blog.assiv.it\/#\/schema\/person\/image\/","url":"https:\/\/secure.gravatar.com\/avatar\/39035aadacf95168ab5a18a86dfb3ae5d4bd7946b544c1d048a6b0dc7dd93991?s=96&d=mm&r=g","contentUrl":"https:\/\/secure.gravatar.com\/avatar\/39035aadacf95168ab5a18a86dfb3ae5d4bd7946b544c1d048a6b0dc7dd93991?s=96&d=mm&r=g","caption":"Redazione ASSIV"},"url":"https:\/\/blog.assiv.it\/index.php\/author\/redazione-assiv\/"}]}},"amp_enabled":true,"_links":{"self":[{"href":"https:\/\/blog.assiv.it\/index.php\/wp-json\/wp\/v2\/posts\/22161","targetHints":{"allow":["GET"]}}],"collection":[{"href":"https:\/\/blog.assiv.it\/index.php\/wp-json\/wp\/v2\/posts"}],"about":[{"href":"https:\/\/blog.assiv.it\/index.php\/wp-json\/wp\/v2\/types\/post"}],"author":[{"embeddable":true,"href":"https:\/\/blog.assiv.it\/index.php\/wp-json\/wp\/v2\/users\/7"}],"replies":[{"embeddable":true,"href":"https:\/\/blog.assiv.it\/index.php\/wp-json\/wp\/v2\/comments?post=22161"}],"version-history":[{"count":1,"href":"https:\/\/blog.assiv.it\/index.php\/wp-json\/wp\/v2\/posts\/22161\/revisions"}],"predecessor-version":[{"id":22164,"href":"https:\/\/blog.assiv.it\/index.php\/wp-json\/wp\/v2\/posts\/22161\/revisions\/22164"}],"wp:featuredmedia":[{"embeddable":true,"href":"https:\/\/blog.assiv.it\/index.php\/wp-json\/wp\/v2\/media\/22163"}],"wp:attachment":[{"href":"https:\/\/blog.assiv.it\/index.php\/wp-json\/wp\/v2\/media?parent=22161"}],"wp:term":[{"taxonomy":"category","embeddable":true,"href":"https:\/\/blog.assiv.it\/index.php\/wp-json\/wp\/v2\/categories?post=22161"},{"taxonomy":"post_tag","embeddable":true,"href":"https:\/\/blog.assiv.it\/index.php\/wp-json\/wp\/v2\/tags?post=22161"}],"curies":[{"name":"wp","href":"https:\/\/api.w.org\/{rel}","templated":true}]}}