{"id":22532,"date":"2026-09-01T12:40:00","date_gmt":"2026-09-01T10:40:00","guid":{"rendered":"https:\/\/blog.assiv.it\/?p=22532"},"modified":"2026-09-01T12:58:03","modified_gmt":"2026-09-01T10:58:03","slug":"rincari-vigilanza-privata-energia-carburanti","status":"publish","type":"post","link":"https:\/\/blog.assiv.it\/index.php\/2026\/09\/01\/rincari-vigilanza-privata-energia-carburanti\/","title":{"rendered":"I rincari colpiscono anche il settore della vigilanza privata (Huffington Post)"},"content":{"rendered":"\n<p class=\"wp-block-paragraph\"><em>Un comparto strategico che rischia di pagare un prezzo altissimo all\u2019aumento dei costi energetici e dei carburanti<\/em><\/p>\n\n\n\n<p class=\"wp-block-paragraph\">di Maria Cristina Urbano <\/p>\n\n\n\n<p class=\"wp-block-paragraph\">Mentre il dibattito pubblico continua a concentrarsi sugli effetti del caro energia sull\u2019industria manifatturiera e sulle famiglie, esiste un comparto strategico che rischia di pagare un prezzo altissimo all\u2019aumento dei costi energetici e dei carburanti: quello della vigilanza privata e dei servizi fiduciari. Si tratta di un settore che garantisce ogni giorno la sicurezza di infrastrutture critiche, ospedali, aeroporti, porti, reti energetiche, aziende e pubbliche amministrazioni. Un servizio essenziale per il funzionamento del Paese che tuttavia presenta una peculiare fragilit\u00e0 economica: margini estremamente contenuti e una forte rigidit\u00e0 contrattuale.<\/p>\n\n\n\n<p class=\"wp-block-paragraph\">Le imprese della vigilanza operano infatti attraverso migliaia di pattuglie mobili che percorrono quotidianamente milioni di chilometri. Il costo del carburante rappresenta quindi una voce fondamentale del conto economico. A questo si aggiungono l\u2019energia necessaria per le centrali operative, i sistemi di videosorveglianza, i centri di controllo remoto, le infrastrutture informatiche e i servizi di teleallarme. Quando aumentano simultaneamente il prezzo dell\u2019energia e quello dei carburanti, le aziende del comparto si trovano strette in una morsa: da una parte crescono i costi operativi, dall\u2019altra rimangono spesso bloccati i corrispettivi contrattuali, soprattutto negli appalti pubblici pluriennali.<\/p>\n\n\n\n<p class=\"wp-block-paragraph\">Negli ultimi anni il governo \u00e8 intervenuto pi\u00f9 volte per attenuare gli effetti delle crisi energetiche sulle imprese attraverso crediti d\u2019imposta, misure di sostegno alla liquidit\u00e0, riduzioni degli oneri di sistema e strumenti finalizzati a contenere il costo dell\u2019energia. Si tratta di interventi importanti che hanno consentito a molte imprese di superare le fasi pi\u00f9 acute dell\u2019emergenza. Tuttavia, la loro efficacia per il settore della vigilanza privata \u00e8 stata inevitabilmente limitata. Le imprese di sicurezza, infatti, non appartengono al mondo energivoro tradizionalmente inteso e quindi spesso non rientrano tra i principali beneficiari delle misure pi\u00f9 incisive. Eppure la combinazione di carburanti, mobilit\u00e0 operativa e utilizzo intensivo di tecnologie rende queste aziende fortemente esposte alle oscillazioni dei prezzi energetici.<\/p>\n\n\n\n<p class=\"wp-block-paragraph\">Parallelamente, il legislatore ha rafforzato gli strumenti di revisione prezzi nei contratti pubblici. Le recenti linee guida del Ministero delle Infrastrutture e dei Trasporti hanno chiarito l\u2019applicazione dell\u2019articolo 60 del Codice dei Contratti Pubblici negli appalti di servizi e forniture, ponendo l\u2019accento sulla necessit\u00e0 di preservare l\u2019equilibrio economico del contratto durante la sua esecuzione. Tali orientamenti riguardano espressamente anche i servizi di vigilanza e sicurezza. Si tratta di un passo in avanti significativo perch\u00e9 riconosce un principio fondamentale: non \u00e8 possibile pretendere la medesima prestazione economica quando mutano radicalmente le condizioni di mercato che avevano determinato l\u2019offerta iniziale.<\/p>\n\n\n\n<p class=\"wp-block-paragraph\">Nonostante questi sviluppi, il problema resta aperto. Nel comparto della vigilanza privata il costo del lavoro rappresenta la principale componente di spesa, ma il carburante costituisce l\u2019elemento che pi\u00f9 rapidamente pu\u00f2 erodere la marginalit\u00e0. Un aumento anche limitato del prezzo del gasolio si traduce immediatamente in un incremento dei costi delle ronde ispettive, del pronto intervento e dei servizi di pattugliamento. Molti contratti pubblici e privati sono inoltre stati aggiudicati in condizioni economiche profondamente diverse rispetto a quelle attuali. Le imprese rischiano pertanto di essere costrette a svolgere servizi in perdita, con conseguenze che possono riflettersi sugli investimenti, sulla capacit\u00e0 di innovazione e persino sulla tenuta occupazionale. Il paradosso \u00e8 evidente: si chiede alle imprese di sicurezza di garantire standard sempre pi\u00f9 elevati, investire nella cybersecurity, nella videosorveglianza intelligente e nell\u2019intelligenza artificiale, ma senza assicurare un adeguato riequilibrio dei costi sostenuti.<\/p>\n\n\n\n<p class=\"wp-block-paragraph\">L\u2019esperienza maturata nel settore delle opere pubbliche offre uno spunto interessante. Durante la crisi delle materie prime, il legislatore ha introdotto meccanismi straordinari di compensazione per far fronte all\u2019esplosione dei costi dei materiali da costruzione. L\u2019obiettivo era evitare il blocco dei cantieri e la crisi delle imprese appaltatrici. Oggi potrebbe essere opportuno ragionare su una misura analoga per i servizi ad alta intensit\u00e0 energetica e logistica, tra cui la vigilanza privata. L\u2019ipotesi potrebbe prevedere: un fondo straordinario destinato alla compensazione degli incrementi eccezionali dei costi energetici e dei carburanti; l\u2019introduzione di meccanismi automatici di adeguamento dei corrispettivi negli appalti pubblici di vigilanza; l\u2019utilizzo di indicatori ISTAT specifici per misurare l\u2019andamento delle principali voci di costo dei servizi di sicurezza; procedure semplificate per il riconoscimento delle compensazioni alle imprese che dimostrino significative variazioni dei costi operativi. Gli strumenti di revisione previsti dal Codice gi\u00e0 consentono di utilizzare indici di prezzi, servizi e retribuzioni per i contratti di servizi e forniture. Una misura di questo tipo non rappresenterebbe un privilegio settoriale, ma un intervento di salvaguardia volto a garantire la continuit\u00e0 di servizi essenziali per la sicurezza collettiva. La discussione sul caro energia, infatti, non pu\u00f2 essere limitata alle imprese industriali. Esiste una vasta economia dei servizi che contribuisce alla competitivit\u00e0 del Paese e che rischia di essere penalizzata da dinamiche spesso sottovalutate.<\/p>\n\n\n\n<p class=\"wp-block-paragraph\">Il settore della vigilanza privata ne \u00e8 forse l\u2019esempio pi\u00f9 evidente. Sicurezza, mobilit\u00e0, tecnologia ed energia sono ormai elementi strettamente connessi. Se aumenta il costo di questi fattori senza adeguati meccanismi di compensazione, la sostenibilit\u00e0 economica dei servizi viene inevitabilmente compromessa. Per questo motivo il dibattito sulla revisione dei prezzi negli appalti pubblici dovrebbe compiere un ulteriore passo avanti: riconoscere che, accanto al \u201ccaro materiali\u201d, esiste oggi un vero e proprio \u201ccaro energia e carburanti dei servizi\u201d. Ignorarlo significherebbe rischiare il progressivo indebolimento di un settore che rappresenta un presidio indispensabile per la sicurezza delle imprese, delle infrastrutture e dell\u2019intero sistema Paese.<\/p>\n\n\n\n<p class=\"wp-block-paragraph\"><a href=\"https:\/\/www.huffingtonpost.it\/blog\/2026\/09\/01\/news\/i_rincari_colpiscono_anche_il_settore_della_vigilanza_privata-22622278\/\">Leggi l&#8217;articolo sull&#8217;Huffington Post<\/a><\/p>\n\n\n\n<p class=\"wp-block-paragraph\"><\/p>\n","protected":false},"excerpt":{"rendered":"<p>Un comparto strategico che rischia di pagare un prezzo altissimo all\u2019aumento dei costi energetici e dei carburanti di Maria Cristina Urbano Mentre il dibattito pubblico continua a concentrarsi sugli effetti del caro energia sull\u2019industria manifatturiera e sulle famiglie, esiste un comparto strategico che rischia di pagare un prezzo altissimo all\u2019aumento dei costi energetici e dei<\/p>\n","protected":false},"author":2,"featured_media":22534,"comment_status":"closed","ping_status":"closed","sticky":false,"template":"","format":"standard","meta":{"footnotes":""},"categories":[217],"tags":[180,159,2508,2509,2510,164,182,751,111,2140,125],"class_list":["post-22532","post","type-post","status-publish","format-standard","has-post-thumbnail","category-policy","tag-appalti-pubblici","tag-assiv","tag-carburanti","tag-caro-energia","tag-costi-energetici","tag-maria-cristina-urbano","tag-revisione-prezzi","tag-servizi-di-sicurezza","tag-sicurezza-privata","tag-sostenibilita-economica","tag-vigilanza-privata"],"yoast_head":"<!-- This site is optimized with the Yoast SEO plugin v26.0 - https:\/\/yoast.com\/wordpress\/plugins\/seo\/ -->\n<title>Rincari e vigilanza privata: energia e carburanti pesano sulle imprese<\/title>\n<meta name=\"description\" content=\"Energia e carburanti pesano sulla vigilanza privata. Urbano: servono strumenti di revisione prezzi per garantire sostenibilit\u00e0 e qualit\u00e0 dei servizi.\" \/>\n<meta name=\"robots\" content=\"index, follow, max-snippet:-1, max-image-preview:large, max-video-preview:-1\" \/>\n<link rel=\"canonical\" href=\"https:\/\/blog.assiv.it\/index.php\/2026\/09\/01\/rincari-vigilanza-privata-energia-carburanti\/\" \/>\n<meta property=\"og:locale\" content=\"it_IT\" \/>\n<meta property=\"og:type\" content=\"article\" \/>\n<meta property=\"og:title\" content=\"Rincari e vigilanza privata: energia e carburanti pesano sulle imprese\" \/>\n<meta property=\"og:description\" content=\"Energia e carburanti pesano sulla vigilanza privata. Urbano: servono strumenti di revisione prezzi per garantire sostenibilit\u00e0 e qualit\u00e0 dei servizi.\" \/>\n<meta property=\"og:url\" content=\"https:\/\/blog.assiv.it\/index.php\/2026\/09\/01\/rincari-vigilanza-privata-energia-carburanti\/\" \/>\n<meta property=\"og:site_name\" content=\"Blog.Assiv\" \/>\n<meta property=\"article:publisher\" content=\"https:\/\/www.facebook.com\/associazionevigilanza\/\" \/>\n<meta property=\"article:published_time\" content=\"2026-09-01T10:40:00+00:00\" \/>\n<meta property=\"article:modified_time\" content=\"2026-09-01T10:58:03+00:00\" \/>\n<meta property=\"og:image\" content=\"https:\/\/blog.assiv.it\/wp-content\/uploads\/2026\/09\/072718968-6c4c15b1-0c0a-406f-99dc-a37b273c59d6.webp\" \/>\n\t<meta property=\"og:image:width\" content=\"801\" \/>\n\t<meta property=\"og:image:height\" content=\"450\" \/>\n\t<meta property=\"og:image:type\" content=\"image\/webp\" \/>\n<meta name=\"author\" content=\"Alina Corradini\" \/>\n<meta name=\"twitter:card\" content=\"summary_large_image\" \/>\n<meta name=\"twitter:label1\" content=\"Scritto da\" \/>\n\t<meta name=\"twitter:data1\" content=\"Alina Corradini\" \/>\n\t<meta name=\"twitter:label2\" content=\"Tempo di lettura stimato\" \/>\n\t<meta name=\"twitter:data2\" content=\"5 minuti\" \/>\n<script type=\"application\/ld+json\" class=\"yoast-schema-graph\">{\"@context\":\"https:\/\/schema.org\",\"@graph\":[{\"@type\":\"Article\",\"@id\":\"https:\/\/blog.assiv.it\/index.php\/2026\/09\/01\/rincari-vigilanza-privata-energia-carburanti\/#article\",\"isPartOf\":{\"@id\":\"https:\/\/blog.assiv.it\/index.php\/2026\/09\/01\/rincari-vigilanza-privata-energia-carburanti\/\"},\"author\":{\"name\":\"Alina Corradini\",\"@id\":\"https:\/\/blog.assiv.it\/#\/schema\/person\/e67e6bfe974265213521b17bcb72f56c\"},\"headline\":\"I rincari colpiscono anche il settore della vigilanza privata (Huffington Post)\",\"datePublished\":\"2026-09-01T10:40:00+00:00\",\"dateModified\":\"2026-09-01T10:58:03+00:00\",\"mainEntityOfPage\":{\"@id\":\"https:\/\/blog.assiv.it\/index.php\/2026\/09\/01\/rincari-vigilanza-privata-energia-carburanti\/\"},\"wordCount\":919,\"publisher\":{\"@id\":\"https:\/\/blog.assiv.it\/#organization\"},\"image\":{\"@id\":\"https:\/\/blog.assiv.it\/index.php\/2026\/09\/01\/rincari-vigilanza-privata-energia-carburanti\/#primaryimage\"},\"thumbnailUrl\":\"https:\/\/blog.assiv.it\/wp-content\/uploads\/2026\/09\/072718968-6c4c15b1-0c0a-406f-99dc-a37b273c59d6.webp\",\"keywords\":[\"appalti pubblici\",\"ASSIV\",\"carburanti\",\"caro energia\",\"costi energetici\",\"Maria Cristina Urbano\",\"revisione prezzi\",\"servizi di sicurezza\",\"Sicurezza privata\",\"sostenibilit\u00e0 economica\",\"vigilanza privata\"],\"articleSection\":[\"Policy\"],\"inLanguage\":\"it-IT\"},{\"@type\":\"WebPage\",\"@id\":\"https:\/\/blog.assiv.it\/index.php\/2026\/09\/01\/rincari-vigilanza-privata-energia-carburanti\/\",\"url\":\"https:\/\/blog.assiv.it\/index.php\/2026\/09\/01\/rincari-vigilanza-privata-energia-carburanti\/\",\"name\":\"Rincari e vigilanza privata: energia e carburanti pesano sulle imprese\",\"isPartOf\":{\"@id\":\"https:\/\/blog.assiv.it\/#website\"},\"primaryImageOfPage\":{\"@id\":\"https:\/\/blog.assiv.it\/index.php\/2026\/09\/01\/rincari-vigilanza-privata-energia-carburanti\/#primaryimage\"},\"image\":{\"@id\":\"https:\/\/blog.assiv.it\/index.php\/2026\/09\/01\/rincari-vigilanza-privata-energia-carburanti\/#primaryimage\"},\"thumbnailUrl\":\"https:\/\/blog.assiv.it\/wp-content\/uploads\/2026\/09\/072718968-6c4c15b1-0c0a-406f-99dc-a37b273c59d6.webp\",\"datePublished\":\"2026-09-01T10:40:00+00:00\",\"dateModified\":\"2026-09-01T10:58:03+00:00\",\"description\":\"Energia e carburanti pesano sulla vigilanza privata. Urbano: servono strumenti di revisione prezzi per garantire sostenibilit\u00e0 e qualit\u00e0 dei servizi.\",\"breadcrumb\":{\"@id\":\"https:\/\/blog.assiv.it\/index.php\/2026\/09\/01\/rincari-vigilanza-privata-energia-carburanti\/#breadcrumb\"},\"inLanguage\":\"it-IT\",\"potentialAction\":[{\"@type\":\"ReadAction\",\"target\":[\"https:\/\/blog.assiv.it\/index.php\/2026\/09\/01\/rincari-vigilanza-privata-energia-carburanti\/\"]}]},{\"@type\":\"ImageObject\",\"inLanguage\":\"it-IT\",\"@id\":\"https:\/\/blog.assiv.it\/index.php\/2026\/09\/01\/rincari-vigilanza-privata-energia-carburanti\/#primaryimage\",\"url\":\"https:\/\/blog.assiv.it\/wp-content\/uploads\/2026\/09\/072718968-6c4c15b1-0c0a-406f-99dc-a37b273c59d6.webp\",\"contentUrl\":\"https:\/\/blog.assiv.it\/wp-content\/uploads\/2026\/09\/072718968-6c4c15b1-0c0a-406f-99dc-a37b273c59d6.webp\",\"width\":801,\"height\":450},{\"@type\":\"BreadcrumbList\",\"@id\":\"https:\/\/blog.assiv.it\/index.php\/2026\/09\/01\/rincari-vigilanza-privata-energia-carburanti\/#breadcrumb\",\"itemListElement\":[{\"@type\":\"ListItem\",\"position\":1,\"name\":\"Home\",\"item\":\"https:\/\/blog.assiv.it\/\"},{\"@type\":\"ListItem\",\"position\":2,\"name\":\"I rincari colpiscono anche il settore della vigilanza privata (Huffington Post)\"}]},{\"@type\":\"WebSite\",\"@id\":\"https:\/\/blog.assiv.it\/#website\",\"url\":\"https:\/\/blog.assiv.it\/\",\"name\":\"Blog.Assiv\",\"description\":\"Associazione Italiana Vigilanza e Servizi di Sicurezza\",\"publisher\":{\"@id\":\"https:\/\/blog.assiv.it\/#organization\"},\"potentialAction\":[{\"@type\":\"SearchAction\",\"target\":{\"@type\":\"EntryPoint\",\"urlTemplate\":\"https:\/\/blog.assiv.it\/?s={search_term_string}\"},\"query-input\":{\"@type\":\"PropertyValueSpecification\",\"valueRequired\":true,\"valueName\":\"search_term_string\"}}],\"inLanguage\":\"it-IT\"},{\"@type\":\"Organization\",\"@id\":\"https:\/\/blog.assiv.it\/#organization\",\"name\":\"Blog.Assiv\",\"url\":\"https:\/\/blog.assiv.it\/\",\"logo\":{\"@type\":\"ImageObject\",\"inLanguage\":\"it-IT\",\"@id\":\"https:\/\/blog.assiv.it\/#\/schema\/logo\/image\/\",\"url\":\"https:\/\/blog.assiv.it\/wp-content\/uploads\/2024\/08\/blog_assiv_logg_color.png\",\"contentUrl\":\"https:\/\/blog.assiv.it\/wp-content\/uploads\/2024\/08\/blog_assiv_logg_color.png\",\"width\":400,\"height\":102,\"caption\":\"Blog.Assiv\"},\"image\":{\"@id\":\"https:\/\/blog.assiv.it\/#\/schema\/logo\/image\/\"},\"sameAs\":[\"https:\/\/www.facebook.com\/associazionevigilanza\/\",\"https:\/\/www.linkedin.com\/in\/ass-i-v-vigilanza-e-servizi-fiduciari-6923b6169\/\"]},{\"@type\":\"Person\",\"@id\":\"https:\/\/blog.assiv.it\/#\/schema\/person\/e67e6bfe974265213521b17bcb72f56c\",\"name\":\"Alina Corradini\",\"image\":{\"@type\":\"ImageObject\",\"inLanguage\":\"it-IT\",\"@id\":\"https:\/\/blog.assiv.it\/#\/schema\/person\/image\/\",\"url\":\"https:\/\/secure.gravatar.com\/avatar\/4132aee8f9bd4bdecdebca6030c86e8da29e7fce98ad2ff7f1dcb17155c4ea90?s=96&d=mm&r=g\",\"contentUrl\":\"https:\/\/secure.gravatar.com\/avatar\/4132aee8f9bd4bdecdebca6030c86e8da29e7fce98ad2ff7f1dcb17155c4ea90?s=96&d=mm&r=g\",\"caption\":\"Alina Corradini\"},\"url\":\"https:\/\/blog.assiv.it\/index.php\/author\/alina-corradini\/\"}]}<\/script>\n<!-- \/ Yoast SEO plugin. -->","yoast_head_json":{"title":"Rincari e vigilanza privata: energia e carburanti pesano sulle imprese","description":"Energia e carburanti pesano sulla vigilanza privata. Urbano: servono strumenti di revisione prezzi per garantire sostenibilit\u00e0 e qualit\u00e0 dei servizi.","robots":{"index":"index","follow":"follow","max-snippet":"max-snippet:-1","max-image-preview":"max-image-preview:large","max-video-preview":"max-video-preview:-1"},"canonical":"https:\/\/blog.assiv.it\/index.php\/2026\/09\/01\/rincari-vigilanza-privata-energia-carburanti\/","og_locale":"it_IT","og_type":"article","og_title":"Rincari e vigilanza privata: energia e carburanti pesano sulle imprese","og_description":"Energia e carburanti pesano sulla vigilanza privata. Urbano: servono strumenti di revisione prezzi per garantire sostenibilit\u00e0 e qualit\u00e0 dei servizi.","og_url":"https:\/\/blog.assiv.it\/index.php\/2026\/09\/01\/rincari-vigilanza-privata-energia-carburanti\/","og_site_name":"Blog.Assiv","article_publisher":"https:\/\/www.facebook.com\/associazionevigilanza\/","article_published_time":"2026-09-01T10:40:00+00:00","article_modified_time":"2026-09-01T10:58:03+00:00","og_image":[{"width":801,"height":450,"url":"https:\/\/blog.assiv.it\/wp-content\/uploads\/2026\/09\/072718968-6c4c15b1-0c0a-406f-99dc-a37b273c59d6.webp","type":"image\/webp"}],"author":"Alina Corradini","twitter_card":"summary_large_image","twitter_misc":{"Scritto da":"Alina Corradini","Tempo di lettura stimato":"5 minuti"},"schema":{"@context":"https:\/\/schema.org","@graph":[{"@type":"Article","@id":"https:\/\/blog.assiv.it\/index.php\/2026\/09\/01\/rincari-vigilanza-privata-energia-carburanti\/#article","isPartOf":{"@id":"https:\/\/blog.assiv.it\/index.php\/2026\/09\/01\/rincari-vigilanza-privata-energia-carburanti\/"},"author":{"name":"Alina Corradini","@id":"https:\/\/blog.assiv.it\/#\/schema\/person\/e67e6bfe974265213521b17bcb72f56c"},"headline":"I rincari colpiscono anche il settore della vigilanza privata (Huffington Post)","datePublished":"2026-09-01T10:40:00+00:00","dateModified":"2026-09-01T10:58:03+00:00","mainEntityOfPage":{"@id":"https:\/\/blog.assiv.it\/index.php\/2026\/09\/01\/rincari-vigilanza-privata-energia-carburanti\/"},"wordCount":919,"publisher":{"@id":"https:\/\/blog.assiv.it\/#organization"},"image":{"@id":"https:\/\/blog.assiv.it\/index.php\/2026\/09\/01\/rincari-vigilanza-privata-energia-carburanti\/#primaryimage"},"thumbnailUrl":"https:\/\/blog.assiv.it\/wp-content\/uploads\/2026\/09\/072718968-6c4c15b1-0c0a-406f-99dc-a37b273c59d6.webp","keywords":["appalti pubblici","ASSIV","carburanti","caro energia","costi energetici","Maria Cristina Urbano","revisione prezzi","servizi di sicurezza","Sicurezza privata","sostenibilit\u00e0 economica","vigilanza privata"],"articleSection":["Policy"],"inLanguage":"it-IT"},{"@type":"WebPage","@id":"https:\/\/blog.assiv.it\/index.php\/2026\/09\/01\/rincari-vigilanza-privata-energia-carburanti\/","url":"https:\/\/blog.assiv.it\/index.php\/2026\/09\/01\/rincari-vigilanza-privata-energia-carburanti\/","name":"Rincari e vigilanza privata: energia e carburanti pesano sulle imprese","isPartOf":{"@id":"https:\/\/blog.assiv.it\/#website"},"primaryImageOfPage":{"@id":"https:\/\/blog.assiv.it\/index.php\/2026\/09\/01\/rincari-vigilanza-privata-energia-carburanti\/#primaryimage"},"image":{"@id":"https:\/\/blog.assiv.it\/index.php\/2026\/09\/01\/rincari-vigilanza-privata-energia-carburanti\/#primaryimage"},"thumbnailUrl":"https:\/\/blog.assiv.it\/wp-content\/uploads\/2026\/09\/072718968-6c4c15b1-0c0a-406f-99dc-a37b273c59d6.webp","datePublished":"2026-09-01T10:40:00+00:00","dateModified":"2026-09-01T10:58:03+00:00","description":"Energia e carburanti pesano sulla vigilanza privata. Urbano: servono strumenti di revisione prezzi per garantire sostenibilit\u00e0 e qualit\u00e0 dei servizi.","breadcrumb":{"@id":"https:\/\/blog.assiv.it\/index.php\/2026\/09\/01\/rincari-vigilanza-privata-energia-carburanti\/#breadcrumb"},"inLanguage":"it-IT","potentialAction":[{"@type":"ReadAction","target":["https:\/\/blog.assiv.it\/index.php\/2026\/09\/01\/rincari-vigilanza-privata-energia-carburanti\/"]}]},{"@type":"ImageObject","inLanguage":"it-IT","@id":"https:\/\/blog.assiv.it\/index.php\/2026\/09\/01\/rincari-vigilanza-privata-energia-carburanti\/#primaryimage","url":"https:\/\/blog.assiv.it\/wp-content\/uploads\/2026\/09\/072718968-6c4c15b1-0c0a-406f-99dc-a37b273c59d6.webp","contentUrl":"https:\/\/blog.assiv.it\/wp-content\/uploads\/2026\/09\/072718968-6c4c15b1-0c0a-406f-99dc-a37b273c59d6.webp","width":801,"height":450},{"@type":"BreadcrumbList","@id":"https:\/\/blog.assiv.it\/index.php\/2026\/09\/01\/rincari-vigilanza-privata-energia-carburanti\/#breadcrumb","itemListElement":[{"@type":"ListItem","position":1,"name":"Home","item":"https:\/\/blog.assiv.it\/"},{"@type":"ListItem","position":2,"name":"I rincari colpiscono anche il settore della vigilanza privata (Huffington Post)"}]},{"@type":"WebSite","@id":"https:\/\/blog.assiv.it\/#website","url":"https:\/\/blog.assiv.it\/","name":"Blog.Assiv","description":"Associazione Italiana Vigilanza e Servizi di Sicurezza","publisher":{"@id":"https:\/\/blog.assiv.it\/#organization"},"potentialAction":[{"@type":"SearchAction","target":{"@type":"EntryPoint","urlTemplate":"https:\/\/blog.assiv.it\/?s={search_term_string}"},"query-input":{"@type":"PropertyValueSpecification","valueRequired":true,"valueName":"search_term_string"}}],"inLanguage":"it-IT"},{"@type":"Organization","@id":"https:\/\/blog.assiv.it\/#organization","name":"Blog.Assiv","url":"https:\/\/blog.assiv.it\/","logo":{"@type":"ImageObject","inLanguage":"it-IT","@id":"https:\/\/blog.assiv.it\/#\/schema\/logo\/image\/","url":"https:\/\/blog.assiv.it\/wp-content\/uploads\/2024\/08\/blog_assiv_logg_color.png","contentUrl":"https:\/\/blog.assiv.it\/wp-content\/uploads\/2024\/08\/blog_assiv_logg_color.png","width":400,"height":102,"caption":"Blog.Assiv"},"image":{"@id":"https:\/\/blog.assiv.it\/#\/schema\/logo\/image\/"},"sameAs":["https:\/\/www.facebook.com\/associazionevigilanza\/","https:\/\/www.linkedin.com\/in\/ass-i-v-vigilanza-e-servizi-fiduciari-6923b6169\/"]},{"@type":"Person","@id":"https:\/\/blog.assiv.it\/#\/schema\/person\/e67e6bfe974265213521b17bcb72f56c","name":"Alina Corradini","image":{"@type":"ImageObject","inLanguage":"it-IT","@id":"https:\/\/blog.assiv.it\/#\/schema\/person\/image\/","url":"https:\/\/secure.gravatar.com\/avatar\/4132aee8f9bd4bdecdebca6030c86e8da29e7fce98ad2ff7f1dcb17155c4ea90?s=96&d=mm&r=g","contentUrl":"https:\/\/secure.gravatar.com\/avatar\/4132aee8f9bd4bdecdebca6030c86e8da29e7fce98ad2ff7f1dcb17155c4ea90?s=96&d=mm&r=g","caption":"Alina Corradini"},"url":"https:\/\/blog.assiv.it\/index.php\/author\/alina-corradini\/"}]}},"amp_enabled":true,"_links":{"self":[{"href":"https:\/\/blog.assiv.it\/index.php\/wp-json\/wp\/v2\/posts\/22532","targetHints":{"allow":["GET"]}}],"collection":[{"href":"https:\/\/blog.assiv.it\/index.php\/wp-json\/wp\/v2\/posts"}],"about":[{"href":"https:\/\/blog.assiv.it\/index.php\/wp-json\/wp\/v2\/types\/post"}],"author":[{"embeddable":true,"href":"https:\/\/blog.assiv.it\/index.php\/wp-json\/wp\/v2\/users\/2"}],"replies":[{"embeddable":true,"href":"https:\/\/blog.assiv.it\/index.php\/wp-json\/wp\/v2\/comments?post=22532"}],"version-history":[{"count":2,"href":"https:\/\/blog.assiv.it\/index.php\/wp-json\/wp\/v2\/posts\/22532\/revisions"}],"predecessor-version":[{"id":22537,"href":"https:\/\/blog.assiv.it\/index.php\/wp-json\/wp\/v2\/posts\/22532\/revisions\/22537"}],"wp:featuredmedia":[{"embeddable":true,"href":"https:\/\/blog.assiv.it\/index.php\/wp-json\/wp\/v2\/media\/22534"}],"wp:attachment":[{"href":"https:\/\/blog.assiv.it\/index.php\/wp-json\/wp\/v2\/media?parent=22532"}],"wp:term":[{"taxonomy":"category","embeddable":true,"href":"https:\/\/blog.assiv.it\/index.php\/wp-json\/wp\/v2\/categories?post=22532"},{"taxonomy":"post_tag","embeddable":true,"href":"https:\/\/blog.assiv.it\/index.php\/wp-json\/wp\/v2\/tags?post=22532"}],"curies":[{"name":"wp","href":"https:\/\/api.w.org\/{rel}","templated":true}]}}