{"id":22538,"date":"2026-09-04T10:58:56","date_gmt":"2026-09-04T08:58:56","guid":{"rendered":"https:\/\/blog.assiv.it\/?p=22538"},"modified":"2026-09-04T10:58:59","modified_gmt":"2026-09-04T08:58:59","slug":"vigilanza-privata-napoli-sicurezza-integrata","status":"publish","type":"post","link":"https:\/\/blog.assiv.it\/index.php\/2026\/09\/04\/vigilanza-privata-napoli-sicurezza-integrata\/","title":{"rendered":"Napoli, le grida nella notte e l\u2019intervento delle guardie giurate: quando la sicurezza privata fa la differenza"},"content":{"rendered":"\n<p class=\"wp-block-paragraph\">Le grida di una donna, l\u2019intervento immediato delle guardie giurate e il fermo del presunto aggressore. \u00c8 quanto accaduto nella notte al Centro Direzionale di Napoli, dove un grave episodio di violenza ha mostrato concretamente il valore di una presenza qualificata sul territorio.<\/p>\n\n\n\n<p class=\"wp-block-paragraph\">Secondo quanto riportato da <strong><a href=\"https:\/\/Fanpage.it\">Fanpage.it<\/a><\/strong>, una pattuglia della vigilanza privata, impegnata nel controllo notturno dell\u2019area, ha udito le richieste di aiuto della donna ed \u00e8 intervenuta. Alla vista degli operatori, l\u2019uomo ha tentato di fuggire attraverso i sottopassi del Centro Direzionale, ma \u00e8 stato raggiunto e bloccato. Successivamente \u00e8 stato consegnato alla Polizia, mentre la donna \u00e8 stata affidata ai sanitari.<\/p>\n\n\n\n<p class=\"wp-block-paragraph\">L\u2019episodio assume un significato particolare anche alla luce della riunione del Comitato provinciale per l\u2019ordine e la sicurezza pubblica convocata dal Prefetto di Napoli Michele di Bari. Tra le misure indicate per rafforzare la sicurezza dell\u2019area figurano il potenziamento della videosorveglianza e una maggiore sinergia con la vigilanza privata.<\/p>\n\n\n\n<p class=\"wp-block-paragraph\">\u00c8 un tema sul quale ASSIV richiama da tempo l\u2019attenzione.<\/p>\n\n\n\n<p class=\"wp-block-paragraph\">La vigilanza privata non sostituisce le Forze dell\u2019ordine, ma pu\u00f2 rappresentare un importante presidio sul territorio. La presenza quotidiana delle Guardie Particolari Giurate in infrastrutture, aziende, stazioni, ospedali e grandi complessi urbani consente di intercettare situazioni di rischio e attivare tempestivamente le autorit\u00e0 competenti.<\/p>\n\n\n\n<p class=\"wp-block-paragraph\">Quanto accaduto a Napoli ne \u00e8 un esempio concreto: <strong>la sicurezza integrata nasce dalla collaborazione tra pubblico e privato e dalla capacit\u00e0 di mettere a sistema presenze, professionalit\u00e0 e tecnologie al servizio della sicurezza collettiva.<\/strong><\/p>\n\n\n\n<p class=\"wp-block-paragraph\"><strong>Fonte:<\/strong> <a href=\"https:\/\/www.fanpage.it\/napoli\/donna-violentata-di-notte-al-centro-direzionale-laggressore-bloccato-dalla-vigilanza-privata\/\">Fanpage.it \u2013 \u201cDonna violentata di notte al Centro Direzionale, l\u2019aggressore bloccato dalla vigilanza privata\u201d<\/a><\/p>\n","protected":false},"excerpt":{"rendered":"<p>Le grida di una donna, l\u2019intervento immediato delle guardie giurate e il fermo del presunto aggressore. \u00c8 quanto accaduto nella notte al Centro Direzionale di Napoli, dove un grave episodio di violenza ha mostrato concretamente il valore di una presenza qualificata sul territorio. Secondo quanto riportato da Fanpage.it, una pattuglia della vigilanza privata, impegnata nel<\/p>\n","protected":false},"author":2,"featured_media":22540,"comment_status":"closed","ping_status":"closed","sticky":false,"template":"","format":"standard","meta":{"footnotes":""},"categories":[218],"tags":[159,2516,1200,169,108,463,2515,2269,1399,354,1400,111,112,125],"class_list":["post-22538","post","type-post","status-publish","format-standard","has-post-thumbnail","category-sicurezza","tag-assiv","tag-centro-direzionale-napoli","tag-forze-dellordine","tag-gpg","tag-guardie-giurate","tag-guardie-particolari-giurate","tag-napoli","tag-partenariato-pubblico-privato","tag-presidio-del-territorio","tag-prevenzione","tag-sicurezza-integrata","tag-sicurezza-privata","tag-sicurezza-urbana","tag-vigilanza-privata"],"yoast_head":"<!-- This site is optimized with the Yoast SEO plugin v26.0 - https:\/\/yoast.com\/wordpress\/plugins\/seo\/ -->\n<title>Napoli, vigilanza privata e sicurezza integrata: l\u2019intervento delle guardie giurate<\/title>\n<meta name=\"description\" content=\"Al Centro Direzionale di Napoli l\u2019intervento delle guardie giurate ha contribuito a fermare un presunto aggressore. Un caso concreto di sicurezza integrata\" \/>\n<meta name=\"robots\" content=\"index, follow, max-snippet:-1, max-image-preview:large, max-video-preview:-1\" \/>\n<link rel=\"canonical\" href=\"https:\/\/blog.assiv.it\/index.php\/2026\/09\/04\/vigilanza-privata-napoli-sicurezza-integrata\/\" \/>\n<meta property=\"og:locale\" content=\"it_IT\" \/>\n<meta property=\"og:type\" content=\"article\" \/>\n<meta property=\"og:title\" content=\"Napoli, vigilanza privata e sicurezza integrata: l\u2019intervento delle guardie giurate\" \/>\n<meta property=\"og:description\" content=\"Al Centro Direzionale di Napoli l\u2019intervento delle guardie giurate ha contribuito a fermare un presunto aggressore. Un caso concreto di sicurezza integrata\" \/>\n<meta property=\"og:url\" content=\"https:\/\/blog.assiv.it\/index.php\/2026\/09\/04\/vigilanza-privata-napoli-sicurezza-integrata\/\" \/>\n<meta property=\"og:site_name\" content=\"Blog.Assiv\" \/>\n<meta property=\"article:publisher\" content=\"https:\/\/www.facebook.com\/associazionevigilanza\/\" \/>\n<meta property=\"article:published_time\" content=\"2026-09-04T08:58:56+00:00\" \/>\n<meta property=\"article:modified_time\" content=\"2026-09-04T08:58:59+00:00\" \/>\n<meta property=\"og:image\" content=\"https:\/\/blog.assiv.it\/wp-content\/uploads\/2026\/09\/Vigilanza-centro-direzionale-di-Napoli.png\" \/>\n\t<meta property=\"og:image:width\" content=\"1672\" \/>\n\t<meta property=\"og:image:height\" content=\"941\" \/>\n\t<meta property=\"og:image:type\" content=\"image\/png\" \/>\n<meta name=\"author\" content=\"Alina Corradini\" \/>\n<meta name=\"twitter:card\" content=\"summary_large_image\" \/>\n<meta name=\"twitter:label1\" content=\"Scritto da\" \/>\n\t<meta name=\"twitter:data1\" content=\"Alina Corradini\" \/>\n\t<meta name=\"twitter:label2\" content=\"Tempo di lettura stimato\" \/>\n\t<meta name=\"twitter:data2\" content=\"2 minuti\" \/>\n<script type=\"application\/ld+json\" class=\"yoast-schema-graph\">{\"@context\":\"https:\/\/schema.org\",\"@graph\":[{\"@type\":\"Article\",\"@id\":\"https:\/\/blog.assiv.it\/index.php\/2026\/09\/04\/vigilanza-privata-napoli-sicurezza-integrata\/#article\",\"isPartOf\":{\"@id\":\"https:\/\/blog.assiv.it\/index.php\/2026\/09\/04\/vigilanza-privata-napoli-sicurezza-integrata\/\"},\"author\":{\"name\":\"Alina Corradini\",\"@id\":\"https:\/\/blog.assiv.it\/#\/schema\/person\/e67e6bfe974265213521b17bcb72f56c\"},\"headline\":\"Napoli, le grida nella notte e l\u2019intervento delle guardie giurate: quando la sicurezza privata fa la differenza\",\"datePublished\":\"2026-09-04T08:58:56+00:00\",\"dateModified\":\"2026-09-04T08:58:59+00:00\",\"mainEntityOfPage\":{\"@id\":\"https:\/\/blog.assiv.it\/index.php\/2026\/09\/04\/vigilanza-privata-napoli-sicurezza-integrata\/\"},\"wordCount\":278,\"publisher\":{\"@id\":\"https:\/\/blog.assiv.it\/#organization\"},\"image\":{\"@id\":\"https:\/\/blog.assiv.it\/index.php\/2026\/09\/04\/vigilanza-privata-napoli-sicurezza-integrata\/#primaryimage\"},\"thumbnailUrl\":\"https:\/\/blog.assiv.it\/wp-content\/uploads\/2026\/09\/Vigilanza-centro-direzionale-di-Napoli.png\",\"keywords\":[\"ASSIV\",\"Centro Direzionale Napoli\",\"Forze dell\u2019Ordine\",\"GPG\",\"guardie giurate\",\"guardie particolari giurate\",\"Napoli\",\"partenariato pubblico privato\",\"presidio del territorio\",\"prevenzione\",\"sicurezza integrata\",\"Sicurezza privata\",\"sicurezza urbana\",\"vigilanza privata\"],\"articleSection\":[\"Sicurezza\"],\"inLanguage\":\"it-IT\"},{\"@type\":\"WebPage\",\"@id\":\"https:\/\/blog.assiv.it\/index.php\/2026\/09\/04\/vigilanza-privata-napoli-sicurezza-integrata\/\",\"url\":\"https:\/\/blog.assiv.it\/index.php\/2026\/09\/04\/vigilanza-privata-napoli-sicurezza-integrata\/\",\"name\":\"Napoli, vigilanza privata e sicurezza integrata: l\u2019intervento delle guardie giurate\",\"isPartOf\":{\"@id\":\"https:\/\/blog.assiv.it\/#website\"},\"primaryImageOfPage\":{\"@id\":\"https:\/\/blog.assiv.it\/index.php\/2026\/09\/04\/vigilanza-privata-napoli-sicurezza-integrata\/#primaryimage\"},\"image\":{\"@id\":\"https:\/\/blog.assiv.it\/index.php\/2026\/09\/04\/vigilanza-privata-napoli-sicurezza-integrata\/#primaryimage\"},\"thumbnailUrl\":\"https:\/\/blog.assiv.it\/wp-content\/uploads\/2026\/09\/Vigilanza-centro-direzionale-di-Napoli.png\",\"datePublished\":\"2026-09-04T08:58:56+00:00\",\"dateModified\":\"2026-09-04T08:58:59+00:00\",\"description\":\"Al Centro Direzionale di Napoli l\u2019intervento delle guardie giurate ha contribuito a fermare un presunto aggressore. Un caso concreto di sicurezza integrata\",\"breadcrumb\":{\"@id\":\"https:\/\/blog.assiv.it\/index.php\/2026\/09\/04\/vigilanza-privata-napoli-sicurezza-integrata\/#breadcrumb\"},\"inLanguage\":\"it-IT\",\"potentialAction\":[{\"@type\":\"ReadAction\",\"target\":[\"https:\/\/blog.assiv.it\/index.php\/2026\/09\/04\/vigilanza-privata-napoli-sicurezza-integrata\/\"]}]},{\"@type\":\"ImageObject\",\"inLanguage\":\"it-IT\",\"@id\":\"https:\/\/blog.assiv.it\/index.php\/2026\/09\/04\/vigilanza-privata-napoli-sicurezza-integrata\/#primaryimage\",\"url\":\"https:\/\/blog.assiv.it\/wp-content\/uploads\/2026\/09\/Vigilanza-centro-direzionale-di-Napoli.png\",\"contentUrl\":\"https:\/\/blog.assiv.it\/wp-content\/uploads\/2026\/09\/Vigilanza-centro-direzionale-di-Napoli.png\",\"width\":1672,\"height\":941},{\"@type\":\"BreadcrumbList\",\"@id\":\"https:\/\/blog.assiv.it\/index.php\/2026\/09\/04\/vigilanza-privata-napoli-sicurezza-integrata\/#breadcrumb\",\"itemListElement\":[{\"@type\":\"ListItem\",\"position\":1,\"name\":\"Home\",\"item\":\"https:\/\/blog.assiv.it\/\"},{\"@type\":\"ListItem\",\"position\":2,\"name\":\"Napoli, le grida nella notte e l\u2019intervento delle guardie giurate: quando la sicurezza privata fa la differenza\"}]},{\"@type\":\"WebSite\",\"@id\":\"https:\/\/blog.assiv.it\/#website\",\"url\":\"https:\/\/blog.assiv.it\/\",\"name\":\"Blog.Assiv\",\"description\":\"Associazione Italiana Vigilanza e Servizi di Sicurezza\",\"publisher\":{\"@id\":\"https:\/\/blog.assiv.it\/#organization\"},\"potentialAction\":[{\"@type\":\"SearchAction\",\"target\":{\"@type\":\"EntryPoint\",\"urlTemplate\":\"https:\/\/blog.assiv.it\/?s={search_term_string}\"},\"query-input\":{\"@type\":\"PropertyValueSpecification\",\"valueRequired\":true,\"valueName\":\"search_term_string\"}}],\"inLanguage\":\"it-IT\"},{\"@type\":\"Organization\",\"@id\":\"https:\/\/blog.assiv.it\/#organization\",\"name\":\"Blog.Assiv\",\"url\":\"https:\/\/blog.assiv.it\/\",\"logo\":{\"@type\":\"ImageObject\",\"inLanguage\":\"it-IT\",\"@id\":\"https:\/\/blog.assiv.it\/#\/schema\/logo\/image\/\",\"url\":\"https:\/\/blog.assiv.it\/wp-content\/uploads\/2024\/08\/blog_assiv_logg_color.png\",\"contentUrl\":\"https:\/\/blog.assiv.it\/wp-content\/uploads\/2024\/08\/blog_assiv_logg_color.png\",\"width\":400,\"height\":102,\"caption\":\"Blog.Assiv\"},\"image\":{\"@id\":\"https:\/\/blog.assiv.it\/#\/schema\/logo\/image\/\"},\"sameAs\":[\"https:\/\/www.facebook.com\/associazionevigilanza\/\",\"https:\/\/www.linkedin.com\/in\/ass-i-v-vigilanza-e-servizi-fiduciari-6923b6169\/\"]},{\"@type\":\"Person\",\"@id\":\"https:\/\/blog.assiv.it\/#\/schema\/person\/e67e6bfe974265213521b17bcb72f56c\",\"name\":\"Alina Corradini\",\"image\":{\"@type\":\"ImageObject\",\"inLanguage\":\"it-IT\",\"@id\":\"https:\/\/blog.assiv.it\/#\/schema\/person\/image\/\",\"url\":\"https:\/\/secure.gravatar.com\/avatar\/4132aee8f9bd4bdecdebca6030c86e8da29e7fce98ad2ff7f1dcb17155c4ea90?s=96&d=mm&r=g\",\"contentUrl\":\"https:\/\/secure.gravatar.com\/avatar\/4132aee8f9bd4bdecdebca6030c86e8da29e7fce98ad2ff7f1dcb17155c4ea90?s=96&d=mm&r=g\",\"caption\":\"Alina Corradini\"},\"url\":\"https:\/\/blog.assiv.it\/index.php\/author\/alina-corradini\/\"}]}<\/script>\n<!-- \/ Yoast SEO plugin. -->","yoast_head_json":{"title":"Napoli, vigilanza privata e sicurezza integrata: l\u2019intervento delle guardie giurate","description":"Al Centro Direzionale di Napoli l\u2019intervento delle guardie giurate ha contribuito a fermare un presunto aggressore. Un caso concreto di sicurezza integrata","robots":{"index":"index","follow":"follow","max-snippet":"max-snippet:-1","max-image-preview":"max-image-preview:large","max-video-preview":"max-video-preview:-1"},"canonical":"https:\/\/blog.assiv.it\/index.php\/2026\/09\/04\/vigilanza-privata-napoli-sicurezza-integrata\/","og_locale":"it_IT","og_type":"article","og_title":"Napoli, vigilanza privata e sicurezza integrata: l\u2019intervento delle guardie giurate","og_description":"Al Centro Direzionale di Napoli l\u2019intervento delle guardie giurate ha contribuito a fermare un presunto aggressore. Un caso concreto di sicurezza integrata","og_url":"https:\/\/blog.assiv.it\/index.php\/2026\/09\/04\/vigilanza-privata-napoli-sicurezza-integrata\/","og_site_name":"Blog.Assiv","article_publisher":"https:\/\/www.facebook.com\/associazionevigilanza\/","article_published_time":"2026-09-04T08:58:56+00:00","article_modified_time":"2026-09-04T08:58:59+00:00","og_image":[{"width":1672,"height":941,"url":"https:\/\/blog.assiv.it\/wp-content\/uploads\/2026\/09\/Vigilanza-centro-direzionale-di-Napoli.png","type":"image\/png"}],"author":"Alina Corradini","twitter_card":"summary_large_image","twitter_misc":{"Scritto da":"Alina Corradini","Tempo di lettura stimato":"2 minuti"},"schema":{"@context":"https:\/\/schema.org","@graph":[{"@type":"Article","@id":"https:\/\/blog.assiv.it\/index.php\/2026\/09\/04\/vigilanza-privata-napoli-sicurezza-integrata\/#article","isPartOf":{"@id":"https:\/\/blog.assiv.it\/index.php\/2026\/09\/04\/vigilanza-privata-napoli-sicurezza-integrata\/"},"author":{"name":"Alina Corradini","@id":"https:\/\/blog.assiv.it\/#\/schema\/person\/e67e6bfe974265213521b17bcb72f56c"},"headline":"Napoli, le grida nella notte e l\u2019intervento delle guardie giurate: quando la sicurezza privata fa la differenza","datePublished":"2026-09-04T08:58:56+00:00","dateModified":"2026-09-04T08:58:59+00:00","mainEntityOfPage":{"@id":"https:\/\/blog.assiv.it\/index.php\/2026\/09\/04\/vigilanza-privata-napoli-sicurezza-integrata\/"},"wordCount":278,"publisher":{"@id":"https:\/\/blog.assiv.it\/#organization"},"image":{"@id":"https:\/\/blog.assiv.it\/index.php\/2026\/09\/04\/vigilanza-privata-napoli-sicurezza-integrata\/#primaryimage"},"thumbnailUrl":"https:\/\/blog.assiv.it\/wp-content\/uploads\/2026\/09\/Vigilanza-centro-direzionale-di-Napoli.png","keywords":["ASSIV","Centro Direzionale Napoli","Forze dell\u2019Ordine","GPG","guardie giurate","guardie particolari giurate","Napoli","partenariato pubblico privato","presidio del territorio","prevenzione","sicurezza integrata","Sicurezza privata","sicurezza urbana","vigilanza privata"],"articleSection":["Sicurezza"],"inLanguage":"it-IT"},{"@type":"WebPage","@id":"https:\/\/blog.assiv.it\/index.php\/2026\/09\/04\/vigilanza-privata-napoli-sicurezza-integrata\/","url":"https:\/\/blog.assiv.it\/index.php\/2026\/09\/04\/vigilanza-privata-napoli-sicurezza-integrata\/","name":"Napoli, vigilanza privata e sicurezza integrata: l\u2019intervento delle guardie giurate","isPartOf":{"@id":"https:\/\/blog.assiv.it\/#website"},"primaryImageOfPage":{"@id":"https:\/\/blog.assiv.it\/index.php\/2026\/09\/04\/vigilanza-privata-napoli-sicurezza-integrata\/#primaryimage"},"image":{"@id":"https:\/\/blog.assiv.it\/index.php\/2026\/09\/04\/vigilanza-privata-napoli-sicurezza-integrata\/#primaryimage"},"thumbnailUrl":"https:\/\/blog.assiv.it\/wp-content\/uploads\/2026\/09\/Vigilanza-centro-direzionale-di-Napoli.png","datePublished":"2026-09-04T08:58:56+00:00","dateModified":"2026-09-04T08:58:59+00:00","description":"Al Centro Direzionale di Napoli l\u2019intervento delle guardie giurate ha contribuito a fermare un presunto aggressore. Un caso concreto di sicurezza integrata","breadcrumb":{"@id":"https:\/\/blog.assiv.it\/index.php\/2026\/09\/04\/vigilanza-privata-napoli-sicurezza-integrata\/#breadcrumb"},"inLanguage":"it-IT","potentialAction":[{"@type":"ReadAction","target":["https:\/\/blog.assiv.it\/index.php\/2026\/09\/04\/vigilanza-privata-napoli-sicurezza-integrata\/"]}]},{"@type":"ImageObject","inLanguage":"it-IT","@id":"https:\/\/blog.assiv.it\/index.php\/2026\/09\/04\/vigilanza-privata-napoli-sicurezza-integrata\/#primaryimage","url":"https:\/\/blog.assiv.it\/wp-content\/uploads\/2026\/09\/Vigilanza-centro-direzionale-di-Napoli.png","contentUrl":"https:\/\/blog.assiv.it\/wp-content\/uploads\/2026\/09\/Vigilanza-centro-direzionale-di-Napoli.png","width":1672,"height":941},{"@type":"BreadcrumbList","@id":"https:\/\/blog.assiv.it\/index.php\/2026\/09\/04\/vigilanza-privata-napoli-sicurezza-integrata\/#breadcrumb","itemListElement":[{"@type":"ListItem","position":1,"name":"Home","item":"https:\/\/blog.assiv.it\/"},{"@type":"ListItem","position":2,"name":"Napoli, le grida nella notte e l\u2019intervento delle guardie giurate: quando la sicurezza privata fa la differenza"}]},{"@type":"WebSite","@id":"https:\/\/blog.assiv.it\/#website","url":"https:\/\/blog.assiv.it\/","name":"Blog.Assiv","description":"Associazione Italiana Vigilanza e Servizi di Sicurezza","publisher":{"@id":"https:\/\/blog.assiv.it\/#organization"},"potentialAction":[{"@type":"SearchAction","target":{"@type":"EntryPoint","urlTemplate":"https:\/\/blog.assiv.it\/?s={search_term_string}"},"query-input":{"@type":"PropertyValueSpecification","valueRequired":true,"valueName":"search_term_string"}}],"inLanguage":"it-IT"},{"@type":"Organization","@id":"https:\/\/blog.assiv.it\/#organization","name":"Blog.Assiv","url":"https:\/\/blog.assiv.it\/","logo":{"@type":"ImageObject","inLanguage":"it-IT","@id":"https:\/\/blog.assiv.it\/#\/schema\/logo\/image\/","url":"https:\/\/blog.assiv.it\/wp-content\/uploads\/2024\/08\/blog_assiv_logg_color.png","contentUrl":"https:\/\/blog.assiv.it\/wp-content\/uploads\/2024\/08\/blog_assiv_logg_color.png","width":400,"height":102,"caption":"Blog.Assiv"},"image":{"@id":"https:\/\/blog.assiv.it\/#\/schema\/logo\/image\/"},"sameAs":["https:\/\/www.facebook.com\/associazionevigilanza\/","https:\/\/www.linkedin.com\/in\/ass-i-v-vigilanza-e-servizi-fiduciari-6923b6169\/"]},{"@type":"Person","@id":"https:\/\/blog.assiv.it\/#\/schema\/person\/e67e6bfe974265213521b17bcb72f56c","name":"Alina Corradini","image":{"@type":"ImageObject","inLanguage":"it-IT","@id":"https:\/\/blog.assiv.it\/#\/schema\/person\/image\/","url":"https:\/\/secure.gravatar.com\/avatar\/4132aee8f9bd4bdecdebca6030c86e8da29e7fce98ad2ff7f1dcb17155c4ea90?s=96&d=mm&r=g","contentUrl":"https:\/\/secure.gravatar.com\/avatar\/4132aee8f9bd4bdecdebca6030c86e8da29e7fce98ad2ff7f1dcb17155c4ea90?s=96&d=mm&r=g","caption":"Alina Corradini"},"url":"https:\/\/blog.assiv.it\/index.php\/author\/alina-corradini\/"}]}},"amp_enabled":true,"_links":{"self":[{"href":"https:\/\/blog.assiv.it\/index.php\/wp-json\/wp\/v2\/posts\/22538","targetHints":{"allow":["GET"]}}],"collection":[{"href":"https:\/\/blog.assiv.it\/index.php\/wp-json\/wp\/v2\/posts"}],"about":[{"href":"https:\/\/blog.assiv.it\/index.php\/wp-json\/wp\/v2\/types\/post"}],"author":[{"embeddable":true,"href":"https:\/\/blog.assiv.it\/index.php\/wp-json\/wp\/v2\/users\/2"}],"replies":[{"embeddable":true,"href":"https:\/\/blog.assiv.it\/index.php\/wp-json\/wp\/v2\/comments?post=22538"}],"version-history":[{"count":1,"href":"https:\/\/blog.assiv.it\/index.php\/wp-json\/wp\/v2\/posts\/22538\/revisions"}],"predecessor-version":[{"id":22541,"href":"https:\/\/blog.assiv.it\/index.php\/wp-json\/wp\/v2\/posts\/22538\/revisions\/22541"}],"wp:featuredmedia":[{"embeddable":true,"href":"https:\/\/blog.assiv.it\/index.php\/wp-json\/wp\/v2\/media\/22540"}],"wp:attachment":[{"href":"https:\/\/blog.assiv.it\/index.php\/wp-json\/wp\/v2\/media?parent=22538"}],"wp:term":[{"taxonomy":"category","embeddable":true,"href":"https:\/\/blog.assiv.it\/index.php\/wp-json\/wp\/v2\/categories?post=22538"},{"taxonomy":"post_tag","embeddable":true,"href":"https:\/\/blog.assiv.it\/index.php\/wp-json\/wp\/v2\/tags?post=22538"}],"curies":[{"name":"wp","href":"https:\/\/api.w.org\/{rel}","templated":true}]}}